{"id":660612,"date":"2026-09-01T18:31:17","date_gmt":"2026-09-01T18:31:17","guid":{"rendered":"https:\/\/www.europesays.com\/pl\/660612\/"},"modified":"2026-09-01T18:31:17","modified_gmt":"2026-09-01T18:31:17","slug":"rozne-punkty-slyszenia-rozmawiamy-o-lex-szarlatan","status":"publish","type":"post","link":"https:\/\/www.europesays.com\/pl\/660612\/","title":{"rendered":"R\u00f3\u017cne punkty s\u0142yszenia: Rozmawiamy o Lex Szarlatan"},"content":{"rendered":"\n<p>                <a target=\"_blank\" href=\"http:\/\/www.wykop.pl\/dodaj\/link\/?url=https%3A%2F%2Fwww.radiowroclaw.pl%2Farticles%2Fview%2F163566%2FRozne-punkty-slyszenia-Rozmawiamy-o-Lex-Szarlatan&amp;title=R%C3%B3%C5%BCne+punkty+s%C5%82yszenia%3A+Rozmawiamy+o+Lex+Szarlatan&amp;desc=Nowelizacja+ustawy+o+prawach+pacjenta+potocznie+nazywanej+lex+szarlatan+przepad%C5%82a+w+politycznych+gabinetach.+Mia%C5%82a+chroni%C4%87+pacjent%C3%B3w+przed+oszustami+wykorzystuj%C4%85cymi+l%C4%99k+chorych+szukaj%C4%85cych+pomocy.+Ale+p%C3%B3ki+co+nie+zadzia%C5%82a.\" rel=\"nofollow noopener\"><img decoding=\"async\" alt=\"Dodaj do Wykop.pl\" src=\"http:\/\/www.radiowroclaw.pl\/nlayout\/layout\/wykop-social.svg\"\/><\/a><\/p>\n<p>    <img decoding=\"async\" src=\"https:\/\/www.europesays.com\/pl\/wp-content\/uploads\/2026\/09\/KqF6rJA4lo.jpg\" class=\"w-100\" alt=\"R\u00f3\u017cne punkty s\u0142yszenia: Rozmawiamy o Lex Szarlatan - R\u00f3\u017cne punkty s\u0142yszenia w Radiu Wroc\u0142aw. Od poniedzia\u0142ku do pi\u0105tku, po godzinie 20:00.\"\/>R\u00f3\u017cne punkty s\u0142yszenia w Radiu Wroc\u0142aw. Od poniedzia\u0142ku do pi\u0105tku, po godzinie 20:00.<\/p>\n<p>Fot: Rados\u0142aw Bugajski<\/p>\n<p>Nowelizacja ustawy o prawach pacjenta potocznie nazywanej lex szarlatan przepad\u0142a w politycznych gabinetach. Mia\u0142a chroni\u0107 pacjent\u00f3w przed oszustami wykorzystuj\u0105cymi l\u0119k chorych szukaj\u0105cych pomocy. Ale p\u00f3ki co nie zadzia\u0142a.<\/p>\n<p style=\"text-align: justify;\">Jak w tej sytuacji mog\u0105 chroni\u0107 si\u0119 pacjenci? Uniwersytet Medyczny we Wroc\u0142awiu przygotowa\u0142 raport o dezinformacji medycznej &#8211; o tym jak odr\u00f3\u017cni\u0107 rzetelnie informacje od pseudonaukowych porad, kt\u00f3re mog\u0105 by\u0107 \u015bmiertelnie gro\u017ane &#8211; b\u0119dziemy rozmawiali w programie R\u00f3\u017cne punkty s\u0142yszenia\u00a0od godz. 20:05. Zaproszenie do studia przyj\u0119li:\u00a0<\/p>\n<p>&#13;<br \/>\npsychoonkolog dr Agata Ko\u0142odzieczyk &#8211; Dolno\u015bl\u0105skie Centrum Onkologii Pulmonologii i Hematologii we Wroc\u0142awiu&#13;<br \/>\ndr Ireneusz Pawlak &#8211; zast\u0119pca dyrektora ds. lecznictwa,\u00a0Dolno\u015bl\u0105skie Centrum Onkologii Pulmonologii i Hematologii we Wroc\u0142awiu&#13;<br \/>\ndyrektor generalna UNIMed Dominika Szachniewicz, Uniwersytet Medyczny we Wroc\u0142awiu&#13;<br \/>\nDorota Sikora badaczka dezinformacji, specjalistka ds. komunikacji naukowej&#13;<\/p>\n<p>        <a name=\"Comments\"\/><br \/>\n    \ufeff<\/p>\n<p>\t\t\t\t<a name=\"Comments\"\/><\/p>\n<p>\t\t\t\t\tDodaj\u0105c komentarz do artyku\u0142u akceptujesz<br \/>\n\t\t\t\t\t<a class=\"fw-bold\" href=\"http:\/\/www.radiowroclaw.pl\/articles\/view\/97405\" title=\"regulamin strony\" rel=\"nofollow noopener\" target=\"_blank\">regulamin strony<\/a>.<br \/>\n\t\t\t\t\tRadio Wroc\u0142aw nie odpowiada za tre\u015b\u0107 komentarzy.<\/p>\n","protected":false},"excerpt":{"rendered":"R\u00f3\u017cne punkty s\u0142yszenia w Radiu Wroc\u0142aw. Od poniedzia\u0142ku do pi\u0105tku, po godzinie 20:00. Fot: Rados\u0142aw Bugajski Nowelizacja ustawy&hellip;\n","protected":false},"author":2,"featured_media":660613,"comment_status":"","ping_status":"","sticky":false,"template":"","format":"standard","meta":{"footnotes":"","_share_on_mastodon":"0"},"categories":[51607],"tags":[128484,53536,42,38,40,39,41,34838,58286,56961,56962,9402,1853],"class_list":["post-660612","post","type-post","status-publish","format-standard","has-post-thumbnail","category-wroclaw","tag-lex","tag-o","tag-pl","tag-poland","tag-polish","tag-polska","tag-polski","tag-punkty","tag-rozmawiamy","tag-rozne","tag-slyszenia","tag-szarlatan","tag-wroclaw"],"share_on_mastodon":{"url":"https:\/\/pubeurope.com\/@pl\/117197216351404246","error":""},"_links":{"self":[{"href":"https:\/\/www.europesays.com\/pl\/wp-json\/wp\/v2\/posts\/660612","targetHints":{"allow":["GET"]}}],"collection":[{"href":"https:\/\/www.europesays.com\/pl\/wp-json\/wp\/v2\/posts"}],"about":[{"href":"https:\/\/www.europesays.com\/pl\/wp-json\/wp\/v2\/types\/post"}],"author":[{"embeddable":true,"href":"https:\/\/www.europesays.com\/pl\/wp-json\/wp\/v2\/users\/2"}],"replies":[{"embeddable":true,"href":"https:\/\/www.europesays.com\/pl\/wp-json\/wp\/v2\/comments?post=660612"}],"version-history":[{"count":0,"href":"https:\/\/www.europesays.com\/pl\/wp-json\/wp\/v2\/posts\/660612\/revisions"}],"wp:featuredmedia":[{"embeddable":true,"href":"https:\/\/www.europesays.com\/pl\/wp-json\/wp\/v2\/media\/660613"}],"wp:attachment":[{"href":"https:\/\/www.europesays.com\/pl\/wp-json\/wp\/v2\/media?parent=660612"}],"wp:term":[{"taxonomy":"category","embeddable":true,"href":"https:\/\/www.europesays.com\/pl\/wp-json\/wp\/v2\/categories?post=660612"},{"taxonomy":"post_tag","embeddable":true,"href":"https:\/\/www.europesays.com\/pl\/wp-json\/wp\/v2\/tags?post=660612"}],"curies":[{"name":"wp","href":"https:\/\/api.w.org\/{rel}","templated":true}]}}