{"id":660638,"date":"2026-09-01T18:44:16","date_gmt":"2026-09-01T18:44:16","guid":{"rendered":"https:\/\/www.europesays.com\/pl\/660638\/"},"modified":"2026-09-01T18:44:16","modified_gmt":"2026-09-01T18:44:16","slug":"rosja-stoi-za-incydentem-w-lipsku-tusk-zapowiada-odpowiedz-polski","status":"publish","type":"post","link":"https:\/\/www.europesays.com\/pl\/660638\/","title":{"rendered":"Rosja stoi za incydentem w Lipsku. Tusk zapowiada odpowied\u017a Polski"},"content":{"rendered":"\n<p>&#13;<br \/>\n\u2013 Od\u00a0d\u0142u\u017cszego czasu nasze s\u0142u\u017cby bezpiecze\u0144stwa obserwuj\u0105 hybrydowe akcje w\u00a0Niemczech i\u00a0europejskim s\u0105siedztwie. Te\u00a0akcje skierowane s\u0105 przeciwko infrastrukturze krytycznej, firmom zbrojeniowym i\u00a0wspieraniu Ukrainy. Ustalenia naszych s\u0142u\u017cb i\u00a0s\u0142u\u017cb kraj\u00f3w partnerskich wskazuj\u0105 jasno na\u00a0rosyjski udzia\u0142 w\u00a0planowanych, przeprowadzonych i\u00a0udaremnionych akcjach \u2013\u00a0og\u0142osi\u0142 minister spraw wewn\u0119trznych Niemiec Alexander Dobrindt na\u00a0wsp\u00f3lnej konferencji prasowej z\u00a0ministrem spraw zagranicznych tego kraju Johannem Wadephulem w\u00a0Berlinie. &#13;\n<\/p>\n<p>&#13;<br \/>\nSzef niemieckiej dyplomacji o\u015bwiadczy\u0142 z\u00a0kolei, \u017ce\u00a0w\u00a0ramach odpowiedzi zamkni\u0119ty zostanie konsulat rosyjski w\u00a0Bonn, a\u00a0tak\u017ce Rosyjski Dom, b\u0119d\u0105cy o\u015brodkiem promuj\u0105cym rosyjsk\u0105 kultur\u0119, kt\u00f3ry ma\u00a0swoj\u0105 siedzib\u0119 w\u00a0centrum Berlina. &#13;\n<\/p>\n<p>Tusk: Nasza odpowied\u017a b\u0119dzie kontynuacj\u0105 wsparcia dla\u00a0Ukrainy<\/p>\n<p>&#13;<br \/>\nDo sytuacji odni\u00f3s\u0142 si\u0119 w\u00a0mediach spo\u0142eczno\u015bciowych premier Donald Tusk. &#13;\n<\/p>\n<p>&#13;<br \/>\n&#8222;Polska, kraje ba\u0142tyckie, Rumunia, a\u00a0teraz Niemcy. Rosja eskaluje napi\u0119cia w\u00a0ca\u0142ym regionie. Nie\u00a0damy si\u0119 zastraszy\u0107, a\u00a0nasza odpowied\u017a b\u0119dzie kontynuacj\u0105 wsparcia dla\u00a0Ukrainy i\u00a0pe\u0142n\u0105 koordynacj\u0105 pa\u0144stw NATO przeciwko agresorowi. Rosja nie\u00a0wygra tej wojny&#8221; \u2013\u00a0napisa\u0142 szef rz\u0105du na\u00a0portalu X. &#13;\n<\/p>\n<p>&#13;<br \/>\nTego samego dnia na\u00a0tej samej platformie wicepremier <a href=\"https:\/\/dorzeczy.pl\/opinie\/936796\/nawrocki-o-roli-niemiec-sikorski-moglby-sobie-odpuscic-wredne-insynuacje.html\" rel=\"nofollow noopener\" target=\"_blank\">Rados\u0142aw Sikorski skrytykowa\u0142 prezydenta Karola Nawrockiego<\/a> za\u00a0jego przem\u00f3wienie na\u00a0Westerplatte. G\u0142owa pa\u0144stwa m.in. mocno akcentowa\u0142a rol\u0119 Niemiec w\u00a0czasie II\u00a0wojny \u015bwiatowej i\u00a0wp\u0142yw Berlina na\u00a0obecn\u0105 polsk\u0105 polityk\u0119. &#13;\n<\/p>\n<p>&#13;<br \/>\n&#8222;Przemawiaj\u0105c na\u00a0Westerplatte w\u00a0rocznic\u0119 wybuchu wojny Karol Nawrocki m\u00f3g\u0142by sobie odpu\u015bci\u0107 wredne insynuacje o\u00a0rzekomej partii niemieckiej w\u00a0Polsce tym bardziej gdy w\u00a0nast\u0119pnym zdaniu apeluje o\u00a0jedno\u015b\u0107&#8221; \u2013\u00a0napisa\u0142 na\u00a0portalu X Sikorski. Polityk oznaczy\u0142 w\u00a0swoim wpisie g\u0142ow\u0119 pa\u0144stwa. &#13;\n<\/p>\n<p>&#13;<br \/>\n&#8222;Apeluje do\u00a0patriot\u00f3w czy\u00a0do\u00a0zdrajc\u00f3w?&#8221; \u2013\u00a0zapyta\u0142 szef MSZ. &#13;\n<\/p>\n<p>&#13;<br \/>\nDalej pad\u0142y jeszcze ostrzejsze s\u0142owa. &#8222;Bezczelne to\u00a0i\u00a0g\u0142upie&#8221; \u2013\u00a0podsumowa\u0142 Sikorski. &#13;\n<\/p>\n<p>&#13;<br \/>\n   Czytaj te\u017c:<br \/><a href=\"https:\/\/dorzeczy.pl\/opinie\/936850\/incydent-na-lotnisku-w-lipsku-niemcy-winna-rosja.html\" rel=\"follow nofollow noopener\" data-schema=\"DORZECZY\" data-image=\"https:\/\/img.dorzeczy.pl\/_thumb\/a9\/be\/80cae899fc95abef88d62fd26248.jpeg\" target=\"_blank\">Incydent na\u00a0lotnisku w\u00a0Lipsku. Niemcy znalaz\u0142y odpowiedzialnego<\/a>   Czytaj te\u017c:<br \/><a href=\"https:\/\/dorzeczy.pl\/swiat\/935809\/drony-z-ladunkami-wybuchowymi-w-niemczech-merz-grozi-rosji.html\" rel=\"follow nofollow noopener\" data-schema=\"DORZECZY\" data-image=\"https:\/\/img.dorzeczy.pl\/_thumb\/f6\/d9\/ea19f53e6c6e2150b0918aa6f476.jpeg\" target=\"_blank\">Drony z\u00a0\u0142adunkami wybuchowymi w\u00a0Niemczech. Merz grozi Rosji: Zap\u0142ac\u0105 za\u00a0to<\/a>&#13;<\/p>\n","protected":false},"excerpt":{"rendered":"&#13; \u2013 Od\u00a0d\u0142u\u017cszego czasu nasze s\u0142u\u017cby bezpiecze\u0144stwa obserwuj\u0105 hybrydowe akcje w\u00a0Niemczech i\u00a0europejskim s\u0105siedztwie. Te\u00a0akcje skierowane s\u0105 przeciwko infrastrukturze&hellip;\n","protected":false},"author":2,"featured_media":660639,"comment_status":"","ping_status":"","sticky":false,"template":"","format":"standard","meta":{"footnotes":"","_share_on_mastodon":"0"},"categories":[62713],"tags":[1345,98,743,22165,49,31274,2995,27845,160,295,102,39,101,87,80,99,415,5697],"class_list":["post-660638","post","type-post","status-publish","format-standard","has-post-thumbnail","category-donald-tusk","tag-donald-tusk","tag-dorzeczy","tag-dron","tag-incydent","tag-kraj","tag-lipsk","tag-lotnisko","tag-materialy-wybuchowe","tag-nato","tag-niemcy","tag-opinie","tag-polska","tag-premier","tag-rosja","tag-swiat","tag-tusk","tag-ukraina","tag-wsparcie"],"share_on_mastodon":{"url":"https:\/\/pubeurope.com\/@pl\/117197266695150551","error":""},"_links":{"self":[{"href":"https:\/\/www.europesays.com\/pl\/wp-json\/wp\/v2\/posts\/660638","targetHints":{"allow":["GET"]}}],"collection":[{"href":"https:\/\/www.europesays.com\/pl\/wp-json\/wp\/v2\/posts"}],"about":[{"href":"https:\/\/www.europesays.com\/pl\/wp-json\/wp\/v2\/types\/post"}],"author":[{"embeddable":true,"href":"https:\/\/www.europesays.com\/pl\/wp-json\/wp\/v2\/users\/2"}],"replies":[{"embeddable":true,"href":"https:\/\/www.europesays.com\/pl\/wp-json\/wp\/v2\/comments?post=660638"}],"version-history":[{"count":0,"href":"https:\/\/www.europesays.com\/pl\/wp-json\/wp\/v2\/posts\/660638\/revisions"}],"wp:featuredmedia":[{"embeddable":true,"href":"https:\/\/www.europesays.com\/pl\/wp-json\/wp\/v2\/media\/660639"}],"wp:attachment":[{"href":"https:\/\/www.europesays.com\/pl\/wp-json\/wp\/v2\/media?parent=660638"}],"wp:term":[{"taxonomy":"category","embeddable":true,"href":"https:\/\/www.europesays.com\/pl\/wp-json\/wp\/v2\/categories?post=660638"},{"taxonomy":"post_tag","embeddable":true,"href":"https:\/\/www.europesays.com\/pl\/wp-json\/wp\/v2\/tags?post=660638"}],"curies":[{"name":"wp","href":"https:\/\/api.w.org\/{rel}","templated":true}]}}