{"id":660648,"date":"2026-09-01T18:53:21","date_gmt":"2026-09-01T18:53:21","guid":{"rendered":"https:\/\/www.europesays.com\/pl\/660648\/"},"modified":"2026-09-01T18:53:21","modified_gmt":"2026-09-01T18:53:21","slug":"dyrektor-muzeum-wojsk-ladowych-zrezygnowal-wczesniej-prokuratura-skierowala-przeciwko-niemu-akt-oskarzenia","status":"publish","type":"post","link":"https:\/\/www.europesays.com\/pl\/660648\/","title":{"rendered":"Dyrektor Muzeum Wojsk L\u0105dowych zrezygnowa\u0142. Wcze\u015bniej prokuratura skierowa\u0142a przeciwko niemu akt oskar\u017cenia"},"content":{"rendered":"<p>fot. Muzeum Wojsk L\u0105dowych w Bydgoszczy<\/p>\n<p>        Akt oskar\u017cenia\u00a0<\/p>\n<p>O sprawie poinformowa\u0142 dzi\u015b (1 wrze\u015bnia) portal \u201eFakt\u201d. Dziennikarze ustalili, \u017ce post\u0119powanie prowadzone przeciwko Markowi Z. zako\u0144czy\u0142o si\u0119 skierowaniem aktu oskar\u017cenia do S\u0105du Rejonowego w Szubinie.<\/p>\n<p>Informacje te potwierdzi\u0142a portalowi Prokuratura Okr\u0119gowa w Bydgoszczy.<\/p>\n<p>Jak przekaza\u0142a \u201eFaktowi\u201d prok. Agnieszka Adamska-Oko\u0144ska z Prokuratury Okr\u0119gowej w Bydgoszczy, zarzut dotyczy zdarzenia, do kt\u00f3rego mia\u0142o doj\u015b\u0107 w czerwcu 2025 roku.<\/p>\n<p>Post\u0119powanie przygotowawcze zako\u0144czy\u0142o si\u0119 w marcu 2026 roku\u00a0\u00a0skierowaniem aktu oskar\u017cenia do S\u0105du Rejonowego w Szubinie.<\/p>\n<p>Sprawa nie zosta\u0142a dot\u0105d rozstrzygni\u0119ta.\u00a0Pierwszy termin rozprawy wyznaczono na pocz\u0105tek wrze\u015bnia.<\/p>\n<p>Do czasu prawomocnego zako\u0144czenia post\u0119powania Marek Z. korzysta z domniemania niewinno\u015bci.<\/p>\n<p>MON: rezygnacja zosta\u0142a przyj\u0119ta<\/p>\n<p>Muzeum Wojsk L\u0105dowych podlega Ministerstwu Obrony Narodowej. Resort, odpowiadaj\u0105c na pytania \u201eFaktu\u201d, poinformowa\u0142, \u017ce Marek Z. z\u0142o\u017cy\u0142 rezygnacj\u0119 z funkcji dyrektora i\u00a0zosta\u0142a ona przyj\u0119ta.<\/p>\n<p>Muzeum obj\u0105\u0142 na pocz\u0105tku roku<\/p>\n<p>Marek Z. zosta\u0142 dyrektorem Muzeum Wojsk L\u0105dowych 15 stycznia 2026 roku.<\/p>\n<p>Wcze\u015bniej by\u0142 zwi\u0105zany m.in. z Wojskiem Polskim. Pracowa\u0142 jako oficer, dow\u00f3dca i specjalista do spraw operacyjnych. Zajmowa\u0142 si\u0119 r\u00f3wnie\u017c edukacj\u0105 wojskow\u0105 \u2013 by\u0142 nauczycielem, instruktorem oraz wyk\u0142adowc\u0105 na kierunku wojskoznawstwo Uniwersytetu Kazimierza Wielkiego w Bydgoszczy.<\/p>\n<p>Na razie nie wiadomo, kto przejmie kierowanie bydgoskim Muzeum Wojsk L\u0105dowych.<\/p>\n","protected":false},"excerpt":{"rendered":"fot. Muzeum Wojsk L\u0105dowych w Bydgoszczy Akt oskar\u017cenia\u00a0 O sprawie poinformowa\u0142 dzi\u015b (1 wrze\u015bnia) portal \u201eFakt\u201d. Dziennikarze ustalili,&hellip;\n","protected":false},"author":2,"featured_media":660649,"comment_status":"","ping_status":"","sticky":false,"template":"","format":"standard","meta":{"footnotes":"","_share_on_mastodon":"0"},"categories":[51613],"tags":[210,7132,10556,3780,128486,128485,30846,42,38,40,39,41,1627,1666,18687,24691,161,1092],"class_list":["post-660648","post","type-post","status-publish","format-standard","has-post-thumbnail","category-bydgoszcz","tag-aktualnosci","tag-bydgoszcz","tag-dyrektor","tag-fakt","tag-marek-z","tag-muzeum-wojsk-ladowych-w-bydgoszczy","tag-oskarzenie","tag-pl","tag-poland","tag-polish","tag-polska","tag-polski","tag-prokuratura","tag-przestepstwo","tag-rezygnacja","tag-rozprawa","tag-wojsko","tag-wydarzenia"],"share_on_mastodon":{"url":"https:\/\/pubeurope.com\/@pl\/117197301574566099","error":""},"_links":{"self":[{"href":"https:\/\/www.europesays.com\/pl\/wp-json\/wp\/v2\/posts\/660648","targetHints":{"allow":["GET"]}}],"collection":[{"href":"https:\/\/www.europesays.com\/pl\/wp-json\/wp\/v2\/posts"}],"about":[{"href":"https:\/\/www.europesays.com\/pl\/wp-json\/wp\/v2\/types\/post"}],"author":[{"embeddable":true,"href":"https:\/\/www.europesays.com\/pl\/wp-json\/wp\/v2\/users\/2"}],"replies":[{"embeddable":true,"href":"https:\/\/www.europesays.com\/pl\/wp-json\/wp\/v2\/comments?post=660648"}],"version-history":[{"count":0,"href":"https:\/\/www.europesays.com\/pl\/wp-json\/wp\/v2\/posts\/660648\/revisions"}],"wp:featuredmedia":[{"embeddable":true,"href":"https:\/\/www.europesays.com\/pl\/wp-json\/wp\/v2\/media\/660649"}],"wp:attachment":[{"href":"https:\/\/www.europesays.com\/pl\/wp-json\/wp\/v2\/media?parent=660648"}],"wp:term":[{"taxonomy":"category","embeddable":true,"href":"https:\/\/www.europesays.com\/pl\/wp-json\/wp\/v2\/categories?post=660648"},{"taxonomy":"post_tag","embeddable":true,"href":"https:\/\/www.europesays.com\/pl\/wp-json\/wp\/v2\/tags?post=660648"}],"curies":[{"name":"wp","href":"https:\/\/api.w.org\/{rel}","templated":true}]}}