{"id":660660,"date":"2026-09-01T18:59:18","date_gmt":"2026-09-01T18:59:18","guid":{"rendered":"https:\/\/www.europesays.com\/pl\/660660\/"},"modified":"2026-09-01T18:59:18","modified_gmt":"2026-09-01T18:59:18","slug":"wroclawski-piknik-lotniczy-2026-samoloty-szybowce-i-smiglowce-w-szymanowie-2","status":"publish","type":"post","link":"https:\/\/www.europesays.com\/pl\/660660\/","title":{"rendered":"Wroc\u0142awski Piknik Lotniczy 2026 &#8211; samoloty, szybowce i \u015bmig\u0142owce w Szymanowie"},"content":{"rendered":"<p>W pierwszy weekend wrze\u015bnia niebo nad Szymanowem ponownie wype\u0142ni\u0105 samoloty, szybowce, \u015bmig\u0142owce i formacje lotnicze. 5 i 6 wrze\u015bnia 2026 r. Aeroklub Wroc\u0142awski zaprasza na Piknik Lotniczy Wroc\u0142aw\u2013Szyman\u00f3w, dwudniowe wydarzenie skierowane zar\u00f3wno do pasjonat\u00f3w lotnictwa, jak i rodzin szukaj\u0105cych pomys\u0142u na weekend w okolicach Wroc\u0142awia.<\/p>\n<p style=\"text-align: justify;\">Teren pikniku, parking, lunapark oraz strefa gastronomiczna zostan\u0105 otwarte od godziny 12:00. Oficjalne rozpocz\u0119cie sobotnich pokaz\u00f3w zaplanowano na godzin\u0119 14:00. Program pokaz\u00f3w w oba dni zosta\u0142 podzielony na trzy bloki, oddzielone kr\u00f3tkimi przerwami. W powietrzu b\u0119dzie mo\u017cna zobaczy\u0107 zar\u00f3wno wsp\u00f3\u0142czesne samoloty akrobacyjne i szybowce, jak r\u00f3wnie\u017c konstrukcje historyczne.<\/p>\n<p><img decoding=\"async\" style=\"margin: 5px auto; width: 60%; float: none; display: block;\" src=\"https:\/\/www.europesays.com\/pl\/wp-content\/uploads\/2026\/09\/1788289158_631_Wroclawski-Piknik-Lotniczy-2026-samoloty-szybowce-i-smiglowce-w-Szymanowie-1-6a96e1fdea8c8-ps.jpg\" alt=\"\"\/><\/p>\n<p style=\"text-align: justify;\">W programie zaplanowano m.in. wyst\u0119py zespo\u0142u Firebirds na trzech samolotach Extra 330, indywidualny pokaz Maksyma Grabarczyka na Extra 330, a tak\u017ce przeloty i pokazy takich statk\u00f3w powietrznych jak Robinson R44, wiatrakowiec Nisus, Zlin 526, ASH 25 Mi czy Puchacz.<\/p>\n<p style=\"text-align: justify;\">Jednym z element\u00f3w programu b\u0119dzie r\u00f3wnie\u017c blok historyczny, podczas kt\u00f3rego publiczno\u015b\u0107 zobaczy m.in. Fokkera Dr.I, S.E.5, RWD-5, RWD-8, Slepcev Storch Mk4, Piper Cub L-4H oraz Grunau Baby III. W sobot\u0119 zaplanowano r\u00f3wnie\u017c widowiskowy dwuhol wykonywany przez Wilg\u0119 z dwoma szybowcami Junior.<\/p>\n<p style=\"text-align: justify;\">Piknik nie b\u0119dzie jednak wydarzeniem wy\u0142\u0105cznie do ogl\u0105dania. W trakcie obu dni uczestnicy b\u0119d\u0105 mieli mo\u017cliwo\u015b\u0107 odbycia lot\u00f3w widokowych szybowcami oraz samolotami Aeroklubu Wroc\u0142awskiego. To okazja, aby zobaczy\u0107 Szyman\u00f3w, Wroc\u0142aw i jego okolice z powietrza oraz samemu poczu\u0107 atmosfer\u0119 lotnictwa. Na zako\u0144czenie ka\u017cdego dnia pokazowego organizatorzy przygotowali r\u00f3wnie\u017c niespodziank\u0119, kt\u00f3rej szczeg\u00f3\u0142y na razie pozostaj\u0105 tajemnic\u0105.<\/p>\n<p>Najwa\u017cniejsze informacje<\/p>\n<p style=\"text-align: justify;\">Sobota, 5 wrze\u015bnia 12-20<\/p>\n<p>&#13;<br \/>\n12:00 \u2013 otwarcie terenu pikniku, parkingu, lunaparku i gastronomii&#13;<br \/>\n14:00 \u2013 oficjalne otwarcie pokaz\u00f3w&#13;<br \/>\n14:30\u201315:40 \u2013 I blok pokaz\u00f3w&#13;<br \/>\n16:15\u201317:20 \u2013 II blok historyczny&#13;<br \/>\n18:00\u201319:00 \u2013 III blok pokaz\u00f3w&#13;<br \/>\npo zako\u0144czeniu pokaz\u00f3w \u2013 niespodzianka&#13;<\/p>\n<p style=\"text-align: justify;\">Niedziela, 6 wrze\u015bnia 12-20<\/p>\n<p>&#13;<br \/>\n12:00 \u2013 otwarcie terenu&#13;<br \/>\n14:00\u201315:30 \u2013 I blok pokaz\u00f3w&#13;<br \/>\n16:00\u201317:00 \u2013 II blok pokaz\u00f3w&#13;<br \/>\n17:30\u201318:00 \u2013 III blok pokaz\u00f3w&#13;<br \/>\npo zako\u0144czeniu pokaz\u00f3w \u2013 niespodzianka&#13;<\/p>\n<p>Dla kogo?<\/p>\n<p style=\"text-align: justify;\">Piknik skierowany jest do szerokiej publiczno\u015bci \u2013 rodzin z dzie\u0107mi, mieszka\u0144c\u00f3w Wroc\u0142awia i Dolnego \u015al\u0105ska, mi\u0142o\u015bnik\u00f3w lotnictwa, fotograf\u00f3w oraz wszystkich os\u00f3b, kt\u00f3re chcia\u0142yby sp\u0119dzi\u0107 weekend w wyj\u0105tkowej atmosferze lotniska.\u00a0Wst\u0119p na wydarzenie jest bezp\u0142atny. Parking kosztuje 30 z\u0142.<\/p>\n<p style=\"text-align: justify;\">W najbli\u017cszych dniach organizatorzy b\u0119d\u0105 publikowa\u0107 kolejne informacje dotycz\u0105ce planu terenu, atrakcji dodatkowych, lot\u00f3w dla uczestnik\u00f3w oraz zasad bezpiecze\u0144stwa obowi\u0105zuj\u0105cych podczas wydarzenia.<\/p>\n<p style=\"text-align: justify;\">Termin: 5\u20136 wrze\u015bnia 2026 r.<br \/>Miejsce: L\u0105dowisko Wroc\u0142aw-Szyman\u00f3w<br \/>Organizator: Aeroklub Wroc\u0142awski<br \/>Wst\u0119p: wolny<br \/>Parking: 30 z\u0142<\/p>\n","protected":false},"excerpt":{"rendered":"W pierwszy weekend wrze\u015bnia niebo nad Szymanowem ponownie wype\u0142ni\u0105 samoloty, szybowce, \u015bmig\u0142owce i formacje lotnicze. 5 i 6&hellip;\n","protected":false},"author":2,"featured_media":660661,"comment_status":"","ping_status":"","sticky":false,"template":"","format":"standard","meta":{"footnotes":"","_share_on_mastodon":"0"},"categories":[51607],"tags":[11255,51726,63424,25,69235,42,38,40,39,41,9954,27751,128458,128459,31600,1853,97920],"class_list":["post-660660","post","type-post","status-publish","format-standard","has-post-thumbnail","category-wroclaw","tag-11255","tag-i","tag-lotniczy","tag-news","tag-piknik","tag-pl","tag-poland","tag-polish","tag-polska","tag-polski","tag-samoloty","tag-smiglowce","tag-szybowce","tag-szymanowie","tag-w","tag-wroclaw","tag-wroclawski"],"share_on_mastodon":{"url":"https:\/\/pubeurope.com\/@pl\/117197326598928099","error":""},"_links":{"self":[{"href":"https:\/\/www.europesays.com\/pl\/wp-json\/wp\/v2\/posts\/660660","targetHints":{"allow":["GET"]}}],"collection":[{"href":"https:\/\/www.europesays.com\/pl\/wp-json\/wp\/v2\/posts"}],"about":[{"href":"https:\/\/www.europesays.com\/pl\/wp-json\/wp\/v2\/types\/post"}],"author":[{"embeddable":true,"href":"https:\/\/www.europesays.com\/pl\/wp-json\/wp\/v2\/users\/2"}],"replies":[{"embeddable":true,"href":"https:\/\/www.europesays.com\/pl\/wp-json\/wp\/v2\/comments?post=660660"}],"version-history":[{"count":0,"href":"https:\/\/www.europesays.com\/pl\/wp-json\/wp\/v2\/posts\/660660\/revisions"}],"wp:featuredmedia":[{"embeddable":true,"href":"https:\/\/www.europesays.com\/pl\/wp-json\/wp\/v2\/media\/660661"}],"wp:attachment":[{"href":"https:\/\/www.europesays.com\/pl\/wp-json\/wp\/v2\/media?parent=660660"}],"wp:term":[{"taxonomy":"category","embeddable":true,"href":"https:\/\/www.europesays.com\/pl\/wp-json\/wp\/v2\/categories?post=660660"},{"taxonomy":"post_tag","embeddable":true,"href":"https:\/\/www.europesays.com\/pl\/wp-json\/wp\/v2\/tags?post=660660"}],"curies":[{"name":"wp","href":"https:\/\/api.w.org\/{rel}","templated":true}]}}