{"id":660700,"date":"2026-09-01T19:23:18","date_gmt":"2026-09-01T19:23:18","guid":{"rendered":"https:\/\/www.europesays.com\/pl\/660700\/"},"modified":"2026-09-01T19:23:18","modified_gmt":"2026-09-01T19:23:18","slug":"ten-autobus-bedzie-mocno-wyroznial-sie-na-szczecinskich-ulicach","status":"publish","type":"post","link":"https:\/\/www.europesays.com\/pl\/660700\/","title":{"rendered":"Ten autobus b\u0119dzie mocno wyr\u00f3\u017cnia\u0142 si\u0119 na szczeci\u0144skich ulicach"},"content":{"rendered":"<p>\n                        Przez blisko dwa tygodnie na Prawobrze\u017cu testowany b\u0119dzie nowy autobus elektryczny &#8211; MAN Lion\u2019s City 12. \u2013 Uwag\u0119 mieszka\u0144c\u00f3w mo\u017ce zwraca\u0107 przede wszystkim ze wzgl\u0119du na swoj\u0105 seledynowo-czarn\u0105 kolorystyk\u0119, kt\u00f3ra zupe\u0142nie odbiega od wszystkich autobus\u00f3w komunikacji miejskiej \u2013 m\u00f3wi Krzysztof Ufland z ZDiTM.\n                    <\/p>\n<p>Sprawdzany autobus zosta\u0142 wyprodukowany w tym roku. Jest niskopod\u0142ogowy, jednocz\u0142onowy (12 metr\u00f3w d\u0142ugo\u015bci) i zmie\u015bci 30 pasa\u017cer\u00f3w na miejscach siedz\u0105cych oraz 46 stoj\u0105cych. Bateria 445 kWh ma zapewni\u0107 zasi\u0119g 320 kilometr\u00f3w na jednym \u0142adowaniu.<\/p>\n<p>Testy zaplanowano od 2 do 12 wrze\u015bnia. Charakterystyczny \u201eelektryk\u201d b\u0119dzie pojawia\u0142 si\u0119 na liniach: 54, 56, 65, 66, 72, 73, 77, 79, 84, 93, 94 oraz 96.<\/p>\n<p>W taborze Szczeci\u0144skiego Przedsi\u0119biorstwa Autobusowego D\u0105bie jest 88 Solaris\u00f3w oraz 23 Mercedesy-Benz, ale nie ma \u017cadnego MAN-a.<\/p>\n","protected":false},"excerpt":{"rendered":"Przez blisko dwa tygodnie na Prawobrze\u017cu testowany b\u0119dzie nowy autobus elektryczny &#8211; MAN Lion\u2019s City 12. \u2013 Uwag\u0119&hellip;\n","protected":false},"author":2,"featured_media":660701,"comment_status":"","ping_status":"","sticky":false,"template":"","format":"standard","meta":{"footnotes":"","_share_on_mastodon":"0"},"categories":[51611],"tags":[291,1089,3839,3511,261,3840,42,38,40,907,39,41,123,2307,26,1092],"class_list":["post-660700","post","type-post","status-publish","format-standard","has-post-thumbnail","category-szczecin","tag-historia","tag-imprezy","tag-interwencje","tag-inwestycje","tag-kultura","tag-lokale","tag-pl","tag-poland","tag-polish","tag-polityka","tag-polska","tag-polski","tag-rozrywka","tag-szczecin","tag-wiadomosci","tag-wydarzenia"],"share_on_mastodon":{"url":"https:\/\/pubeurope.com\/@pl\/117197419646906685","error":""},"_links":{"self":[{"href":"https:\/\/www.europesays.com\/pl\/wp-json\/wp\/v2\/posts\/660700","targetHints":{"allow":["GET"]}}],"collection":[{"href":"https:\/\/www.europesays.com\/pl\/wp-json\/wp\/v2\/posts"}],"about":[{"href":"https:\/\/www.europesays.com\/pl\/wp-json\/wp\/v2\/types\/post"}],"author":[{"embeddable":true,"href":"https:\/\/www.europesays.com\/pl\/wp-json\/wp\/v2\/users\/2"}],"replies":[{"embeddable":true,"href":"https:\/\/www.europesays.com\/pl\/wp-json\/wp\/v2\/comments?post=660700"}],"version-history":[{"count":0,"href":"https:\/\/www.europesays.com\/pl\/wp-json\/wp\/v2\/posts\/660700\/revisions"}],"wp:featuredmedia":[{"embeddable":true,"href":"https:\/\/www.europesays.com\/pl\/wp-json\/wp\/v2\/media\/660701"}],"wp:attachment":[{"href":"https:\/\/www.europesays.com\/pl\/wp-json\/wp\/v2\/media?parent=660700"}],"wp:term":[{"taxonomy":"category","embeddable":true,"href":"https:\/\/www.europesays.com\/pl\/wp-json\/wp\/v2\/categories?post=660700"},{"taxonomy":"post_tag","embeddable":true,"href":"https:\/\/www.europesays.com\/pl\/wp-json\/wp\/v2\/tags?post=660700"}],"curies":[{"name":"wp","href":"https:\/\/api.w.org\/{rel}","templated":true}]}}