{"id":660708,"date":"2026-09-01T19:27:11","date_gmt":"2026-09-01T19:27:11","guid":{"rendered":"https:\/\/www.europesays.com\/pl\/660708\/"},"modified":"2026-09-01T19:27:11","modified_gmt":"2026-09-01T19:27:11","slug":"karol-linetty-w-slasku-wroclaw-podziekowal-wladzom-lecha","status":"publish","type":"post","link":"https:\/\/www.europesays.com\/pl\/660708\/","title":{"rendered":"Karol Linetty w \u015al\u0105sku Wroc\u0142aw! Podzi\u0119kowa\u0142&#8230; w\u0142adzom Lecha"},"content":{"rendered":"<p>Pod\u00a0wieloma wzgl\u0119dami przenosiny Karola Linettego do\u00a0\u015al\u0105ska Wroc\u0142aw to\u00a0hitowy ruch. Beniaminek zorganizowa\u0142 konferencj\u0119 prasow\u0105, na\u00a0kt\u00f3rej\u00a0nowy zawodnik wraz z\u00a0dyrektorem sportowym i\u00a0prezesem odpowiada\u0142 na\u00a0pytania dziennikarzy. By\u0142y reprezentant Polski wykorzysta\u0142 t\u0119\u00a0okazj\u0119, by\u00a0podzi\u0119kowa\u0107 Lechowi Pozna\u0144.<\/p>\n<p>Karol Linetty na\u00a0konferencji prasowej opowiedzia\u0142, co\u00a0sk\u0142oni\u0142o go\u00a0do\u00a0przenosin do\u00a0Wroc\u0142awia. Po\u00a0rozstaniu z\u00a0jednym z\u00a0tureckich klub\u00f3w przed\u00a0d\u0142u\u017cszy okres pozostawa\u0142 bez\u00a0zatrudnienia i\u00a0w\u00a0tym czasie trenowa\u0142 z\u00a0Lechem Pozna\u0144. Mistrz Polski wyci\u0105gn\u0105\u0142 pomocn\u0105 d\u0142o\u0144 do\u00a0wychowanka, mimo \u017ce\u00a0nie\u00a0mia\u0142 w\u00a0planach podpisa\u0107 z\u00a0nim kontraktu. Dzi\u0119ki temu mo\u017ce zadebiutowa\u0107 ju\u017c w\u00a0najbli\u017cszym spotkaniu Pucharu Polski.<\/p>\n<p>\u2013 Rafa\u0142 przedstawi\u0142 mi\u00a0zesp\u00f3\u0142, plan na\u00a0mnie i\u00a0ca\u0142o\u015bciowy projekt klubu. To\u00a0mnie bardzo zach\u0119ci\u0142o. Prawda, Tr\u00f3jkolorowi s\u0105\u00a0beniaminkiem, ale\u00a0oni w\u00a0tej\u00a0lidze sp\u0119dzili mn\u00f3stwo sezon\u00f3w. To\u00a0wielki klub. A\u00a0co\u00a0mnie sk\u0142oni\u0142o do\u00a0powrotu do\u00a0ojczyzny? Cz\u0142owiek docenia, kiedy po\u00a0latach sp\u0119dzonych za\u00a0granic\u0105 wraca do\u00a0ojczystego kraju. A\u00a0sama Ekstraklasa na\u00a0przestrzeni lat niesamowicie si\u0119 rozwin\u0119\u0142a. Mam nadziej\u0119, \u017ce\u00a0razem z\u00a0WKS-em b\u0119dziemy stanowi\u0107 o\u00a0sile ligi i\u00a0godnie j\u0105\u00a0reprezentowa\u0107 na\u00a0europejskich arenach. Natomiast oferty z\u00a0innych ekstraklasowych dru\u017cyn by\u0142y i\u00a0nie\u00a0by\u0142y. Liczy si\u0119 to, \u017ce\u00a0wybra\u0142em \u015al\u0105sk. \u2013 powiedzia\u0142\u00a0Linetty na\u00a0konferencji prasowej, cytowany przez\u00a0portal \u015al\u0105sk.net.<\/p>\n<p>I\u00a0doda\u0142: \u2013 Fizycznie czuj\u0119 si\u0119 dobrze. W\u00a0kadrze meczowej na\u00a0mecz z\u00a0Pogoni\u0105 si\u0119 znajd\u0119, ale\u00a0to\u00a0zale\u017cy od\u00a0trenera, czy\u00a0zagram. Dzi\u0119kuj\u0119 te\u017c w\u0142odarzom Lecha Pozna\u0144, kt\u00f3rzy\u00a0zagwarantowali mi\u00a0mo\u017cliwo\u015b\u0107 bycia w\u00a0treningu.<\/p>\n<p>Karol Linetty zagra w\u00a0\u015al\u0105sku Wroc\u0142aw. Pom\u00f3g\u0142\u2026 Arnau Ortiz<\/p>\n<p>Na\u00a0temat pozyskania by\u0142ego zawodnika Torino czy\u00a0Sampdorii wypowiedzia\u0142 si\u0119 prezes beniaminka Remigiusz Jezierski. Nie\u00a0ukrywa rado\u015bci z\u00a0powodu dokonania takiego transferu, ale\u00a0te\u017c przyznaje, \u017ce\u00a0wp\u0142yw na\u00a0mo\u017cliwo\u015b\u0107 dokonania tego ruchu mia\u0142y pieni\u0105dze, jakie wp\u0142yn\u0119\u0142y za\u00a0Arnau Ortiza oraz\u00a0Assada Al\u00a0Hamlawiego.<\/p>\n<p>\u2013 Bardzo si\u0119 ciesz\u0119, \u017ce\u00a0Karol do\u00a0nas do\u0142\u0105czy\u0142. Chcemy wykorzysta\u0107 jego du\u017ce do\u015bwiadczenie sportowe, ale\u00a0oczywi\u015bcie Karol b\u0119dzie musia\u0142 to\u00a0udowodni\u0107 na\u00a0boisku. Dla klubu to\u00a0du\u017ce wydarzenie marketingowe, ale\u00a0r\u00f3wnie\u017c biznesowe. Najwa\u017cniejsze, \u017ceby\u00a0zawodnik przemawia\u0142 na\u00a0boisku. Karol robi\u0142 to\u00a0w\u00a0Sampdorii i\u00a0Torino. Cieszymy si\u0119 jeszcze raz, \u017ce\u00a0pi\u0142karz z\u00a0tak\u00a0du\u017cym do\u015bwiadczeniem, ale\u00a0te\u017c skromno\u015bci\u0105 do\u00a0nas do\u0142\u0105cza. Z\u00a0pewno\u015bci\u0105 w\u00a0dopi\u0119ciu umowy w\u00a0kontek\u015bcie finansowym pomog\u0142y te\u017c przychody zwi\u0105zane z\u00a0zapisami w\u00a0umowach Arnau Ortiza czy\u00a0Assada Al\u00a0Hamlawiego.<\/p>\n<p>Dyrektor sportowy Rafa\u0142 Grodzicki dodaje, \u017ce\u00a0Karol Linetty podniesie jako\u015b\u0107 w\u00a0dru\u017cynie, a\u00a0tak\u017ce wype\u0142ni luk\u0119 po\u00a0kontuzjowanym Michale Mokrzyckim.<\/p>\n<p>\u2013 Pami\u0119tam nasz pierwszy kontakt i\u00a0takie delikatne wycofanie si\u0119 z\u00a0tej\u00a0rozmowy, bo\u00a0wiedzieli\u015bmy, \u017ce\u00a0chcemy mie\u0107 takiego pi\u0142karza u\u00a0nas w\u00a0dru\u017cynie, ale\u00a0wi\u0105\u017ce to\u00a0si\u0119 z\u00a0pozosta\u0142ymi aspektami, wi\u0119c\u00a0pocz\u0105tkowo si\u0119 delikatnie wycofali\u015bmy. P\u00f3\u017aniej nieszcz\u0119sna kontuzja Micha\u0142a Mokrzyckiego i\u00a0szukanie kogo\u015b, kto mo\u017ce wej\u015b\u0107 w\u00a0jego buty i\u00a0pojawi\u0142a si\u0119 przestrze\u0144 na\u00a0rozmowy. Przede wszystkim skupili\u015bmy si\u0119, \u017ceby\u00a0pokaza\u0107 Karolowi projekt. \u015aci\u0105gamy Karola po\u00a0to, \u017ceby\u00a0szatnia \u015al\u0105ska Wroc\u0142aw podnios\u0142a swoj\u0105 jako\u015b\u0107 i\u00a0zdajemy sobie spraw\u0119, \u017ce\u00a0takiego pi\u0142karza tutaj nie\u00a0by\u0142o i\u00a0wiele zawodnik\u00f3w mo\u017ce jeszcze wzbi\u0107 si\u0119 na\u00a0swoje wy\u017cyny przy Karolu. <\/p>\n<p>\u015al\u0105sk po\u00a0sze\u015bciu kolejkach ma\u00a0na\u00a0koncie sze\u015b\u0107 punkt\u00f3w i\u00a0zajmuje 14. miejsce w\u00a0tabeli Ekstraklasy. W\u00a0najbli\u017cszy weekend o\u00a0popraw\u0119 swojej sytuacji powalczy z\u00a0Jagielloni\u0105 Bia\u0142ystok.. W\u00a0mi\u0119dzyczasie w\u00a0Pucharze Polski zmierzy si\u0119 z\u00a0Pogoni\u0105 Szczecin.<\/p>\n<p>Fot.\u00a0Newspix<\/p>\n","protected":false},"excerpt":{"rendered":"Pod\u00a0wieloma wzgl\u0119dami przenosiny Karola Linettego do\u00a0\u015al\u0105ska Wroc\u0142aw to\u00a0hitowy ruch. Beniaminek zorganizowa\u0142 konferencj\u0119 prasow\u0105, na\u00a0kt\u00f3rej\u00a0nowy zawodnik wraz z\u00a0dyrektorem sportowym&hellip;\n","protected":false},"author":2,"featured_media":660709,"comment_status":"","ping_status":"","sticky":false,"template":"","format":"standard","meta":{"footnotes":"","_share_on_mastodon":"0"},"categories":[51607],"tags":[84630,215,42,38,40,39,41,38751,38786,697,1853],"class_list":["post-660708","post","type-post","status-publish","format-standard","has-post-thumbnail","category-wroclaw","tag-karol-linetty","tag-lech-poznan","tag-pl","tag-poland","tag-polish","tag-polska","tag-polski","tag-rafal-grodzicki","tag-remigiusz-jezierski","tag-slask-wroclaw","tag-wroclaw"],"share_on_mastodon":{"url":"https:\/\/pubeurope.com\/@pl\/117197435629282619","error":""},"_links":{"self":[{"href":"https:\/\/www.europesays.com\/pl\/wp-json\/wp\/v2\/posts\/660708","targetHints":{"allow":["GET"]}}],"collection":[{"href":"https:\/\/www.europesays.com\/pl\/wp-json\/wp\/v2\/posts"}],"about":[{"href":"https:\/\/www.europesays.com\/pl\/wp-json\/wp\/v2\/types\/post"}],"author":[{"embeddable":true,"href":"https:\/\/www.europesays.com\/pl\/wp-json\/wp\/v2\/users\/2"}],"replies":[{"embeddable":true,"href":"https:\/\/www.europesays.com\/pl\/wp-json\/wp\/v2\/comments?post=660708"}],"version-history":[{"count":0,"href":"https:\/\/www.europesays.com\/pl\/wp-json\/wp\/v2\/posts\/660708\/revisions"}],"wp:featuredmedia":[{"embeddable":true,"href":"https:\/\/www.europesays.com\/pl\/wp-json\/wp\/v2\/media\/660709"}],"wp:attachment":[{"href":"https:\/\/www.europesays.com\/pl\/wp-json\/wp\/v2\/media?parent=660708"}],"wp:term":[{"taxonomy":"category","embeddable":true,"href":"https:\/\/www.europesays.com\/pl\/wp-json\/wp\/v2\/categories?post=660708"},{"taxonomy":"post_tag","embeddable":true,"href":"https:\/\/www.europesays.com\/pl\/wp-json\/wp\/v2\/tags?post=660708"}],"curies":[{"name":"wp","href":"https:\/\/api.w.org\/{rel}","templated":true}]}}