{"id":660780,"date":"2026-09-01T20:06:12","date_gmt":"2026-09-01T20:06:12","guid":{"rendered":"https:\/\/www.europesays.com\/pl\/660780\/"},"modified":"2026-09-01T20:06:12","modified_gmt":"2026-09-01T20:06:12","slug":"katarzyna-lubnauer-o-obietnicy-tuska-musimy-zdac-sobie-sprawe","status":"publish","type":"post","link":"https:\/\/www.europesays.com\/pl\/660780\/","title":{"rendered":"Katarzyna Lubnauer o obietnicy Tuska. &#8222;Musimy zda\u0107 sobie spraw\u0119&#8221;"},"content":{"rendered":"<p>W poniedzia\u0142ek przed KRPM manifestowali cz\u0142onkowie Zwi\u0105zku Nauczycielstwa Polskiego, kt\u00f3rzy postuluj\u0105 powi\u0105zanie zarobk\u00f3w nauczycieli ze \u015bredni\u0105 krajow\u0105. W &#8222;Go\u015bciu Wydarze\u0144&#8221; na pytania dotycz\u0105ce zarobk\u00f3w nauczycieli odpowiedzia\u0142a Katarzyna Lunbnauer, pos\u0142anka Koalicji Obywatelskiej i sekretarz stanu w MEN.\u00a0<\/p>\n<p>\u00a0<\/p>\n<p>ZOBACZ: <a href=\"https:\/\/www.polsatnews.pl\/wiadomosc\/2026-09-01\/politycy-zwrocili-sie-do-uczniow-w-szkolach-czekaja-na-nich-zmiany\/\" target=\"_blank\" rel=\"noopener noreferrer nofollow\">Politycy zwr\u00f3cili si\u0119 do uczni\u00f3w. W szko\u0142ach czekaj\u0105 na nich zmiany<\/a><\/p>\n<p>\u00a0<\/p>\n<p>Lubnauer pytana o kwesti\u0119 podwy\u017cek obiecywan\u0105 przez Donalda Tuska, odpar\u0142a:\u00a0&#8211; Musimy zda\u0107 sobie spraw\u0119, \u017ce je\u017celi spojrzymy na to, jakie s\u0105 potrzeby zwi\u0105zane z bud\u017cetem, to priorytetem w tej chwili jest kwestia bezpiecze\u0144stwa. Dzisiaj jest 1 wrze\u015bnia i nigdy by\u015bmy nie chcieli by\u0107 w takiej sytuacji, jak byli\u015bmy 1 wrze\u015bnia 1939 roku. Doda\u0142a, \u017ce &#8222;nak\u0142ady na edukacj\u0119 wzros\u0142y o 74 proc. w ci\u0105gu czterech lat&#8221;.<\/p>\n<p>\u00a0<\/p>\n<p>WIDEO: Katarzyna Lubnauer w &#8222;Go\u015bciu Wydarze\u0144&#8221;<\/p>\n<p><img decoding=\"async\" src=\"https:\/\/www.europesays.com\/pl\/wp-content\/uploads\/2026\/09\/yhio5vs493mf32znhkhaynuixsgi4tc7.jpeg\" alt=\"\" itemprop=\"contentUrl\" style=\"position:absolute; width: 100%; max-height: 100%;\"\/><video controls=\"\" controlslist=\"nodownload\" poster=\"https:\/\/www.europesays.com\/pl\/wp-content\/uploads\/2026\/09\/yhio5vs493mf32znhkhaynuixsgi4tc7.jpeg\" class=\"videoPlayer player6868678 news__video\" data-id=\"6868678\">Twoja przegl\u0105darka nie wspiera odtwarzacza wideo&#8230;<\/video><\/p>\n<p>\u00a0<br \/>\nKatarzyna Lubnauer: Zarobki nauczycieli powi\u0105zane z &#8222;jakim\u015b wska\u017anikiem zewn\u0119trznym&#8221;<\/p>\n<p>Dopytywana, czy rz\u0105d ma zamiar spe\u0142ni\u0107 postulat ZNP dot. powi\u0105zania zarobk\u00f3w nauczycieli ze \u015bredni\u0105 krajow\u0105, Lubnauer stwierdzi\u0142a, \u017ce rz\u0105d pracuje nad zbli\u017conym rozwi\u0105zaniem. Wiceminister zadeklarowa\u0142a, \u017ce p\u0142ace nauczycieli zostan\u0105 powi\u0105zane &#8222;z jakim\u015b wska\u017anikiem na pewno zewn\u0119trznym&#8221;.<\/p>\n<p>\u00a0<\/p>\n<p>ZOBACZ: <a href=\"https:\/\/www.polsatnews.pl\/wiadomosc\/2026-04-09\/jest-decyzja-w-sprawie-edukacji-zdrowotnej-barbara-nowacka-potwierdza\/\" target=\"_blank\" rel=\"noopener noreferrer nofollow\">Jest decyzja w sprawie edukacji zdrowotnej. Barbara Nowacka potwierdza<\/a><\/p>\n<p>\u00a0<\/p>\n<p>&#8211; Pracujemy nad tym, \u017ceby wypracowa\u0107 system, kt\u00f3ry doprowadzi\u0142by do tego, \u017ce nauczyciele maj\u0105 pewno\u015b\u0107 co do swoich przysz\u0142ych zarobk\u00f3w &#8211; powiedzia\u0142a Lubnauer.<\/p>\n<p>\u00a0<\/p>\n<p>&#8211; Nie mam \u017cadnych w\u0105tpliwo\u015bci, \u017ce nauczyciele powinni godnie zarabia\u0107 i chcieliby\u015bmy, \u017ceby zarabiali jak najlepiej. Pami\u0119tajmy, \u017ce uda\u0142o si\u0119 za czas\u00f3w tego rz\u0105du wprowadzi\u0107 podwy\u017cki, kt\u00f3re skumulowane w sumie dla nauczycieli dyplomowanych wynosz\u0105c\u0105 41 proc., a w przypadku nauczycieli pocz\u0105tkuj\u0105cych to jest 44 proc. &#8211; stwierdzi\u0142a wiceminister.<\/p>\n<p>Prezydenckie weto ws. e-dziennika. Lubnauer nawi\u0105za\u0142a do mObywatela<\/p>\n<p>Wiceminister odpowiedzia\u0142a tak\u017ce na pytania dotycz\u0105ce pa\u0144stwowego dziennika elektronicznego. Katarzyna Lubnauer stwierdzi\u0142a, \u017ce prawdopodobnie do Centralnego Biura Antykorupcyjnego trafi\u0142o ju\u017c pismo dotycz\u0105ce weta prezydenta. Jego sygnatariusze chc\u0105 sprawdzenia, czy prezydenckie weto nie jest efektem nielegalnego lobbingu ze strony producent\u00f3w komercyjnych dziennik\u00f3w.\u00a0<\/p>\n<p>\u00a0<\/p>\n<p>&#8211; Chcemy sprawdzi\u0107, czy dzia\u0142ania lobbystyczne nie wykracza\u0142y poza ustaw\u0119 o lobbingu. Ju\u017c to pismo zosta\u0142o przygotowane i prawdopodobnie ju\u017c w tej chwili posz\u0142o do CBA &#8211; powiedzia\u0142a Lubnauer, odrzucaj\u0105c argumenty prezydenta dotycz\u0105ce koszt\u00f3w budowy pa\u0144stwowego e-dziennika, jak i obaw Karola Nawrockiego o bezpiecze\u0144stwo danych.\u00a0<\/p>\n<p>\u00a0<\/p>\n<p>&#8211; Logowanie by\u0142oby przez mObywatela, wi\u0119c najbardziej bezpieczny system jaki istnieje &#8211; powiedzia\u0142a Lubnauer. Ponadto wiceminister zwr\u00f3ci\u0142a uwag\u0119, \u017ce ok. 200 mln z\u0142 &#8211; kwota, kt\u00f3ra wzbudzi\u0142a zastrze\u017cenia prezydenta i sk\u0142oni\u0142a go do weta &#8211; to nie wy\u0142\u0105cznie koszt budowy dziennika, lecz budowy i jego utrzymania przez dziesi\u0119\u0107 lat.<\/p>\n<p>\u00a0<\/p>\n<p>&#8211; On (prezydent &#8211; red.) m\u00f3wi\u0142 o kosztach na budowanie, o kt\u00f3rych w\u0142a\u015bnie dok\u0142adnie m\u00f3wi\u0142y podmioty prywatne &#8211; powiedzia\u0142a pos\u0142anka KO, proponuj\u0105c rodzicom uczni\u00f3w, aby rachunki za opcjonalne funkcje komercyjnych dziennik\u00f3w &#8222;wysy\u0142a\u0107 do pana prezydenta&#8221;.<\/p>\n<p>                <a class=\"news__read-more-button\" href=\"https:\/\/www.polsatnews.pl\/\" rel=\"nofollow noopener\" target=\"_blank\">Czytaj wi\u0119cej<\/a><\/p>\n","protected":false},"excerpt":{"rendered":"W poniedzia\u0142ek przed KRPM manifestowali cz\u0142onkowie Zwi\u0105zku Nauczycielstwa Polskiego, kt\u00f3rzy postuluj\u0105 powi\u0105zanie zarobk\u00f3w nauczycieli ze \u015bredni\u0105 krajow\u0105. W&hellip;\n","protected":false},"author":2,"featured_media":660781,"comment_status":"","ping_status":"","sticky":false,"template":"","format":"standard","meta":{"footnotes":"","_share_on_mastodon":"0"},"categories":[5],"tags":[32,33,36,37,27,34,35,28,31,25,42,38,40,39,41,29,30,26],"class_list":["post-660780","post","type-post","status-publish","format-standard","has-post-thumbnail","category-naglowki","tag-breaking-news","tag-breakingnews","tag-featured-news","tag-featurednews","tag-headlines","tag-latest-news","tag-latestnews","tag-naglowki","tag-najwazniejsze-artykuly","tag-news","tag-pl","tag-poland","tag-polish","tag-polska","tag-polski","tag-top-stories","tag-topstories","tag-wiadomosci"],"share_on_mastodon":{"url":"https:\/\/pubeurope.com\/@pl\/117197589846091648","error":""},"_links":{"self":[{"href":"https:\/\/www.europesays.com\/pl\/wp-json\/wp\/v2\/posts\/660780","targetHints":{"allow":["GET"]}}],"collection":[{"href":"https:\/\/www.europesays.com\/pl\/wp-json\/wp\/v2\/posts"}],"about":[{"href":"https:\/\/www.europesays.com\/pl\/wp-json\/wp\/v2\/types\/post"}],"author":[{"embeddable":true,"href":"https:\/\/www.europesays.com\/pl\/wp-json\/wp\/v2\/users\/2"}],"replies":[{"embeddable":true,"href":"https:\/\/www.europesays.com\/pl\/wp-json\/wp\/v2\/comments?post=660780"}],"version-history":[{"count":0,"href":"https:\/\/www.europesays.com\/pl\/wp-json\/wp\/v2\/posts\/660780\/revisions"}],"wp:featuredmedia":[{"embeddable":true,"href":"https:\/\/www.europesays.com\/pl\/wp-json\/wp\/v2\/media\/660781"}],"wp:attachment":[{"href":"https:\/\/www.europesays.com\/pl\/wp-json\/wp\/v2\/media?parent=660780"}],"wp:term":[{"taxonomy":"category","embeddable":true,"href":"https:\/\/www.europesays.com\/pl\/wp-json\/wp\/v2\/categories?post=660780"},{"taxonomy":"post_tag","embeddable":true,"href":"https:\/\/www.europesays.com\/pl\/wp-json\/wp\/v2\/tags?post=660780"}],"curies":[{"name":"wp","href":"https:\/\/api.w.org\/{rel}","templated":true}]}}