{"id":660804,"date":"2026-09-01T20:25:24","date_gmt":"2026-09-01T20:25:24","guid":{"rendered":"https:\/\/www.europesays.com\/pl\/660804\/"},"modified":"2026-09-01T20:25:24","modified_gmt":"2026-09-01T20:25:24","slug":"wroclaw-upamietnil-rocznice-wybuchu-ii-wojny-swiatowej","status":"publish","type":"post","link":"https:\/\/www.europesays.com\/pl\/660804\/","title":{"rendered":"Wroc\u0142aw upami\u0119tni\u0142 rocznic\u0119 wybuchu II Wojny \u015awiatowej"},"content":{"rendered":"<p>            &#13;<\/p>\n<p>\u2013 Napa\u015b\u0107 hitlerowskich Niemiec na Polsk\u0119 1 wrze\u015bnia 1939 roku rozpocz\u0119\u0142a najstraszniejszy konflikt zbrojny w <a href=\"https:\/\/magazyn.niedziela.pl\" data-clicksmap=\"site:artykul - InlineAds - historii - \" class=\"link-inline\" rel=\"nofollow noopener\" target=\"_blank\">historii<\/a> ludzko\u015bci. Wojna przynios\u0142a milionom ludzi cierpienie, \u015bmier\u0107 i ogromne zniszczenia \u2013 przypomnia\u0142 minister Micha\u0142 Syska, zast\u0119pca szefa Urz\u0119du do Spraw Kombatant\u00f3w i Os\u00f3b Represjonowanych.<\/p>\n<p>&#13;<\/p>\n<p>Podkre\u015bli\u0142, \u017ce polscy \u017co\u0142nierze walczyli na wszystkich frontach II wojny \u015bwiatowej \u2013 na l\u0105dzie, morzu i w powietrzu. \u2013 Coraz mniej jest w\u015br\u00f3d nas \u015bwiadk\u00f3w i uczestnik\u00f3w tamtych wydarze\u0144, kt\u00f3rzy w\u0142asnym \u017cyciem dawali kolejnym pokoleniom \u015bwiadectwo. Coraz mniej jest tych, kt\u00f3rzy nios\u0105 sztafet\u0119 pami\u0119ci \u2013 zaznaczy\u0142.<\/p>\n<p class=\"font-weight-bold color-light pb-1\">Pom\u00f3\u017c w rozwoju naszego portalu<\/p>\n<p><a href=\"https:\/\/www.niedziela.pl\/wsparcie\" class=\"btn btn-light\" data-clicksmap=\"site:artykul - RedBtnWsparcieArticle - \/wsparcie\" rel=\"nofollow noopener\" target=\"_blank\">&#13;<br \/>\n         &#13;<br \/>\n     &#13;<br \/>\n         &#13;<br \/>\n         &#13;<br \/>\n     &#13;<br \/>\n     Wspieram<\/a>&#13;\n        <\/p>\n<p>    &#13;<\/p>\n<p>O znaczeniu bada\u0144 nad stratami wojennymi m\u00f3wi\u0142 dr hab. Kamil Dworaczek, dyrektor wroc\u0142awskiego oddzia\u0142u IPN. \u2013 To jeden z najwa\u017cniejszych projekt\u00f3w Instytutu Pami\u0119ci Narodowej ostatnich lat \u2013 baza straty.pl, w kt\u00f3rej gromadzone s\u0105 dane dotycz\u0105ce os\u00f3b represjonowanych pod okupacj\u0105 niemieck\u0105. W tej chwili baza ma prawie 6 milion\u00f3w rekord\u00f3w. Nie by\u0142oby to mo\u017cliwe bez wsparcia instytucji, a tak\u017ce samych os\u00f3b represjonowanych i ich rodzin \u2013 podkre\u015bli\u0142.<\/p>\n<p>&#13;<\/p>\n<p>Wiceprezydent Wroc\u0142awia Mateusz \u017bak zwr\u00f3ci\u0142 uwag\u0119, \u017ce pami\u0119\u0107 o wybuchu wojny powinna by\u0107 nie tylko spojrzeniem w przesz\u0142o\u015b\u0107, ale tak\u017ce lekcj\u0105 dla wsp\u00f3\u0142czesnych. \u2013 To pokazuje, jak wa\u017cne jest, aby\u015bmy my, w czasach pokoju, jako Polki i Polacy wykorzystywali ka\u017cdy dzie\u0144, by nasza ojczyzna by\u0142a coraz silniejsza \u2013 m\u00f3wi\u0142 wiceprezydent, przestrzegaj\u0105c przed wsp\u00f3\u0142czesnymi zagro\u017ceniami: skrajnymi ideologiami, nacjonalizmem i dezinformacj\u0105. \u2013 Chcemy, aby <a href=\"https:\/\/magazyn.niedziela.pl\" data-clicksmap=\"site:artykul - InlineAds - historia - \" class=\"link-inline\" rel=\"nofollow noopener\" target=\"_blank\">historia<\/a> si\u0119 nie powtarza\u0142a. Musimy wyci\u0105ga\u0107 z niej wnioski i budowa\u0107 silne pa\u0144stwo oraz wsp\u00f3lnot\u0119 \u2013 podkre\u015bli\u0142.<\/p>\n<p>&#13;<\/p>\n<p>Do znaczenia miejsca uroczysto\u015bci nawi\u0105za\u0142a Natalia Go\u0142\u0105b, cz\u0142onkini Zarz\u0105du Wojew\u00f3dztwa Dolno\u015bl\u0105skiego. \u2013 Stoimy dzi\u015b na wzg\u00f3rzu usypanym z gruz\u00f3w tego miasta. Spoczywa tu ponad 600 os\u00f3b: \u017co\u0142nierze wrze\u015bnia, II Armii Wojska Polskiego, \u017co\u0142nierze podziemia, robotnicy przymusowi i wi\u0119\u017aniowie oboz\u00f3w. Nieca\u0142e 200 z nich uda\u0142o si\u0119 zidentyfikowa\u0107. Reszta spoczywa tu bezimiennie \u2013 m\u00f3wi\u0142a.<\/p>\n<p>&#13;<\/p>\n<p>W imieniu Republiki Federalnej Niemiec wyst\u0105pi\u0142 Martin Kramer, konsul Niemiec we Wroc\u0142awiu, kt\u00f3ry podkre\u015bli\u0142 znaczenie pojednania i pami\u0119ci. \u2013 Wyra\u017cam smutek, \u017ce moi rodacy w 1939 roku atakiem na Polsk\u0119 rozp\u0119tali II wojn\u0119 \u015bwiatow\u0105. Wojn\u0119, kt\u00f3ra przynios\u0142a niewyobra\u017calne cierpienie i zniszczenie. Oddaj\u0119 na tym cmentarzu ho\u0142d poleg\u0142ym \u017co\u0142nierzom i wszystkim ofiarom. Pochylam czo\u0142o z \u017calem i wstydem przed tymi, kt\u00f3rzy zostali skrzywdzeni przez moich rodak\u00f3w. Dzi\u0119kuj\u0119 wszystkim Polakom za gotowo\u015b\u0107 do przebaczenia, a nawet przyja\u017ani \u2013 m\u00f3wi\u0142.<\/p>\n<p>&#13;<\/p>\n<p>Podczas uroczysto\u015bci wr\u0119czono odznaczenia osobom szczeg\u00f3lnie zas\u0142u\u017conym w piel\u0119gnowaniu pami\u0119ci historycznej. Medal Pro Bono Poloniae otrzyma\u0142a Leokadia Wieczorek, dzia\u0142aczka spo\u0142eczna i \u015bwiadek historii, za pomoc osobom represjonowanym przez III Rzesz\u0119. Uhonorowano tak\u017ce p\u0142k. Eugeniusza Praczuka, weterana 2. Armii Wojska Polskiego, uczestnika forsowania Nysy \u0141u\u017cyckiej, kt\u00f3ry otrzyma\u0142 medal \u201eObro\u0144cy Ojczyzny 1939\u20131945\u201d.<\/p>\n<p>&#13;<br \/>\n&#13;<br \/>\n&#13;<\/p>\n","protected":false},"excerpt":{"rendered":"&#13; \u2013 Napa\u015b\u0107 hitlerowskich Niemiec na Polsk\u0119 1 wrze\u015bnia 1939 roku rozpocz\u0119\u0142a najstraszniejszy konflikt zbrojny w historii ludzko\u015bci.&hellip;\n","protected":false},"author":2,"featured_media":660805,"comment_status":"","ping_status":"","sticky":false,"template":"","format":"standard","meta":{"footnotes":"","_share_on_mastodon":"0"},"categories":[51607],"tags":[210,6562,2664,23684,9117,2368,64015,64023,31942,64016,11310,64020,54012,13925,64021,64028,9446,13928,64027,12866,4929,64014,3637,3750,64026,64025,42,64017,38,40,39,41,2708,64019,64018,64024,5806,64022,9378,4317,26,2665,50699,1853],"class_list":["post-660804","post","type-post","status-publish","format-standard","has-post-thumbnail","category-wroclaw","tag-aktualnosci","tag-biblia","tag-bog","tag-boze-narodzenie","tag-chrzescijanstwo","tag-czestochowa","tag-dokumenty-papieskie","tag-duchowosc","tag-duszpasterstwo","tag-encykliki","tag-episkopat","tag-eucharystia","tag-ewangelia","tag-jan-pawel-ii","tag-jezus-chrystus","tag-kalendarz-liturgiczny","tag-katolicyzm","tag-kosciol-katolicki","tag-liturgia","tag-maryja","tag-modlitwa","tag-moje-pismo-tecza","tag-msza","tag-niedziela","tag-ojciec-swiety","tag-patroni","tag-pl","tag-poczet-papiezy","tag-poland","tag-polish","tag-polska","tag-polski","tag-religia","tag-rzymsko-katolicki","tag-rzymskokatolicki","tag-swieci","tag-swieta","tag-teologia","tag-tygodnik-katolicki","tag-watykan","tag-wiadomosci","tag-wiara","tag-wielkanoc","tag-wroclaw"],"share_on_mastodon":{"url":"","error":"Validation failed: Text character limit of 500 exceeded"},"_links":{"self":[{"href":"https:\/\/www.europesays.com\/pl\/wp-json\/wp\/v2\/posts\/660804","targetHints":{"allow":["GET"]}}],"collection":[{"href":"https:\/\/www.europesays.com\/pl\/wp-json\/wp\/v2\/posts"}],"about":[{"href":"https:\/\/www.europesays.com\/pl\/wp-json\/wp\/v2\/types\/post"}],"author":[{"embeddable":true,"href":"https:\/\/www.europesays.com\/pl\/wp-json\/wp\/v2\/users\/2"}],"replies":[{"embeddable":true,"href":"https:\/\/www.europesays.com\/pl\/wp-json\/wp\/v2\/comments?post=660804"}],"version-history":[{"count":0,"href":"https:\/\/www.europesays.com\/pl\/wp-json\/wp\/v2\/posts\/660804\/revisions"}],"wp:featuredmedia":[{"embeddable":true,"href":"https:\/\/www.europesays.com\/pl\/wp-json\/wp\/v2\/media\/660805"}],"wp:attachment":[{"href":"https:\/\/www.europesays.com\/pl\/wp-json\/wp\/v2\/media?parent=660804"}],"wp:term":[{"taxonomy":"category","embeddable":true,"href":"https:\/\/www.europesays.com\/pl\/wp-json\/wp\/v2\/categories?post=660804"},{"taxonomy":"post_tag","embeddable":true,"href":"https:\/\/www.europesays.com\/pl\/wp-json\/wp\/v2\/tags?post=660804"}],"curies":[{"name":"wp","href":"https:\/\/api.w.org\/{rel}","templated":true}]}}