{"id":660806,"date":"2026-09-01T20:26:18","date_gmt":"2026-09-01T20:26:18","guid":{"rendered":"https:\/\/www.europesays.com\/pl\/660806\/"},"modified":"2026-09-01T20:26:18","modified_gmt":"2026-09-01T20:26:18","slug":"sensacja-w-pucharze-polski-wisla-odpadla-na-wlasne-zyczenie","status":"publish","type":"post","link":"https:\/\/www.europesays.com\/pl\/660806\/","title":{"rendered":"Sensacja w Pucharze Polski. Wis\u0142a odpad\u0142a na w\u0142asne \u017cyczenie"},"content":{"rendered":"\n<p class=\"contentpart contentpart--default contentpart--text\" data-position=\"0\">Nawet je\u015bli trener <a href=\"https:\/\/sportowefakty.wp.pl\/pilka-nozna\/mariusz-jop\" rel=\"nofollow noopener\" target=\"_blank\">Mariusz Jop<\/a>\u00a0nie wystawi\u0142 najmocniejszego sk\u0142adu na wtorkow\u0105 konfrontacj\u0119 z <a href=\"https:\/\/sportowefakty.wp.pl\/pilka-nozna\/odra-opole\" rel=\"nofollow noopener\" target=\"_blank\">Odr\u0105 Opole<\/a>, to <a href=\"https:\/\/sportowefakty.wp.pl\/pilka-nozna\/wisla-krakow\" rel=\"nofollow noopener\" target=\"_blank\">Wis\u0142a Krak\u00f3w<\/a>\u00a0by\u0142a uwa\u017cana za faworyta spotkania I rundy <a href=\"https:\/\/sportowefakty.wp.pl\/pilka-nozna\/puchar-polski\" rel=\"nofollow noopener\" target=\"_blank\">STS Pucharu Polski<\/a>. Go\u015bcie robili jednak wiele, aby pom\u00f3c gospodarzom w uzyskaniu korzystnego rezultatu.<\/p>\n<p class=\"contentpart contentpart--default contentpart--text\" data-position=\"1\">Pierwszy sygna\u0142 ostrzegawczy nadszed\u0142 ju\u017c\u00a0w 4. minucie, kiedy to\u00a0<a href=\"https:\/\/sportowefakty.wp.pl\/pilka-nozna\/wiktor-biedrzycki\" rel=\"nofollow noopener\" target=\"_blank\">Wiktor Biedrzycki<\/a>\u00a0sfaulowa\u0142 rywala w polu karnym, a s\u0119dzia podyktowa\u0142 rzut karny dla gospodarzy. Dopiero analiza VAR pozwoli\u0142a oceni\u0107, \u017ce w tej sytuacji atakuj\u0105cy Odry by\u0142 na spalonym, wi\u0119c anulowano zar\u00f3wno decyzj\u0119 o karnym, jak i \u017c\u00f3\u0142tej kartce dla Biedrzyckiego.<\/p>\n<p>  <img decoding=\"async\" src=\"https:\/\/v.wpimg.pl\/X3dwLnN2d1IFFTpdYUl6R0ZNbgcnEHQREVV2TGEGbUtRT2MdOlZ2RBQUKABgQjQcDRotCStBd1IAAWMeIlM7VgwYIAorQAdEFFk_GCkQJQ\" alt=\"\" width=\"45\" height=\"58\" loading=\"lazy\"\/>  <\/p>\n<p class=\"contentpart contentpart--default contentpart--text\" data-position=\"2\">ZOBACZ WIDEO: Legia uhonorowa\u0142a J\u0119drzejczyka. Podnios\u0142y moment<\/p>\n<p class=\"contentpart contentpart--default contentpart--text\" data-position=\"4\">P\u00f3\u017aniej nadszed\u0142 lepszy okres Wis\u0142y. Podopieczni Jopa podsumowali go \u015bwietnym golem <a href=\"https:\/\/sportowefakty.wp.pl\/pilka-nozna\/maciej-kuziemka\" rel=\"nofollow noopener\" target=\"_blank\">Macieja Kuziemki<\/a>, kt\u00f3ry bardzo dobrze odnalaz\u0142 si\u0119 w polu karnym Odry. Na tym sko\u0144czy\u0142y si\u0119 jednak argumenty &#8222;Bia\u0142ej Gwiazdy&#8221;, kt\u00f3ra w 31. minucie poda\u0142a pomocn\u0105 d\u0142o\u0144 Opolanom.<\/p>\n<p class=\"contentpart contentpart--default contentpart--text\" data-position=\"5\">Po analizie VAR czerwon\u0105\u00a0kartk\u0119 otrzyma\u0142 <a href=\"https:\/\/sportowefakty.wp.pl\/pilka-nozna\/marko-bozic\" rel=\"nofollow noopener\" target=\"_blank\">Marko Bozi\u0107<\/a>, a to oznacza\u0142o, \u017ce Odra przez ponad godzin\u0119 mog\u0142a liczy\u0107 na gr\u0119 w przewadze.<\/p>\n<p class=\"contentpart contentpart--default contentpart--text\" data-position=\"6\">Przewaga jednego gracza uwydatni\u0142a si\u0119\u00a0w drugiej po\u0142owie. Bramkarz <a href=\"https:\/\/sportowefakty.wp.pl\/pilka-nozna\/patryk-letkiewicz\" rel=\"nofollow noopener\" target=\"_blank\">Patryk Letkiewicz<\/a>\u00a0pope\u0142ni\u0142 b\u0142\u0105d przy wyj\u015bciu do pi\u0142ki w 52. minucie, niemal wybijaj\u0105c j\u0105 pod nogi <a href=\"https:\/\/sportowefakty.wp.pl\/pilka-nozna\/patryk-szysz\" rel=\"nofollow noopener\" target=\"_blank\">Patryka Szysza<\/a>, a ten odda\u0142 efektowny strza\u0142 i doprowadzi\u0142 do remisu 1:1.<\/p>\n<p>  <img decoding=\"async\" src=\"https:\/\/v.wpimg.pl\/X3dwLnN2d1IFFTpdYUl6R0ZNbgcnEHQREVV2TGEGbUtRT2MdOlZ2RBQUKABgQjQcDRotCStBd1IAAWMeIlM7VgwYIAorQAdEFFk_GCkQJQ\" alt=\"\" width=\"45\" height=\"58\" loading=\"lazy\"\/>  <\/p>\n<p class=\"contentpart contentpart--default contentpart--text\" data-position=\"7\">Kilka minut Odra zada\u0142a kolejny cios &#8211; zn\u00f3w po fatalnym b\u0142\u0119dzie Wis\u0142y. Golkiper &#8222;Bia\u0142ej Gwiazdy&#8221; tym razem poda\u0142 pi\u0142k\u0119\u00a0<a href=\"https:\/\/sportowefakty.wp.pl\/pilka-nozna\/james-igbekeme\" rel=\"nofollow noopener\" target=\"_blank\">Jamesa Igbekeme<\/a>, a ten w prostej sytuacji da\u0142 si\u0119\u00a0wyprzedzi\u0107\u00a0rywalowi i straci\u0142 futbol\u00f3wk\u0119. <a href=\"https:\/\/sportowefakty.wp.pl\/pilka-nozna\/michal-feliks\" rel=\"nofollow noopener\" target=\"_blank\">Micha\u0142 Feliks<\/a>\u00a0zamieni\u0142 t\u0119 sytuacj\u0119\u00a0na bramk\u0119 i gospodarze wyszli na prowadzenie 2:1.<\/p>\n<p class=\"contentpart contentpart--default contentpart--text\" data-position=\"8\">Chocia\u017c Krakowianie pr\u00f3bowali odmieni\u0107 losy meczu, a trener Jop decydowa\u0142 si\u0119 na kolejne zmiany, to wynik na stadionie w Opolu nie uleg\u0142 ju\u017c\u00a0zmianie. Tym samym ogromna sensacja ju\u017c w I rundzie STS Pucharu Polski sta\u0142a si\u0119\u00a0faktem.<\/p>\n<p class=\"contentpart contentpart--default contentpart--text\" data-position=\"9\"><a href=\"https:\/\/sportowefakty.wp.pl\/pilka-nozna\/odra-opole\" rel=\"nofollow noopener\" target=\"_blank\">Odra Opole<\/a>\u00a0&#8211; <a href=\"https:\/\/sportowefakty.wp.pl\/pilka-nozna\/wisla-krakow\" rel=\"nofollow noopener\" target=\"_blank\">Wis\u0142a Krak\u00f3w<\/a> 2:1 (0:1)<br \/>0:1 &#8211;\u00a0Maciej Kuziemka 16&#8242;<br \/>1:1 &#8211; Patryk Szysz 52&#8242;<br \/>2:1 &#8211; Micha\u0142 Feliks 60&#8242;<\/p>\n<p class=\"contentpart contentpart--default contentpart--text\" data-position=\"10\">Sk\u0142ady:<\/p>\n<p class=\"contentpart contentpart--default contentpart--text\" data-position=\"11\">Odra Opole: Mi\u0142osz Mleczko &#8211; Cassio (56&#8242; Jiri Piroch), Jakub Pochcio\u0142, Maksymilian Pingot (75&#8242; Nemanja Mijuskovi\u0107), Mateusz Spycha\u0142a &#8211; Adrian Liber (75&#8242; Mathieu Scalet), Bartosz Biedrzycki, Tomasz Gajda &#8211; Micha\u0142 Feliks, Patryk Szysz, Stanis\u0142aw Gieroba (28&#8242; Joshua Perez, 75&#8242; Bart\u0142omiej Bara\u0144ski)<\/p>\n<p>  <img decoding=\"async\" src=\"https:\/\/v.wpimg.pl\/X3dwLnN2d1IFFTpdYUl6R0ZNbgcnEHQREVV2TGEGbUtRT2MdOlZ2RBQUKABgQjQcDRotCStBd1IAAWMeIlM7VgwYIAorQAdEFFk_GCkQJQ\" alt=\"\" width=\"45\" height=\"58\" loading=\"lazy\"\/>  <\/p>\n<p class=\"contentpart contentpart--default contentpart--text\" data-position=\"12\">Wis\u0142a Krak\u00f3w: Patryk Letkiewicz (63&#8242; Bartosz Neugebauer) &#8211; Mariusz Kutwa, Maxence Maisonneuve, Rafa\u0142 Mikulec (46&#8242; Jakub Krzy\u017canowski), Wiktor Biedrzycki &#8211; James Igbekeme (64&#8242; Kacper Duda), Marc Carbo (73&#8242; Jordi Sanchez), Marko Bozi\u0107 &#8211; Angel Rodado, Jeremy Guillemenot (64&#8242; Julius Erlthaler), Maciej Kuziemka<\/p>\n","protected":false},"excerpt":{"rendered":"Nawet je\u015bli trener Mariusz Jop\u00a0nie wystawi\u0142 najmocniejszego sk\u0142adu na wtorkow\u0105 konfrontacj\u0119 z Odr\u0105 Opole, to Wis\u0142a Krak\u00f3w\u00a0by\u0142a uwa\u017cana&hellip;\n","protected":false},"author":2,"featured_media":660807,"comment_status":"","ping_status":"","sticky":false,"template":"","format":"standard","meta":{"footnotes":"","_share_on_mastodon":"0"},"categories":[51606],"tags":[3640,123177,1304,17880,4547,269,1724,42,38,40,39,41,3831,4637,87288,5810],"class_list":["post-660806","post","type-post","status-publish","format-standard","has-post-thumbnail","category-krakow","tag-betclic-i-liga","tag-itaka-arena-w-opolu","tag-krakow","tag-odra-opole","tag-opole","tag-pilka-nozna","tag-pko-ekstraklasa","tag-pl","tag-poland","tag-polish","tag-polska","tag-polski","tag-pozostale-rozgrywki","tag-sts-puchar-polski","tag-synerise-arena-w-krakowie","tag-wisla-krakow"],"share_on_mastodon":{"url":"","error":""},"_links":{"self":[{"href":"https:\/\/www.europesays.com\/pl\/wp-json\/wp\/v2\/posts\/660806","targetHints":{"allow":["GET"]}}],"collection":[{"href":"https:\/\/www.europesays.com\/pl\/wp-json\/wp\/v2\/posts"}],"about":[{"href":"https:\/\/www.europesays.com\/pl\/wp-json\/wp\/v2\/types\/post"}],"author":[{"embeddable":true,"href":"https:\/\/www.europesays.com\/pl\/wp-json\/wp\/v2\/users\/2"}],"replies":[{"embeddable":true,"href":"https:\/\/www.europesays.com\/pl\/wp-json\/wp\/v2\/comments?post=660806"}],"version-history":[{"count":0,"href":"https:\/\/www.europesays.com\/pl\/wp-json\/wp\/v2\/posts\/660806\/revisions"}],"wp:featuredmedia":[{"embeddable":true,"href":"https:\/\/www.europesays.com\/pl\/wp-json\/wp\/v2\/media\/660807"}],"wp:attachment":[{"href":"https:\/\/www.europesays.com\/pl\/wp-json\/wp\/v2\/media?parent=660806"}],"wp:term":[{"taxonomy":"category","embeddable":true,"href":"https:\/\/www.europesays.com\/pl\/wp-json\/wp\/v2\/categories?post=660806"},{"taxonomy":"post_tag","embeddable":true,"href":"https:\/\/www.europesays.com\/pl\/wp-json\/wp\/v2\/tags?post=660806"}],"curies":[{"name":"wp","href":"https:\/\/api.w.org\/{rel}","templated":true}]}}