{"id":660828,"date":"2026-09-01T20:37:15","date_gmt":"2026-09-01T20:37:15","guid":{"rendered":"https:\/\/www.europesays.com\/pl\/660828\/"},"modified":"2026-09-01T20:37:15","modified_gmt":"2026-09-01T20:37:15","slug":"bunt-pod-bialymstokiem-zatrzymal-panele-domu-tez-nikt-nie-postawi","status":"publish","type":"post","link":"https:\/\/www.europesays.com\/pl\/660828\/","title":{"rendered":"Bunt pod Bia\u0142ymstokiem zatrzyma\u0142 panele. Domu te\u017c nikt nie postawi"},"content":{"rendered":"<p><a href=\"https:\/\/www.wp.pl\/?wplivetab=wppremium\" class=\"wp-label-wppremium\" rel=\"nofollow noopener\" target=\"_blank\"> <\/p>\n<p>Prawdziwe dziennikarstwo. Niezale\u017cna redakcja. ZA DARMO.<\/p>\n<p><\/a> <\/p>\n<ul>\n<li>W\u00a0gminie Zab\u0142ud\u00f3w pod Bia\u0142ymstokiem od tygodni trwa awantura o\u00a0gigafarmy fotowoltaiczne. Mieszka\u0144cy siedmiu wsi dowiedzieli si\u0119, \u017ce panele mog\u0105 stan\u0105\u0107 wok\u00f3\u0142 ich dom\u00f3w z\u00a0ka\u017cdej strony i\u00a0zebrali 1500\u00a0podpis\u00f3w. Zgody na farmy o\u00a0powierzchni 500\u00a0hektar\u00f3w gmina wyda\u0142a ju\u017c wcze\u015bniej, a\u00a0kolejnych 12\u00a0wniosk\u00f3w czeka w\u00a0urz\u0119dzie.<\/li>\n<li>Protestuj\u0105cy przekonali radnych, \u017ceby odrzucili plan og\u00f3lny, czyli dokument wyznaczaj\u0105cy, gdzie i\u00a0co mo\u017cna w\u00a0gminie budowa\u0107. Bez niego gmina nie mo\u017ce od 1\u00a0wrze\u015bnia wydawa\u0107 decyzji o\u00a0warunkach zabudowy &#8211; a\u00a0wszystkie samorz\u0105dy w\u00a0Polsce mia\u0142y takie plany przyj\u0105\u0107 do 31\u00a0sierpnia. Blokada uderzy wi\u0119c nie tylko w\u00a0inwestora farm, ale i\u00a0w\u00a0mieszka\u0144ca, kt\u00f3ry chce postawi\u0107 dom.<\/li>\n<li>Za dwie du\u017ce farmy odpowiada sp\u00f3\u0142ka Green Farm Energy, kt\u00f3ra obiecuje gminie 3,7 mln z\u0142 rocznie z\u00a0podatku. Wirtualna Polska ustali\u0142a, \u017ce powi\u0105zana z\u00a0ni\u0105 sp\u00f3\u0142ka sponsorowa\u0142a gminne obchody 473. urodzin Zab\u0142udowa. Burmistrz Adam Tomanek odpowiada, \u017ce sugerowanie zwi\u0105zku mi\u0119dzy tym wsparciem a\u00a0decyzjami urz\u0119du jest nieuprawnione.<\/li>\n<\/ul>\n<p>W\u00a0drugiej turze wybor\u00f3w burmistrza Zab\u0142udowa w\u00a02024\u00a0r. g\u0142osowa\u0142o 2900\u00a0mieszka\u0144c\u00f3w. Na urz\u0119duj\u0105cego burmistrza &#8211; 1500\u00a0os\u00f3b. I\u00a0tyle samo podpis\u00f3w pod protestem przeciwko farmom fotowoltaicznym zebrali w\u00a0ostatnich tygodniach mieszka\u0144cy gminy &#8211; opowiada Wirtualnej Polsce Anna Jaroszewicz.<\/p>\n<p>To jedna z\u00a0inicjatorek akcji, kt\u00f3ra odnios\u0142a ju\u017c pierwszy sukces. Si\u0142a zebranych podpis\u00f3w przekona\u0142a radnych &#8211; w\u00a0\u015brod\u0119 26\u00a0sierpnia odrzucili plan og\u00f3lny, dopuszczaj\u0105cy <a href=\"https:\/\/wiadomosci.wp.pl\/wies-obstawiona-panelami-u-nas-to-samo-burza-po-tekscie-wp-7087318992759552a\" rel=\"noopener noreferrer nofollow\" target=\"_blank\">farmy fotowoltaiczne<\/a> na terenach rolniczych.<\/p>\n<p> <img role=\"presentation\" class=\"absolute left-1\/2 top-1\/2 max-h-[80%] max-w-[100px] -translate-x-1\/2 -translate-y-1\/2\" src=\"https:\/\/v.wpimg.pl\/ZXJfd3AudTkrBBIAbg54LGhcRlAxHQUrPgJGH2MAeGJoSQ1eIBI_K2UHAEVuBTY5KQMMXC0RPyoVERQdMgM9ejc\" loading=\"lazy\" decoding=\"async\"\/> <\/p>\n<p>W\u00a0Zab\u0142udowie w\u00a0ostatnich tygodniach nie by\u0142o wa\u017cniejszego tematu ni\u017c <a href=\"https:\/\/informacje.wp.pl\/wiadomosci\/gostkowo-powstana-dwie-wielkie-farmy-fotowoltaiczne-7208637241915009a\" rel=\"noopener noreferrer nofollow\" target=\"_blank\">planowana budowa pot\u0119\u017cnych farm<\/a>. O\u00a0skali inwestycji wielu mieszka\u0144c\u00f3w dowiedzia\u0142o si\u0119 dopiero z\u00a0grupy w\u00a0mediach spo\u0142eczno\u015bciowych, kt\u00f3r\u0105 za\u0142o\u017cy\u0142a s\u0105siadka. Uwag\u0119 przyci\u0105ga tam grafika wygenerowana przez sztuczn\u0105 inteligencj\u0119: wie\u015b niemal w\u00a0ca\u0142o\u015bci przykryta panelami. Mieszka\u0144cy przekonuj\u0105, \u017ce to nie przesada, bo w\u0142a\u015bnie tak za kilka lat mo\u017ce wygl\u0105da\u0107 ich okolica.<\/p>\n<p>&#8211; Mieszkam w\u00a0Dobrzyni\u00f3wce. To wie\u015b, kt\u00f3ra le\u017cy w\u00a0takim miejscu, \u017ce farma fotowoltaiczna, je\u015bli powstanie, b\u0119dzie w\u00a0zasadzie z\u00a0ka\u017cdej strony &#8211; m\u00f3wi Mateusz, jeden z\u00a0mieszka\u0144c\u00f3w. <\/p>\n<p>Anna Jaroszewicz m\u00f3wi, \u017ce dzi\u015b zza jej okna wida\u0107 \u0142\u0105ki, pola, a\u00a0na horyzoncie Puszcz\u0119 Knyszy\u0144sk\u0105. Po inwestycji ma tam by\u0107 morze fotowoltaiki. &#8211; Z\u00a0ka\u017cdego okna mojego domu, oboj\u0119tnie w\u00a0kt\u00f3r\u0105 stron\u0119 wyjrz\u0119, b\u0119d\u0119 widzia\u0142a fotowoltaik\u0119. B\u0119d\u0119 otoczona z\u00a0czterech stron &#8211; m\u00f3wi.<\/p>\n<p> <img role=\"presentation\" class=\"absolute left-1\/2 top-1\/2 max-h-[80%] max-w-[100px] -translate-x-1\/2 -translate-y-1\/2\" src=\"https:\/\/v.wpimg.pl\/ZXJfd3AudTkrBBIAbg54LGhcRlAxHQUrPgJGH2MAeGJoSQ1eIBI_K2UHAEVuBTY5KQMMXC0RPyoVERQdMgM9ejc\" loading=\"lazy\" decoding=\"async\"\/>     <img decoding=\"async\" src=\"https:\/\/www.europesays.com\/pl\/wp-content\/uploads\/2026\/09\/ZmUwNmEwdQw0FTheagx4GXdNbAQsVXZPIFV0T2oUdV9lR34VdEJqXXoRJwEgBT8dOlkpHzAHOxolWT4BahYqBHoBf0IhHikdORY3.jpeg\" width=\"2000\" height=\"1500\" loading=\"lazy\" class=\"wp-media-image\" alt=\"Anna Jaroszewicz pokazuje jak obecnie wygl\u0105da okolica jej miejsc\" data-lightbox=\"true\" data-source=\"\u00a9 Licencjodawca\" data-caption=\"Anna Jaroszewicz pokazuje jak obecnie wygl\u0105da okolica jej miejsca zamieszkania. To si\u0119 ma zmieni\u0107 po zbudowaniu farmy fotowoltaicznej\"\/>Anna Jaroszewicz pokazuje jak obecnie wygl\u0105da okolica jej miejsca zamieszkania. To si\u0119 ma zmieni\u0107 po zbudowaniu farmy fotowoltaicznej \u00a9 Licencjodawca <\/p>\n<p>Nasi rozm\u00f3wcy zastrzegaj\u0105, \u017ce nie s\u0105 przeciwni wszelkim inwestycjom w\u00a0<a href=\"https:\/\/informacje.wp.pl\/biznes\/duzy-zastrzyk-gotowki-dla-farm-wiatrowych-na-stole-85-mln-euro-7323287896930336a\" rel=\"noopener noreferrer nofollow\" target=\"_blank\">odnawialne \u017ar\u00f3d\u0142a energii<\/a>.<\/p>\n<p>&#8211; OZE jest OK, ekologiczne sposoby pozyskiwania energii s\u0105 potrzebne. Ale nie mo\u017cna ich opiera\u0107 na krzywdzie ludzkiej i\u00a0niszczy\u0107 przy tym przyrody i\u00a0zwierz\u0105t, bo to jest jaka\u015b paranoja &#8211; dodaje Jaroszewicz. I\u00a0przekonuje, \u017ce wielu mieszka\u0144c\u00f3w, a\u00a0nawet radnych, o\u00a0skali nowych inwestycji dowiadywali si\u0119 dopiero od niej i\u00a0innych zaanga\u017cowanych w\u00a0protest.<\/p>\n<p> <img role=\"presentation\" class=\"absolute left-1\/2 top-1\/2 max-h-[80%] max-w-[100px] -translate-x-1\/2 -translate-y-1\/2\" src=\"https:\/\/v.wpimg.pl\/ZXJfd3AudTkrBBIAbg54LGhcRlAxHQUrPgJGH2MAeGJoSQ1eIBI_K2UHAEVuBTY5KQMMXC0RPyoVERQdMgM9ejc\" loading=\"lazy\" decoding=\"async\"\/><\/p>\n<p>500 hektar\u00f3w fotowoltaiki. W planach kolejne inwestycje<\/p>\n<p>Urz\u0105d Miejski w\u00a0Zab\u0142udowie w\u00a0odpowiedzi na pytania Wirtualnej Polski wyliczy\u0142, \u017ce od 2021\u00a0r. w\u00a0gminie wydano 20\u00a0decyzji \u015brodowiskowych i\u00a023\u00a0decyzje o\u00a0warunkach zabudowy dla farm fotowoltaicznych &#8211; \u0142\u0105cznie na oko\u0142o 500\u00a0hektarach. Wi\u0119kszo\u015b\u0107 post\u0119powa\u0144 zako\u0144czy\u0142a si\u0119 prawomocnymi decyzjami, cz\u0119\u015b\u0107 inwestycji ma pozwolenia na budow\u0119. Mieszka\u0144cy chc\u0105 wi\u0119c zatrzyma\u0107 kolejne: 12\u00a0wniosk\u00f3w gmina wci\u0105\u017c rozpatruje, a\u00a0farmy maj\u0105 stan\u0105\u0107 w\u00a0Rybo\u0142ach, Paw\u0142ach, Folwarkach Tylwickich, Wielkich i\u00a0Ma\u0142ych, Dobrzyni\u00f3wce oraz Ostr\u00f3wkach.<\/p>\n<p> <a href=\"https:\/\/wiadomosci.wp.pl\/tyle-placa-samorzady-na-campus-polska-trzaskowskiego-znamy-kwoty-7323323931191360a\" class=\"teaser-inline\" rel=\"nofollow noopener\" target=\"_blank\">  <img decoding=\"async\" src=\"https:\/\/www.europesays.com\/pl\/wp-content\/uploads\/2026\/09\/MjBiZGQ4YgsjCyx0fk9vHmBTeC44FmFIN0tgZX4Ff1JyEXUhOFgoGCcZNWk2RjgaIx4qaSFYYgsyAHUxYBspAzEZNiYoGygHIAw-.jpeg\" loading=\"lazy\" class=\"wp-media-image cropped\" alt=\"Tyle p\u0142ac\u0105 samorz\u0105dy na Campus Polska Trzaskowskiego. Znamy kwoty\"\/><\/p>\n<p>Tyle p\u0142ac\u0105 samorz\u0105dy na Campus Polska Trzaskowskiego. Znamy kwoty<\/p>\n<p><\/a> <\/p>\n<p>Burmistrz Adam Tomanek odpowiada, \u017ce post\u0119powania prowadzone s\u0105 jawnie i\u00a0zgodnie z\u00a0przepisami, a\u00a0og\u0142oszenia wisia\u0142y w\u00a0Biuletynie Informacji Publicznej, na tablicach urz\u0119du i\u00a0we wsiach. &#8211; Nie ma wi\u0119c podstaw do twierdzenia, \u017ce informacje by\u0142y ukrywane &#8211; podkre\u015bla.<\/p>\n<p> <img role=\"presentation\" class=\"absolute left-1\/2 top-1\/2 max-h-[80%] max-w-[100px] -translate-x-1\/2 -translate-y-1\/2\" src=\"https:\/\/v.wpimg.pl\/ZXJfd3AudTkrBBIAbg54LGhcRlAxHQUrPgJGH2MAeGJoSQ1eIBI_K2UHAEVuBTY5KQMMXC0RPyoVERQdMgM9ejc\" loading=\"lazy\" decoding=\"async\"\/> <\/p>\n<p>Anna Jaroszewicz przyznaje, \u017ce og\u0142oszenia by\u0142y, ale jej zdaniem s\u0142abo eksponowane. &#8211; Najbardziej niepokoi nas spos\u00f3b za\u0142atwienia tej sprawy, \u017ce w\u0142adze nie dosz\u0142y w\u00a0ani jednym momencie do wniosku, \u017ce tak skumulowane dzia\u0142anie wielohektarowych farm nale\u017cy jednak uzgodni\u0107 z\u00a0mieszka\u0144cami. Nikt z\u00a0nami nie porozmawia\u0142, nie przedstawi\u0142 sprawy &#8211; zarzuca Jaroszewicz.<\/p>\n<p>Na ostatni\u0105 sesj\u0119 rady miejskiej przysz\u0142a cz\u0119\u015b\u0107 protestuj\u0105cych. Po werdykcie radnych rozleg\u0142y si\u0119 gromkie brawa.<\/p>\n<p>     <img decoding=\"async\" src=\"https:\/\/www.europesays.com\/pl\/wp-content\/uploads\/2026\/09\/YjJmODYwdgsrDzl3dgx7HmhXbS0wVXVIP091ZnYUdlh6XX88aEZrXGULJig8BTwaJUMoNiwHOB06Qz8odhYpA2Ubfms9HioaJgw2.jpeg\" width=\"2000\" height=\"1126\" loading=\"lazy\" class=\"wp-media-image\" alt=\"Protestuj\u0105cy mieszka\u0144cy przekonali radnych do blokady planu og\u00f3l\" data-lightbox=\"true\" data-source=\"\u00a9 Licencjodawca\" data-caption=\"Protestuj\u0105cy mieszka\u0144cy przekonali radnych do blokady planu og\u00f3lnego\"\/>Protestuj\u0105cy mieszka\u0144cy przekonali radnych do blokady planu og\u00f3lnego \u00a9 Licencjodawca <img role=\"presentation\" class=\"absolute left-1\/2 top-1\/2 max-h-[80%] max-w-[100px] -translate-x-1\/2 -translate-y-1\/2\" src=\"https:\/\/v.wpimg.pl\/ZXJfd3AudTkrBBIAbg54LGhcRlAxHQUrPgJGH2MAeGJoSQ1eIBI_K2UHAEVuBTY5KQMMXC0RPyoVERQdMgM9ejc\" loading=\"lazy\" decoding=\"async\"\/> <\/p>\n<p>Burmistrz twierdzi jednak, \u017ce nie wszyscy mieszka\u0144cy b\u0119d\u0105 teraz zadowoleni. Wskazuje z\u00a0czym wi\u0105\u017ce si\u0119 decyzja radnych dla os\u00f3b, kt\u00f3re np. b\u0119d\u0105 chcia\u0142y zbudowa\u0107 w\u00a0gminie dom i\u00a0wyst\u0105pi\u0105 z\u00a0wnioskiem o\u00a0wydanie warunk\u00f3w zabudowy na swojej dzia\u0142ce.<\/p>\n<p>&#8211; Je\u017celi kto\u015b z\u0142o\u017cy taki wniosek po 31\u00a0sierpnia, uzyska odpowied\u017a negatywn\u0105 &#8211; wskazuje Adam Tomanek.<\/p>\n<p>Dlaczego? Wszystkie samorz\u0105dy w\u00a0Polsce musz\u0105 przyj\u0105\u0107 plany og\u00f3lne do 31\u00a0sierpnia 2026\u00a0r. Dlatego w\u00a0Zab\u0142udowie mieszka\u0144cy sk\u0142adali wnioski o\u00a0warunki zabudowy na ostatni\u0105 chwil\u0119. Burmistrz wylicza, \u017ce w\u00a02023\u00a0r. przez ca\u0142y rok wp\u0142yn\u0119\u0142o ich 360, a\u00a0przez ostatnie dwa dni ubieg\u0142ego tygodnia &#8211; 110.<\/p>\n<p> <img role=\"presentation\" class=\"absolute left-1\/2 top-1\/2 max-h-[80%] max-w-[100px] -translate-x-1\/2 -translate-y-1\/2\" src=\"https:\/\/v.wpimg.pl\/ZXJfd3AudTkrBBIAbg54LGhcRlAxHQUrPgJGH2MAeGJoSQ1eIBI_K2UHAEVuBTY5KQMMXC0RPyoVERQdMgM9ejc\" loading=\"lazy\" decoding=\"async\"\/> <a href=\"https:\/\/wiadomosci.wp.pl\/w-garbatych-mazurach-zawrzalo-ratujcie-zakryja-nas-polacie-paneli-slonecznych-7085190246193760a\" class=\"teaser-inline\" rel=\"nofollow noopener\" target=\"_blank\">  <img decoding=\"async\" src=\"https:\/\/www.europesays.com\/pl\/wp-content\/uploads\/2026\/09\/YzQ0MjhjdhswUjtZRxF7DnMKbwMBSHVYJBJ3SEdba0JhSGIMAQY8CDRAIkQPGCwKMEc9RBgGdhshWWIcWUU9EyJAIQsRRTwXM1Up.jpeg\" loading=\"lazy\" class=\"wp-media-image cropped\" alt=\"Na Mazurach Garbatych zawrza\u0142o. &quot;Ratujcie, zakryj\u0105 nas po\u0142acie paneli s\u0142onecznych&quot;\"\/><\/p>\n<p>Na Mazurach Garbatych zawrza\u0142o. &#8222;Ratujcie, zakryj\u0105 nas po\u0142acie paneli s\u0142onecznych&#8221;<\/p>\n<p><\/a> <\/p>\n<p>Anna Jaroszewicz przekonuje, \u017ce mieszka\u0144cy mieli \u015bwiadomo\u015b\u0107 z\u00a0czym wi\u0105\u017ce si\u0119 decyzja o\u00a0odrzuceniu planu og\u00f3lnego. &#8211; Uczciwie m\u00f3wili\u015bmy mieszka\u0144com, \u017ce je\u017celi plan nie wejdzie, to nie b\u0119dzie mo\u017cna uzyska\u0107 warunk\u00f3w zabudowy. Wiedz\u0105 o\u00a0tym. Wa\u017cniejsze by\u0142o dla nich, \u017ceby nie wprowadza\u0107 planu, kt\u00f3ry potem b\u0119dzie jeszcze trudniej zmieni\u0107 &#8211; m\u00f3wi Anna Jaroszewicz.<\/p>\n<p>Przed gmin\u0105 Zab\u0142ud\u00f3w teraz przygotowanie nowego planu og\u00f3lnego. &#8211; Ju\u017c teraz wszystko b\u0119d\u0119 poddawa\u0142 pod B\u00f3g wie jakie konsultacje &#8211; zarzeka si\u0119 burmistrz. &#8211; Trudno powiedzie\u0107, ile to mo\u017ce potrwa\u0107, ale my\u015bl\u0119, \u017ce oko\u0142o roku, je\u015bli b\u0119dziemy si\u0119 spr\u0119\u017cali &#8211; dodaje.<\/p>\n<p>Protestuj\u0105cy deklaruj\u0105 pomoc urz\u0119dnikom przy nowym planie. &#8211; Jako komitet chcemy si\u0119 zaanga\u017cowa\u0107 na zasadzie doradztwa. Cz\u0119\u015b\u0107 z\u00a0nas zawodowo zajmuje si\u0119 takimi sprawami &#8211; zapowiada Anna Jaroszewicz.<\/p>\n<p>Kobieta nie wyklucza, \u017ce mieszka\u0144cy zgodz\u0105 si\u0119 na tereny pod OZE &#8211; np. zdegradowane. &#8211; Ale nie wsz\u0119dzie &#8211; zastrzega.<\/p>\n<p>Inwestor wylicza, ile zarobi\u0142aby gmina<\/p>\n<p>Za budow\u0119 dw\u00f3ch farm fotowoltaicznych na terenie gminy Zab\u0142ud\u00f3w odpowiada sp\u00f3\u0142ka Green Farm Energy: panele maj\u0105 si\u0119 pojawi\u0107 odpowiednio na powierzchni 202\u00a0i\u00a0132\u00a0hektar\u00f3w.<\/p>\n<p>&#8211; Pomi\u0119dzy wi\u0119kszo\u015bci\u0105 planowanych instalacji a\u00a0najbli\u017csz\u0105 zabudow\u0105 znajduj\u0105 si\u0119 istniej\u0105ce zadrzewienia, kt\u00f3re ograniczaj\u0105 widoczno\u015b\u0107 farmy. Panele maj\u0105 wysoko\u015b\u0107 do oko\u0142o 5\u00a0metr\u00f3w &#8211; przekonuje sp\u00f3\u0142ka w\u00a0o\u015bwiadczeniu przes\u0142anym Wirtualnej Polsce.<\/p>\n<p>Inwestor zapewnia te\u017c, \u017ce nie zabuduje rzeki Bakin\u00f3wki i\u00a0row\u00f3w melioracyjnych, nie wytnie drzew, a\u00a0prze\u015bwity pod ogrodzeniem umo\u017cliwi\u0105 przemieszczanie si\u0119 ma\u0142ych zwierz\u0105t.<\/p>\n<p>&#8211; W\u00a0praktyce oznacza to, \u017ce nie b\u0119dzie to jedna zwarta tafla paneli, lecz obszar sk\u0142adaj\u0105cy si\u0119 zar\u00f3wno z\u00a0modu\u0142\u00f3w fotowoltaicznych, jak i\u00a0element\u00f3w technicznych oraz naturalnych &#8211; dodaje inwestor.<\/p>\n<p>Firma przekonuje, \u017ce w\u00a0przypadku realizacji dw\u00f3ch jej inwestycji gmina Zab\u0142ud\u00f3w z\u00a0podatku od nieruchomo\u015bci mia\u0142aby oko\u0142o 3,7 mln z\u0142 rocznie. Firma dodaje, \u017ce jest gotowa do rozm\u00f3w z\u00a0mieszka\u0144cami i\u00a0odpowiedzi na ich w\u0105tpliwo\u015bci.<\/p>\n<p>Co zrobi sp\u00f3\u0142ka po ostatniej decyzji radnych i\u00a0zablokowaniu planu og\u00f3lnego? &#8211; Aktualnie analizujemy sytuacj\u0119 &#8211; przekaza\u0142 WP jej przedstawiciel.<\/p>\n<p> <a href=\"https:\/\/wiadomosci.wp.pl\/czarnek-az-westchnal-po-pytaniu-o-panele-nie-zdejme-7280631071766560a\" class=\"teaser-inline\" rel=\"nofollow noopener\" target=\"_blank\">  <img decoding=\"async\" src=\"https:\/\/www.europesays.com\/pl\/wp-content\/uploads\/2026\/09\/OWYwYTA2YDY4FS9nbkltI3tNez0oEGN1LFVjdm4DfW9pD3YyKF4qJTwHNnomQDonOAApejFeYDYpHnYicB0rPioHNTU4HSo6OxI9.jpeg\" loading=\"lazy\" class=\"wp-media-image cropped\" alt=\"Czarnek a\u017c westchn\u0105\u0142 po pytaniu o panele. &quot;Nie zdejm\u0119&quot;\"\/><\/p>\n<p>Czarnek a\u017c westchn\u0105\u0142 po pytaniu o panele. &#8222;Nie zdejm\u0119&#8221;<\/p>\n<p><\/a><\/p>\n<p>Wspieraj\u0105 kluby pi\u0142karskie i imprezy<\/p>\n<p>Green Farm Energy prowadzi kilkana\u015bcie projekt\u00f3w OZE w\u00a0r\u00f3\u017cnych cz\u0119\u015bciach Polski \u2014 farmy fotowoltaiczne i\u00a0elektrownie wiatrowe. Na swojej stronie chwali si\u0119 wspieraniem finansowym lokalnych klub\u00f3w sportowych tam, gdzie realizuje inwestycje. Sp\u00f3\u0142ka nie odpowiedzia\u0142a Wirtualnej Polsce, jakie kwoty im przekazuje.<\/p>\n<p>&#8211; Regularnie anga\u017cujemy si\u0119 w\u00a0inicjatywy, kt\u00f3re s\u0105 wa\u017cne dla mieszka\u0144c\u00f3w. Robimy to niezale\u017cnie od tego, jaki b\u0119dzie ostateczny los projektu &#8211; przekaza\u0142a sp\u00f3\u0142ka w\u00a0odpowiedzi na pytania WP.<\/p>\n<p>Wsparcie finansowe z\u00a0Green Farm Energy trafi\u0142o tak\u017ce do Zab\u0142udowa, a\u00a0konkretnie na 473. urodziny miejscowo\u015bci organizowane przez Miejski O\u015brodek Animacji Kultury. W\u00a0tym przypadku sp\u00f3\u0142ka r\u00f3wnie\u017c nie odpowiedzia\u0142a, jak\u0105 kwot\u0119 przekaza\u0142a. W\u00a0Centralnym Rejestrze Um\u00f3w odnale\u017ali\u015bmy umow\u0119 mi\u0119dzy MOAK w\u00a0Zab\u0142udowie a\u00a0sp\u00f3\u0142k\u0105 GF Koszki1 nale\u017c\u0105c\u0105 do GreenFuture UK Solar Limited. Jej prezesem jest Adrien Fouchet, kt\u00f3ry zasiada r\u00f3wnie\u017c w\u00a0zarz\u0105dzie Green Farm Energy. Umowa opiewa na 2\u00a0tys. z\u0142otych i\u00a0dotyczy wykonania przez MOAK Zab\u0142ud\u00f3w &#8222;\u015bwiadcze\u0144 promocyjnych na rzecz sponsora&#8221;.<\/p>\n<p>&#8211; Nie postrzegamy takiego wsparcia jako sposobu wp\u0142ywania na decyzje dotycz\u0105ce inwestycji. Przede wszystkim jego skala nie ma charakteru, kt\u00f3ry m\u00f3g\u0142by przes\u0105dza\u0107 o\u00a0losach projektu. Traktujemy je jako element budowania dobrych relacji z\u00a0miejscem, w\u00a0kt\u00f3rym chcemy dzia\u0142a\u0107 &#8211; przekonuje Green Farm Energy.<\/p>\n<p>Burmistrz Adam Tomanek podkre\u015bla, \u017ce firma buduj\u0105ca farmy fotowoltaiczne by\u0142a jednym z\u00a0wielu sponsor\u00f3w wydarzenia.<\/p>\n<p>&#8211; Wsparcie dotyczy\u0142o wy\u0142\u0105cznie organizacji wydarzenia kulturalnego i\u00a0nie mia\u0142o \u017cadnego zwi\u0105zku z\u00a0prowadzonymi przez gmin\u0119 post\u0119powaniami administracyjnymi. Sugestia, \u017ce udzia\u0142 przedsi\u0119biorcy w\u00a0finansowaniu wydarzenia kulturalnego m\u00f3g\u0142 mie\u0107 wp\u0142yw na wydawane przez gmin\u0119 decyzje administracyjne, jest nieuprawniona &#8211; przekonuje burmistrz.<\/p>\n","protected":false},"excerpt":{"rendered":"Prawdziwe dziennikarstwo. Niezale\u017cna redakcja. ZA DARMO. W\u00a0gminie Zab\u0142ud\u00f3w pod Bia\u0142ymstokiem od tygodni trwa awantura o\u00a0gigafarmy fotowoltaiczne. Mieszka\u0144cy siedmiu&hellip;\n","protected":false},"author":2,"featured_media":660829,"comment_status":"","ping_status":"","sticky":false,"template":"","format":"standard","meta":{"footnotes":"","_share_on_mastodon":"0"},"categories":[5],"tags":[32,33,36,37,27,34,35,28,31,25,42,38,40,39,41,29,30,26],"class_list":["post-660828","post","type-post","status-publish","format-standard","has-post-thumbnail","category-naglowki","tag-breaking-news","tag-breakingnews","tag-featured-news","tag-featurednews","tag-headlines","tag-latest-news","tag-latestnews","tag-naglowki","tag-najwazniejsze-artykuly","tag-news","tag-pl","tag-poland","tag-polish","tag-polska","tag-polski","tag-top-stories","tag-topstories","tag-wiadomosci"],"share_on_mastodon":{"url":"https:\/\/pubeurope.com\/@pl\/117197711116301817","error":""},"_links":{"self":[{"href":"https:\/\/www.europesays.com\/pl\/wp-json\/wp\/v2\/posts\/660828","targetHints":{"allow":["GET"]}}],"collection":[{"href":"https:\/\/www.europesays.com\/pl\/wp-json\/wp\/v2\/posts"}],"about":[{"href":"https:\/\/www.europesays.com\/pl\/wp-json\/wp\/v2\/types\/post"}],"author":[{"embeddable":true,"href":"https:\/\/www.europesays.com\/pl\/wp-json\/wp\/v2\/users\/2"}],"replies":[{"embeddable":true,"href":"https:\/\/www.europesays.com\/pl\/wp-json\/wp\/v2\/comments?post=660828"}],"version-history":[{"count":0,"href":"https:\/\/www.europesays.com\/pl\/wp-json\/wp\/v2\/posts\/660828\/revisions"}],"wp:featuredmedia":[{"embeddable":true,"href":"https:\/\/www.europesays.com\/pl\/wp-json\/wp\/v2\/media\/660829"}],"wp:attachment":[{"href":"https:\/\/www.europesays.com\/pl\/wp-json\/wp\/v2\/media?parent=660828"}],"wp:term":[{"taxonomy":"category","embeddable":true,"href":"https:\/\/www.europesays.com\/pl\/wp-json\/wp\/v2\/categories?post=660828"},{"taxonomy":"post_tag","embeddable":true,"href":"https:\/\/www.europesays.com\/pl\/wp-json\/wp\/v2\/tags?post=660828"}],"curies":[{"name":"wp","href":"https:\/\/api.w.org\/{rel}","templated":true}]}}