{"id":660850,"date":"2026-09-01T20:53:28","date_gmt":"2026-09-01T20:53:28","guid":{"rendered":"https:\/\/www.europesays.com\/pl\/660850\/"},"modified":"2026-09-01T20:53:28","modified_gmt":"2026-09-01T20:53:28","slug":"wroclaw-spektakl-limba-teatru-uklad-formalny","status":"publish","type":"post","link":"https:\/\/www.europesays.com\/pl\/660850\/","title":{"rendered":"Wroc\u0142aw. Spektakl \u201eLimba\u201d Teatru Uk\u0142ad Formalny"},"content":{"rendered":"<p>Nowe osiedle mieszkaniowe. Zamkni\u0119te, do\u015b\u0107 zamo\u017cne, elitarne. \u00d3semka bohater\u00f3w spotyka si\u0119 podczas zebrania lokatorskiego, \u017ceby zadecydowa\u0107 o posadzeniu drzewka, tytu\u0142owej limby.<\/p>\n<p>            <a data-lightbox=\"article-gallery\" href=\"https:\/\/e-teatr.pl\/files\/multimedias\/182553\/LIMBA-plakatMedium.jpg\" rel=\"nofollow noopener\" target=\"_blank\">&#13;<br \/>\n        <img loading=\"lazy\" decoding=\"async\" src=\"https:\/\/www.europesays.com\/pl\/wp-content\/uploads\/2026\/09\/thumb_LIMBA-plakatMedium.jpg\" alt=\"\" title=\"Limba\" width=\"543\" height=\"768\"\/>      <\/a><\/p>\n<p>fot. mat. teatru<\/p>\n<p>Rutynowe zebranie ma do\u015b\u0107 nieoczekiwany przebieg. Lokatorzy reprezentuj\u0105cy r\u00f3\u017cne grupy spo\u0142eczne, zawody, ideologie, r\u00f3\u017cny stosunek do Unii Europejskiej, status materialny i wyznania maj\u0105 te\u017c r\u00f3\u017cne wizje i pomys\u0142y na temat nie tylko drzewa, ale i wielu innych spraw. Kompromis wisi na w\u0142osku. Czy uda si\u0119 porozumie\u0107 w sk\u0142\u00f3conym i spolaryzowanym spo\u0142ecze\u0144stwie? Czy limba przetrwa zebranie lokatorskie? A mo\u017ce sprzeczno\u015b\u0107 interes\u00f3w i charakter\u00f3w jest si\u0142\u0105 tak destrukcyjn\u0105, \u017ce konfrontacja b\u0119dzie nieunikniona? Pod wp\u0142ywem emocji i nieoczekiwanych zdarze\u0144 prawda o mieszka\u0144cach wychodzi na jaw. Nikt nie jest tym, za kogo si\u0119 podawa\u0142. Czy kto\u015b w tej wojnie na racje i argumenty mo\u017ce zwyci\u0119\u017cy\u0107?<\/p>\n<p>Inspiracj\u0105 do powstania spektaklu by\u0142a dwudziesta rocznica przyst\u0105pienia Polski do Unii Europejskiej \u2013 jubileusz b\u0119d\u0105cy znakomitym pretekstem do przyjrzenia si\u0119 obecnej kondycji naszej wsp\u00f3lnoty, sprawdzenia w jaki spos\u00f3b naczelne warto\u015bci unii narod\u00f3w, takie jak pluralizm, tolerancja, sprawiedliwo\u015b\u0107, czy solidarno\u015b\u0107 i r\u00f3wno\u015b\u0107, funkcjonuj\u0105 obecnie. Temat wsp\u00f3lnoty w r\u00f3\u017cnorodno\u015bci znakomicie koresponduje tak\u017ce z tegorocznym jubileuszem 25-lecia wojew\u00f3dztwa dolno\u015bl\u0105skiego, w kt\u00f3rym dzieje si\u0119 akcja sztuki. Po 1945 roku to by\u0142a \u201eziemia niczyja\u201d. Nikt nie wiedzia\u0142 gdzie b\u0119dzie granica, kto i jak d\u0142ugo b\u0119dzie sprawowa\u0142 w\u0142adz\u0119. Nowi mieszka\u0144cy czuli tymczasowo\u015b\u0107 i niepewno\u015b\u0107 nowej ojczyzny. Czy po latach, dzisiaj, nie odzywaj\u0105 si\u0119 echa tamtych obaw, w nowych mieszka\u0144cach, nowoczesnych osiedli?<\/p>\n<p>Sztuka jest tragikomiczn\u0105 opowie\u015bci\u0105 o niemo\u017cno\u015bci porozumienia si\u0119. O hejcie, nienawi\u015bci, egoizmie, braku empatii i spo\u0142ecznych podzia\u0142ach. \u201eLimba\u201d zaczyna si\u0119 jak u Barei, a ko\u0144czy jak u Hitchcocka, pomi\u0119dzy jest zwyczajne polskie \u017cycie, gdzie\u015b na osiedlu, jakich pod Wroc\u0142awiem ca\u0142kiem sporo.<\/p>\n<p>TERMINY POKAZ\u00d3W:<br \/>4 wrze\u015bnia (pi\u0105tek) | 19:00<br \/>5 wrze\u015bnia (sobota) | 18:00<br \/>6 wrze\u015bnia (niedziela) | 17:00<\/p>\n<p>MIEJSCE:Sala Formalna \u2013 Centrum na Przedmie\u015bciu<br \/>ul. Pr\u0105dzy\u0144skiego 39A, Wroc\u0142aw<br \/>Szacowany czas trwania 80\u201390 MINUT<\/p>\n<p>BILETY:<br \/><a href=\"https:\/\/bit.ly\/limba-tuf\" target=\"_blank\" rel=\"nofollow noopener\">https:\/\/bit.ly\/limba-tuf<\/a><\/p>\n<p>Spektakl rekomendowany dla widz\u00f3w od 16. roku \u017cycia.<br \/>TW: dym, \u015bwiat\u0142o stroboskopowe, wulgaryzmy, przemoc<\/p>\n<p>re\u017cyseria PIOTR RATAJCZAK<br \/>scenariusz i dramaturgia PIOTR ROWICKI<br \/>scenografia MARIANNA LISIECKA-SYSKA<br \/>kostiumy NIKOLA \u0141ADA<br \/>choreografia ARKADIUSZ BUSZKO<br \/>muzyka TYMOTEUSZ WITCZAK<br \/>kierownik produkcji PAWE\u0141 ZAR\u0118BA<br \/>realizacja \u015bwiat\u0142a KACPER SCHEFFLER<br \/>realizacja d\u017awi\u0119ku WIKTOR GRZEGORZEWSKI<\/p>\n<p>Obsada: ALICJA CZERNIEWICZ, WIKTORIA CZUBASZEK, PAULINA MIKU\u015aKIEWICZ, PRZEMYS\u0141AW FURDAK, JERZY G\u00d3RSKI, ADAM MICHA\u0141 PIETRZAK, RAFA\u0141 PIETRZAK, MACIEJ RABSKI<\/p>\n","protected":false},"excerpt":{"rendered":"Nowe osiedle mieszkaniowe. Zamkni\u0119te, do\u015b\u0107 zamo\u017cne, elitarne. \u00d3semka bohater\u00f3w spotyka si\u0119 podczas zebrania lokatorskiego, \u017ceby zadecydowa\u0107 o posadzeniu&hellip;\n","protected":false},"author":2,"featured_media":660851,"comment_status":"","ping_status":"","sticky":false,"template":"","format":"standard","meta":{"footnotes":"","_share_on_mastodon":"0"},"categories":[51607],"tags":[2434,8588,6588,17490,16331,51630,42,38,40,39,41,649,650,11541,51629,8815,51631,8767,51628,800,8816,1853],"class_list":["post-660850","post","type-post","status-publish","format-standard","has-post-thumbnail","category-wroclaw","tag-aktor","tag-aktorzy","tag-festiwal","tag-festiwale","tag-kariera","tag-kariery","tag-pl","tag-poland","tag-polish","tag-polska","tag-polski","tag-premiera","tag-premiery","tag-realizacja","tag-realizacje","tag-repertuar","tag-ruch-teatralny","tag-sztuka","tag-sztuki","tag-teatr","tag-teatry","tag-wroclaw"],"share_on_mastodon":{"url":"https:\/\/pubeurope.com\/@pl\/117197774945458353","error":""},"_links":{"self":[{"href":"https:\/\/www.europesays.com\/pl\/wp-json\/wp\/v2\/posts\/660850","targetHints":{"allow":["GET"]}}],"collection":[{"href":"https:\/\/www.europesays.com\/pl\/wp-json\/wp\/v2\/posts"}],"about":[{"href":"https:\/\/www.europesays.com\/pl\/wp-json\/wp\/v2\/types\/post"}],"author":[{"embeddable":true,"href":"https:\/\/www.europesays.com\/pl\/wp-json\/wp\/v2\/users\/2"}],"replies":[{"embeddable":true,"href":"https:\/\/www.europesays.com\/pl\/wp-json\/wp\/v2\/comments?post=660850"}],"version-history":[{"count":0,"href":"https:\/\/www.europesays.com\/pl\/wp-json\/wp\/v2\/posts\/660850\/revisions"}],"wp:featuredmedia":[{"embeddable":true,"href":"https:\/\/www.europesays.com\/pl\/wp-json\/wp\/v2\/media\/660851"}],"wp:attachment":[{"href":"https:\/\/www.europesays.com\/pl\/wp-json\/wp\/v2\/media?parent=660850"}],"wp:term":[{"taxonomy":"category","embeddable":true,"href":"https:\/\/www.europesays.com\/pl\/wp-json\/wp\/v2\/categories?post=660850"},{"taxonomy":"post_tag","embeddable":true,"href":"https:\/\/www.europesays.com\/pl\/wp-json\/wp\/v2\/tags?post=660850"}],"curies":[{"name":"wp","href":"https:\/\/api.w.org\/{rel}","templated":true}]}}