{"id":660852,"date":"2026-09-01T20:54:11","date_gmt":"2026-09-01T20:54:11","guid":{"rendered":"https:\/\/www.europesays.com\/pl\/660852\/"},"modified":"2026-09-01T20:54:11","modified_gmt":"2026-09-01T20:54:11","slug":"krakow-duze-zapotrzebowanie-na-ceremoniarzy","status":"publish","type":"post","link":"https:\/\/www.europesays.com\/pl\/660852\/","title":{"rendered":"Krak\u00f3w: Du\u017ce zapotrzebowanie na ceremoniarzy"},"content":{"rendered":"<p>&#8211; W archidiecezji krakowskiej rozpoczynaj\u0105 si\u0119 we wtorek zapisy do 10. Szko\u0142y Ceremoniarza Parafialnego. Duszpasterz ks. Artur Czepiel powiedzia\u0142 PAP, \u017ce zapotrzebowanie na tak\u0105 pos\u0142ug\u0119 jest du\u017ce. Zwr\u00f3ci\u0142 te\u017c uwag\u0119 na rosn\u0105c\u0105 liczb\u0119 szafarzy pomagaj\u0105cych kap\u0142anom w roznoszeniu Komunii \u015bwi\u0119tej.<\/p>\n<p>Do Szko\u0142y Ceremoniarza Parafialnego zg\u0142asza\u0107 si\u0119 mog\u0105 do 24 wrze\u015bnia pasjonaci liturgii z archidiecezji krakowskiej. 10-miesi\u0119czny kurs przeznaczony jest dla ch\u0142opc\u00f3w &#8211; lektor\u00f3w, kt\u00f3rzy uko\u0144czyli VIII klas\u0119 szko\u0142y podstawowej i nie przekroczyli 25. roku \u017cycia. Nie ma limitu przyj\u0119\u0107.<\/p>\n<p>&#8211; To propozycja dla tych, kt\u00f3rych liturgia naprawd\u0119 interesuje &#8211; powiedzia\u0142 diecezjalny duszpasterz s\u0142u\u017cby liturgicznej ks. Artur Czepiel.<\/p>\n<p>Jak podkre\u015bli\u0142, kurs jest wymagaj\u0105cy.<\/p>\n<p>&#8211; Trzeba si\u0119 wykaza\u0107 pewnymi umiej\u0119tno\u015bciami, zda\u0107 egzaminy, odby\u0107 tygodniowe warsztaty, 10 miesi\u0119cy kursu z jednym zjazdem w miesi\u0105cu &#8211; wylicza\u0142 duchowny.<\/p>\n<p>Od 2017 r. Krakowsk\u0105 Szko\u0142\u0119 Ceremoniarza uko\u0144czy\u0142o ponad 700 ch\u0142opc\u00f3w i m\u0142odych m\u0119\u017cczyzn. Ostatnia edycja zako\u0144czy\u0142a si\u0119 b\u0142ogos\u0142awie\u0144stwem w Bazylice Mariackiej 93 absolwent\u00f3w.<\/p>\n<p>&#8211; B\u0119d\u0105c od czterech lat odpowiedzialnym w archidiecezji krakowskiej za szko\u0142\u0119 ceremoniarza, obserwuj\u0119 du\u017ce zapotrzebowanie na tego rodzaju pos\u0142ug\u0119 w parafiach i diecezji. Ceremoniarz parafialny jest du\u017c\u0105 pomoc\u0105 w parafii, poniewa\u017c jest koordynatorem \u017cycia liturgicznego, organizatorem asyst liturgicznych oraz prowadz\u0105cym zbi\u00f3rki ministrant\u00f3w i lektor\u00f3w. Pos\u0142uga ceremoniarza mo\u017ce by\u0107 du\u017cym ubogaceniem dla parafii i wsparciem dla duszpasterzy &#8211; powiedzia\u0142 PAP ks. Artur Czepiel.<\/p>\n<p>Zapytany, ilu ceremoniarzy decyduje si\u0119 na kap\u0142a\u0144stwo, odpowiedzia\u0142, \u017ce niekt\u00f3rzy wst\u0119puj\u0105 do seminarium, ale nie jest tak, \u017ce ceremoniarz musi zosta\u0107 ksi\u0119dzem czy zakonnikiem.<\/p>\n<p>Ceremoniarz parafialny dba o organizacj\u0119 czynno\u015bci liturgicznych i asystuje kap\u0142anowi przy o\u0142tarzu. W odr\u00f3\u017cnieniu od szafarza nie mo\u017ce podawa\u0107 Komunii \u015bwi\u0119tej.<\/p>\n<p>Wsp\u00f3\u0142czesn\u0105 pomoc\u0105 dla duchownych w rozdawaniu hostii s\u0105 szafarze.<\/p>\n<p>&#8211; Rozdawanie podczas liturgii jest mo\u017cliwe wtedy, gdy zachodzi ku temu wyra\u017ana potrzeba &#8211; zaznaczy\u0142 ks. Czepiel, pe\u0142ni\u0105cy r\u00f3wnie\u017c funkcj\u0119 duszpasterza nadzwyczajnych szafarzy Komunii \u015bwi\u0119tej w archidiecezji krakowskiej.<\/p>\n<p>Na szafarzy krakowska kuria r\u00f3wnie\u017c organizuje coroczne kursy. Tegoroczny rozpocznie si\u0119 17 pa\u017adziernika.<\/p>\n<p>W parafiach archidiecezji krakowskiej pos\u0142uguje 604 szafarzy.<\/p>\n<p>&#8211; Zach\u0119cam ksi\u0119\u017cy proboszcz\u00f3w, by w ka\u017cdej parafii znale\u017ali odpowiednie osoby do tej funkcji &#8211; zaapelowa\u0142 ks. Czepiel.<\/p>\n<p>Pos\u0142uga szafarza jest propozycj\u0105 dla m\u0119\u017cczyzn mi\u0119dzy 25. a 65. rokiem \u017cycia. Musi to by\u0107 osoba znana proboszczowi, prowadz\u0105ca \u017cycie moralne i chrze\u015bcija\u0144skie i ciesz\u0105ca si\u0119 nienagann\u0105 opini\u0105 w swoim \u015brodowisku.<\/p>\n<p>&#8211; Ciesz\u0119 si\u0119, \u017ce z ka\u017cdym rokiem i liczba szafarzy, i parafii, w kt\u00f3rych pos\u0142uguj\u0105, si\u0119 zwi\u0119ksza, gdy\u017c ich podstawowym zadaniem jest zanoszenie Komunii do chorych &#8211; powiedzia\u0142 duszpasterz.<\/p>\n<p>Zwr\u00f3ci\u0142 r\u00f3wnie\u017c uwag\u0119, \u017ce szafarz nie mo\u017ce udziela\u0107 sakramentu namaszczenia; mo\u017ce to czyni\u0107 tylko kap\u0142an. (PAP)<\/p>\n<p>bko\/ joz\/<\/p>\n","protected":false},"excerpt":{"rendered":"&#8211; W archidiecezji krakowskiej rozpoczynaj\u0105 si\u0119 we wtorek zapisy do 10. Szko\u0142y Ceremoniarza Parafialnego. Duszpasterz ks. Artur Czepiel&hellip;\n","protected":false},"author":2,"featured_media":660853,"comment_status":"","ping_status":"","sticky":false,"template":"","format":"standard","meta":{"footnotes":"","_share_on_mastodon":"0"},"categories":[51606],"tags":[21019,3622,2707,1304,53775,53776,2169,42,38,40,39,41,43075,53777,23678],"class_list":["post-660852","post","type-post","status-publish","format-standard","has-post-thumbnail","category-krakow","tag-wspolnota","tag-edukacja","tag-kosciol","tag-krakow","tag-misje","tag-nauczanie","tag-pap","tag-pl","tag-poland","tag-polish","tag-polska","tag-polski","tag-powolanie","tag-przykazania","tag-wyznania"],"share_on_mastodon":{"url":"https:\/\/pubeurope.com\/@pl\/117197777454290041","error":""},"_links":{"self":[{"href":"https:\/\/www.europesays.com\/pl\/wp-json\/wp\/v2\/posts\/660852","targetHints":{"allow":["GET"]}}],"collection":[{"href":"https:\/\/www.europesays.com\/pl\/wp-json\/wp\/v2\/posts"}],"about":[{"href":"https:\/\/www.europesays.com\/pl\/wp-json\/wp\/v2\/types\/post"}],"author":[{"embeddable":true,"href":"https:\/\/www.europesays.com\/pl\/wp-json\/wp\/v2\/users\/2"}],"replies":[{"embeddable":true,"href":"https:\/\/www.europesays.com\/pl\/wp-json\/wp\/v2\/comments?post=660852"}],"version-history":[{"count":0,"href":"https:\/\/www.europesays.com\/pl\/wp-json\/wp\/v2\/posts\/660852\/revisions"}],"wp:featuredmedia":[{"embeddable":true,"href":"https:\/\/www.europesays.com\/pl\/wp-json\/wp\/v2\/media\/660853"}],"wp:attachment":[{"href":"https:\/\/www.europesays.com\/pl\/wp-json\/wp\/v2\/media?parent=660852"}],"wp:term":[{"taxonomy":"category","embeddable":true,"href":"https:\/\/www.europesays.com\/pl\/wp-json\/wp\/v2\/categories?post=660852"},{"taxonomy":"post_tag","embeddable":true,"href":"https:\/\/www.europesays.com\/pl\/wp-json\/wp\/v2\/tags?post=660852"}],"curies":[{"name":"wp","href":"https:\/\/api.w.org\/{rel}","templated":true}]}}