{"id":660872,"date":"2026-09-01T21:04:15","date_gmt":"2026-09-01T21:04:15","guid":{"rendered":"https:\/\/www.europesays.com\/pl\/660872\/"},"modified":"2026-09-01T21:04:15","modified_gmt":"2026-09-01T21:04:15","slug":"holownia-otwarty-na-wejscie-do-rzadu-jezeli-bedzie-taka-wola-nie-odmowie","status":"publish","type":"post","link":"https:\/\/www.europesays.com\/pl\/660872\/","title":{"rendered":"Ho\u0142ownia otwarty na wej\u015bcie do rz\u0105du. &#8222;Je\u017celi b\u0119dzie taka wola, nie odm\u00f3wi\u0119&#8221;"},"content":{"rendered":"<p>W programie &#8222;Kropka nad i&#8221; Moniki Olejnik Ho\u0142ownia przyzna\u0142, \u017ce nie otrzyma\u0142 propozycji obj\u0119cia stanowiska w rz\u0105dzie. Zapewni\u0142 jednak, \u017ce je\u017celi ze strony koalicjant\u00f3w oraz jego ugrupowania pojawi si\u0119 taka wola, to b\u0119dzie &#8222;otwarty na r\u00f3\u017cnego rodzaju propozycje&#8221;.<\/p>\n<p>\u2014 Namalowa\u0142em sobie ju\u017c na drzwiach wicepremier. Codziennie \u0107wicz\u0119 przechodzenie i rozdawanie uk\u0142on\u00f3w. Oczywi\u015bcie \u017cartuj\u0119. Nie by\u0142o takiej propozycji. Jest du\u017co plotek i pog\u0142osek \u2014 \u017cartowa\u0142 Ho\u0142ownia.<\/p>\n<p><a href=\"https:\/\/www.onet.pl\/\" title=\"Strona G\u0142\u00f3wna\" aria-label=\"Strona G\u0142\u00f3wna\" data-astro-prefetch=\"tap\" class=\"ods-a-logo-main-desktop\" rel=\"nofollow noopener\" target=\"_blank\"><img src=\"https:\/\/cdn.wiadomosci.onet.pl\/img\/Logo_desktop_Onet.svg\" class=\"ods-a-logo-main-desktop__image\" alt=\"Logo\" width=\"107\" height=\"60\" fetchpriority=\"high\" decoding=\"sync\" style=\"height:60px\"\/><\/a><\/p>\n<p class=\"ods-m-google-article__text\">Czytaj nas cz\u0119\u015bciej w Google<\/p>\n<p><a href=\"https:\/\/google.com\/preferences\/source?q=wiadomosci.onet.pl\" target=\"_blank\" rel=\"noopener noreferrer nofollow\" aria-label=\"Dodaj w Google\" title=\"Dodaj w Google\" class=\"ods-a-button ods-a-button__primary ods-a-button__default ods-a-button-l\">Dodaj w Google<\/a><\/p>\n<p class=\"ods-o-frame-in-text__paragraph\"><a href=\"https:\/\/wiadomosci.onet.pl\/tylko-w-onecie\/wojna-na-prawicy-o-zondacrypto-mateusz-zachowuje-sie-perfidnie\/8pfdf9z?tpcc=202608_bloczek_newsroom\" id=\"542d6e52-abd3-4ab9-bcd6-de80020ef809\" rel=\"nofollow noopener\" target=\"_blank\">Wojna na prawicy o Zondacrypto. Padaj\u0105 mocne zarzuty<\/a><\/p>\n<p><img class=\"ods-a-photo ods-a-photo--background\" src=\"https:\/\/www.europesays.com\/pl\/wp-content\/uploads\/2026\/09\/hG4k9lBaHR0cHM6Ly9vY2RuLmV1L3B1bHNjbXMvTURBXy9lYTI4ZGVjODIxY2IzYmYxY2U5YzRmODczZDRjODExMy5qcGeRlQLNA.jpeg\" height=\"300\" width=\"450\" alt=\"Jaros\u0142aw Kaczy\u0144ski (w \u015brodku) w otoczeniu polityk\u00f3w PiS. Warszawa, 6.08.2026 r.\" loading=\"lazy\" fetchpriority=\"low\" decoding=\"async\"\/><\/p>\n<p>\u2014 M\u00f3wi\u0119 jasno i wyra\u017anie. Nie zabiegam o to, nie prosz\u0119 o to, nie za\u0142atwiam sobie tego. Je\u017celi taki projekt si\u0119 zepnie w ca\u0142o\u015b\u0107, to nie odm\u00f3wi\u0119 \u2014 podkre\u015bli\u0142. Zapytany, czy jest kto\u015b, kto zabiega o to, by znalaz\u0142 si\u0119 w rz\u0105dzie, poinformowa\u0142, \u017ce przeprowadzono &#8222;rozmowy sonduj\u0105ce&#8221;.<\/p>\n<p>\u2014 Powr\u00f3t do formatu czterech, mo\u017cna powiedzie\u0107, lider\u00f3w, kt\u00f3rzy doprowadzili do zwyci\u0119stwa w 2023 r., p\u00f3\u017aniej zacz\u0119li to budowa\u0107, jest jak\u0105\u015b jedn\u0105 z narzucaj\u0105cych si\u0119 narracji \u2014 stwierdzi\u0142.<\/p>\n<p>\u2014 Widz\u0119, \u017ce na rok przed wyborami pewne moje umiej\u0119tno\u015bci mog\u0105 si\u0119 przyda\u0107. Ale jak si\u0119 nie przydadz\u0105, to ja te\u017c sobie na spokojnie poradz\u0119 \u2014 doda\u0142.<\/p>\n<p>Ho\u0142ownia rozmawia\u0142 z Tuskiem. &#8222;M\u00f3g\u0142bym spr\u00f3bowa\u0107&#8221;<\/p>\n<p>Ho\u0142ownia ujawni\u0142 r\u00f3wnie\u017c, \u017ce jest w kontakcie z szefem polskiego rz\u0105du Donaldem Tuskiem. Powiedzia\u0142, \u017ce rozmawia\u0142 z premierem o tym, \u017ce Polska i rz\u0105d potrzebuj\u0105 kogo\u015b, kto &#8222;b\u0119dzie koordynowa\u0142 bezpiecze\u0144stwo informacyjne&#8221;.<\/p>\n<p>\u2014 Je\u017celi by\u0142aby taka wola, m\u00f3g\u0142bym spr\u00f3bowa\u0107, bo wydaje mi si\u0119, \u017ce dzisiaj my nie umiemy w dum\u0119. My nie umiemy w to, w co powinni\u015bmy umie\u0107, w taki bia\u0142o-czerwony patriotyzm, daj\u0105cy ludziom poczucie sukcesu i sprawstwa \u2014 doda\u0142.<\/p>\n","protected":false},"excerpt":{"rendered":"W programie &#8222;Kropka nad i&#8221; Moniki Olejnik Ho\u0142ownia przyzna\u0142, \u017ce nie otrzyma\u0142 propozycji obj\u0119cia stanowiska w rz\u0105dzie. Zapewni\u0142&hellip;\n","protected":false},"author":2,"featured_media":660873,"comment_status":"","ping_status":"","sticky":false,"template":"","format":"standard","meta":{"footnotes":"","_share_on_mastodon":"0"},"categories":[12],"tags":[61195,32,33,212,36,37,27,49,34,35,28,31,48,25,46,42,38,40,39,41,380,47,204,29,30,26],"class_list":["post-660872","post","type-post","status-publish","format-standard","has-post-thumbnail","category-polska","tag-bottomfeed_styl","tag-breaking-news","tag-breakingnews","tag-donald_tusk","tag-featured-news","tag-featurednews","tag-headlines","tag-kraj","tag-latest-news","tag-latestnews","tag-naglowki","tag-najwazniejsze-artykuly","tag-nat_styl","tag-news","tag-omp","tag-pl","tag-poland","tag-polish","tag-polska","tag-polski","tag-rzad","tag-screening_general","tag-szymon_holownia","tag-top-stories","tag-topstories","tag-wiadomosci"],"share_on_mastodon":{"url":"https:\/\/pubeurope.com\/@pl\/117197817015079182","error":""},"_links":{"self":[{"href":"https:\/\/www.europesays.com\/pl\/wp-json\/wp\/v2\/posts\/660872","targetHints":{"allow":["GET"]}}],"collection":[{"href":"https:\/\/www.europesays.com\/pl\/wp-json\/wp\/v2\/posts"}],"about":[{"href":"https:\/\/www.europesays.com\/pl\/wp-json\/wp\/v2\/types\/post"}],"author":[{"embeddable":true,"href":"https:\/\/www.europesays.com\/pl\/wp-json\/wp\/v2\/users\/2"}],"replies":[{"embeddable":true,"href":"https:\/\/www.europesays.com\/pl\/wp-json\/wp\/v2\/comments?post=660872"}],"version-history":[{"count":0,"href":"https:\/\/www.europesays.com\/pl\/wp-json\/wp\/v2\/posts\/660872\/revisions"}],"wp:featuredmedia":[{"embeddable":true,"href":"https:\/\/www.europesays.com\/pl\/wp-json\/wp\/v2\/media\/660873"}],"wp:attachment":[{"href":"https:\/\/www.europesays.com\/pl\/wp-json\/wp\/v2\/media?parent=660872"}],"wp:term":[{"taxonomy":"category","embeddable":true,"href":"https:\/\/www.europesays.com\/pl\/wp-json\/wp\/v2\/categories?post=660872"},{"taxonomy":"post_tag","embeddable":true,"href":"https:\/\/www.europesays.com\/pl\/wp-json\/wp\/v2\/tags?post=660872"}],"curies":[{"name":"wp","href":"https:\/\/api.w.org\/{rel}","templated":true}]}}