{"id":660874,"date":"2026-09-01T21:05:14","date_gmt":"2026-09-01T21:05:14","guid":{"rendered":"https:\/\/www.europesays.com\/pl\/660874\/"},"modified":"2026-09-01T21:05:14","modified_gmt":"2026-09-01T21:05:14","slug":"dwa-dni-dwa-pozary-byly-oficer-skw-o-przyczynach","status":"publish","type":"post","link":"https:\/\/www.europesays.com\/pl\/660874\/","title":{"rendered":"Dwa dni, dwa po\u017cary. By\u0142y oficer SKW o przyczynach"},"content":{"rendered":"<p><a href=\"https:\/\/www.google.com\/preferences\/source?q=wiadomosci.wp.pl\" target=\"_blank\" rel=\"nofollow noopener\" class=\"preferred-source-banner\" id=\"preferred-source-banner\" data-vab-box=\"preferred_source_banner\"><\/p>\n<p class=\"preferred-source-banner-title\">Dodaj WP Wiadomo\u015bci jako preferowane \u017ar\u00f3d\u0142o w Google<\/p>\n<p class=\"preferred-source-banner-subtitle\">Nasze tre\u015bci b\u0119d\u0105 cz\u0119\u015bciej wy\u015bwietla\u0107 si\u0119 w Twoich wynikach Google<\/p>\n<p><\/a> <\/p>\n<p><a href=\"https:\/\/wiadomosci.wp.pl\/lublin\/dwa-dni-dwa-pozary-plonely-zaklady-zwiazane-z-dronami-7324305653303328a\" rel=\"noopener noreferrer nofollow\" target=\"_blank\">Po\u017cary w\u00a0Lublinie i\u00a0Skar\u017cysku-Kamiennej<\/a> dotyczy\u0142y przedsi\u0119biorstw zajmuj\u0105cych si\u0119 produkcj\u0105 bezza\u0142ogowc\u00f3w. Obie firmy &#8211; lubelski JFG Composites i\u00a0Grupa WB &#8211; dzia\u0142aj\u0105 tak\u017ce w\u00a0Ukrainie.<\/p>\n<p>W\u00a0przypadku lubelskim straty si\u0119gaj\u0105, jak podaj\u0105 lokalne media, nawet 30\u00a0mln z\u0142. W\u00a0przypadku Skar\u017cyska b\u0119d\u0105 one prawdopodobnie mniejsze. Ale pozostaje faktem, \u017ce polskie zdolno\u015bci w\u00a0tym zakresie zosta\u0142y powa\u017cnie naruszone. W\u00a0obu przypadkach do dzia\u0142a\u0144 w\u0142\u0105czy\u0142y si\u0119 s\u0142u\u017cby specjalne. O\u00a0zdarzeniach porozmawiali\u015bmy z\u00a0by\u0142ym funkcjonariuszem S\u0142u\u017cby Kontrwywiadu Wojskowego, pu\u0142kownikiem Mariuszem Koz\u0142owskim.<\/p>\n<p>P\u0142k Koz\u0142owski rozmow\u0119 z\u00a0Wirtualn\u0105 Polsk\u0105 rozpoczyna od podkre\u015blenia, \u017ce dwa niedzielne po\u017cary mia\u0142y wsp\u00f3lny mianownik. Oba spalone miejsca by\u0142y, jak m\u00f3wi, w\u00a0tym samym \u0142a\u0144cuchu: kompozyty, lotnictwo, bezza\u0142ogowce.<\/p>\n<p> <img role=\"presentation\" class=\"absolute left-1\/2 top-1\/2 max-h-[80%] max-w-[100px] -translate-x-1\/2 -translate-y-1\/2\" src=\"https:\/\/v.wpimg.pl\/ZXJfd3AudTkrBBIAbg54LGhcRlAxHQUrPgJGH2MAeGJoSQ1eIBI_K2UHAEVuBTY5KQMMXC0RPyoVERQdMgM9ejc\" loading=\"lazy\" decoding=\"async\"\/> <\/p>\n<p>W\u00a0pierwszym po\u017carze sp\u0142on\u0119\u0142a hala nale\u017c\u0105ca do firmy JFG Composites. By\u0142y w\u00a0niej zmagazynowane materia\u0142y kompozytowe, w\u00a0tym lotnicze, poniewa\u017c sp\u00f3\u0142ka produkowa\u0142a tak\u017ce na potrzeby PZL \u015awidnik. Dwukondygnacyjny budynek doszcz\u0119tnie sp\u0142on\u0105\u0142, cz\u0119\u015b\u0107 si\u0119 zawali\u0142a. Na razie nie wiadomo, co by\u0142o przyczyn\u0105, jednak wst\u0119pnie prokuratura wyklucza podpalenie. Straty oszacowano na 30\u00a0mln z\u0142. Firma produkowa\u0142a tak\u017ce na potrzeby wojska ukrai\u0144skiego.<\/p>\n<p>Kilkana\u015bcie godzin po Lublinie po\u017car wybuch\u0142 w\u00a0Skar\u017cysku-Kamiennej. P\u0142on\u0105\u0142 zak\u0142ad nale\u017c\u0105cy do dronowego potentata &#8211; WB Electronics. To nie by\u0142a, jak powiedzia\u0142 p\u0142k Koz\u0142owski, &#8222;\u017cadna przypadkowa szopa&#8221;. Grupa WB robi struktury kompozytowe i\u00a0sterowanie do dron\u00f3w, pompy do system\u00f3w bezza\u0142ogowych. Ogie\u0144 pojawi\u0142 si\u0119 po p\u00f3\u0142nocy, w\u00a0dziale monta\u017cu, gdy zak\u0142ad by\u0142 zamkni\u0119ty.<\/p>\n<p>W\u00a0poniedzia\u0142ek Prokuratura Krajowa poinformowa\u0142a, \u017ce wszcz\u0119\u0142a \u015bledztwo z\u00a0art. 130\u00a0Kodeksu karnego, jednoznacznie wskazuj\u0105c, \u017ce by\u0142 to akt sabota\u017cu. Powo\u0142ano spec-grup\u0119 w\u00a0Komendzie Wojew\u00f3dzkiej Policji w\u00a0Kielcach. W\u00a0spraw\u0119 w\u0142\u0105czy\u0142a si\u0119 te\u017c Agencja Bezpiecze\u0144stwa Wewn\u0119trznego.<\/p>\n<p> <img role=\"presentation\" class=\"absolute left-1\/2 top-1\/2 max-h-[80%] max-w-[100px] -translate-x-1\/2 -translate-y-1\/2\" src=\"https:\/\/v.wpimg.pl\/ZXJfd3AudTkrBBIAbg54LGhcRlAxHQUrPgJGH2MAeGJoSQ1eIBI_K2UHAEVuBTY5KQMMXC0RPyoVERQdMgM9ejc\" loading=\"lazy\" decoding=\"async\"\/> <\/p>\n<p>Po co podpala\u0107 dwa takie obiekty jeden po drugim? &#8211; pytamy by\u0142ego oficera SKW.<\/p>\n<blockquote><p>&#8211; Bo kto\u015b liczy, \u017ce Polska nadal traktuje to jak nieszcz\u0119\u015bliwy zbieg okoliczno\u015bci. Drony i\u00a0kompozyty to dzi\u015b podstawa tego, co idzie na Ukrain\u0119 i\u00a0tego, czym ma lata\u0107 polska armia. Podpalenie jest tanie. Trudno udowodni\u0107 zleceniodawc\u0119. Sprawdza ochron\u0119, procedury i\u00a0to, czy ktokolwiek w\u00a0MON i\u00a0MSWiA w\u00a0og\u00f3le zak\u0142ada, \u017ce kto\u015b tu wejdzie z\u00a0plecakiem. Moim zdaniem wsp\u00f3lny mianownik to dywersja. Nie poezja. Tak si\u0119 to robi &#8211; odpowiada p\u0142k Koz\u0142owski.<\/p><\/blockquote>\n<p>Oficer wskazuje, \u017ce o\u00a0ile Lublin m\u00f3g\u0142 faktycznie by\u0107 dzie\u0142em przypadku, o\u00a0tyle Skar\u017cysko, przy tym opisie zdarze\u0144 i\u00a0nast\u0119pstw, &#8222;ju\u017c nie wygl\u0105da na pecha&#8221;. I\u00a0dodaje, \u017ce s\u0142u\u017cby maj\u0105 obowi\u0105zek wyj\u015b\u0107 od hipotezy sabota\u017cu i\u00a0j\u0105 obali\u0107 albo potwierdzi\u0107. Nie odwrotnie.<\/p>\n<p> <img role=\"presentation\" class=\"absolute left-1\/2 top-1\/2 max-h-[80%] max-w-[100px] -translate-x-1\/2 -translate-y-1\/2\" src=\"https:\/\/v.wpimg.pl\/ZXJfd3AudTkrBBIAbg54LGhcRlAxHQUrPgJGH2MAeGJoSQ1eIBI_K2UHAEVuBTY5KQMMXC0RPyoVERQdMgM9ejc\" loading=\"lazy\" decoding=\"async\"\/> <a href=\"https:\/\/wiadomosci.wp.pl\/lublin\/pozar-w-skarzysku-to-bylo-podpalenie-7324329100281920a\" class=\"teaser-inline\" rel=\"nofollow noopener\" target=\"_blank\">  <img decoding=\"async\" src=\"https:\/\/www.europesays.com\/pl\/wp-content\/uploads\/2026\/09\/OTNjODM1YDUvCDl3YkptIGxQbS0kE2N2O0h1ZmIAfWx-EmAiJF0qJisaIGoqQzokLx0_aj1dYDU-A2AyfB4rPT0aIyU0Hio5LA8r.jpeg\" loading=\"lazy\" class=\"wp-media-image cropped\" alt=\"Po\u017car w Skar\u017cysku-Kamiennej. &quot;To by\u0142o podpalenie&quot;\"\/><\/p>\n<p>Po\u017car w Skar\u017cysku-Kamiennej. &#8222;To by\u0142o podpalenie&#8221;<\/p>\n<p><\/a><\/p>\n<p>Po wizycie szefa CIA w Moskwie. &#8222;Tego nie by\u0142o w komunikacie&#8221;<\/p>\n<p>Oba po\u017cary wybuch\u0142y dos\u0142ownie kilka dni po wizycie w\u00a0Moskwie szefa Centralnej Agencji Wywiadowczej Johna Ratcliffe&#8217;a. Dyrektor CIA spotka\u0142 si\u0119 z\u00a0dyrektorem Federalnej S\u0142u\u017cby Bezpiecze\u0144stwa Aleksandrem Bortnikowem. Putin go nie przyj\u0105\u0142.<\/p>\n<blockquote><p>&#8211; Amerykanie potem rozpisuj\u0105 si\u0119, \u017ce ostrzega\u0142 przed ruchem na NATO, \u017ce m\u00f3wi\u0142 o\u00a0Iranie, \u017ce ni\u00f3s\u0142 ponur\u0105 ocen\u0119 wojny i\u00a0namawia\u0142 do uk\u0142adu. Cz\u0119\u015b\u0107 relacji dok\u0142ada szar\u0105 stref\u0119: sabota\u017c, cyberprzestrze\u0144, drony. Tego nie by\u0142o w\u00a0komunikacie: &#8222;nie ruszajcie polskich fabryk w\u00a0ten weekend&#8221; &#8211; m\u00f3wi p\u0142k Koz\u0142owski.<\/p><\/blockquote>\n<p> <img role=\"presentation\" class=\"absolute left-1\/2 top-1\/2 max-h-[80%] max-w-[100px] -translate-x-1\/2 -translate-y-1\/2\" src=\"https:\/\/v.wpimg.pl\/ZXJfd3AudTkrBBIAbg54LGhcRlAxHQUrPgJGH2MAeGJoSQ1eIBI_K2UHAEVuBTY5KQMMXC0RPyoVERQdMgM9ejc\" loading=\"lazy\" decoding=\"async\"\/> <\/p>\n<p>I\u00a0dodaje: je\u015bli kto\u015b w\u00a0Polsce czeka, a\u017c z\u00a0Waszyngtonu albo z\u00a0FSB przyjdzie gwarancja, \u017ce tu b\u0119dzie spok\u00f3j, to niech lepiej policzy hale, kt\u00f3re jeszcze nie p\u0142on\u0119\u0142y. Jak wskazuje, kana\u0142 kontaktowy na linii CIA\u2013FSB &#8222;nie wy\u0142\u0105cza ch\u0142opaka z\u00a0plecakiem w\u00a0Skar\u017cysku&#8221;.<\/p>\n<p>Ostrze\u017cenie w\u00a0Moskwie i\u00a0podpalenie w\u00a0Skar\u017cysku mog\u0105 i\u015b\u0107 r\u00f3wnolegle. Dla Kremla to nawet wygodne: rozmawiamy ze szefem CIA, a\u00a0na dole kto\u015b sprawdza, czy polska ochrona w\u00a0og\u00f3le dzia\u0142a &#8211; ocenia by\u0142y funkcjonariusz.<\/p>\n<p>I\u00a0dodaje: dop\u00f3ki bezpiecze\u0144stwo b\u0119dzie rozgrywk\u0105 polityczn\u0105, takie rzeczy b\u0119d\u0105 si\u0119 zdarza\u0142y.\u00a0<\/p>\n<p> <img role=\"presentation\" class=\"absolute left-1\/2 top-1\/2 max-h-[80%] max-w-[100px] -translate-x-1\/2 -translate-y-1\/2\" src=\"https:\/\/v.wpimg.pl\/ZXJfd3AudTkrBBIAbg54LGhcRlAxHQUrPgJGH2MAeGJoSQ1eIBI_K2UHAEVuBTY5KQMMXC0RPyoVERQdMgM9ejc\" loading=\"lazy\" decoding=\"async\"\/><\/p>\n<p>Jak skutecznie przeciwdzia\u0142a\u0107?<\/p>\n<blockquote><p>&#8211; Zamiast paniki proponuj\u0119 optyk\u0119. Jej zmian\u0119 z\u00a0wy\u0142\u0105cznie defensywnej w\u00a0systemach ochrony\/os\u0142ony\/obrony na ofensywn\u0105 &#8211; m\u00f3wi Koz\u0142owski.<\/p><\/blockquote>\n<p>Oznacza to, jak wyja\u015bnia, bycie przygotowanym i\u00a0aktywnym zamiast biernego oczekiwania, a\u017c kto\u015b nas zaatakuje. &#8211; Uwierzmy, \u017ce niebezpiecze\u0144stwo ju\u017c jest i\u00a0nieuchronnie si\u0119 zbli\u017ca. Od 2022\u00a0r. &#8211; podsumowuje Mariusz Koz\u0142owski.<\/p>\n","protected":false},"excerpt":{"rendered":"Dodaj WP Wiadomo\u015bci jako preferowane \u017ar\u00f3d\u0142o w Google Nasze tre\u015bci b\u0119d\u0105 cz\u0119\u015bciej wy\u015bwietla\u0107 si\u0119 w Twoich wynikach Google&hellip;\n","protected":false},"author":2,"featured_media":660875,"comment_status":"","ping_status":"","sticky":false,"template":"","format":"standard","meta":{"footnotes":"","_share_on_mastodon":"0"},"categories":[5],"tags":[32,33,36,37,27,34,35,28,31,25,42,38,40,39,41,29,30,26],"class_list":["post-660874","post","type-post","status-publish","format-standard","has-post-thumbnail","category-naglowki","tag-breaking-news","tag-breakingnews","tag-featured-news","tag-featurednews","tag-headlines","tag-latest-news","tag-latestnews","tag-naglowki","tag-najwazniejsze-artykuly","tag-news","tag-pl","tag-poland","tag-polish","tag-polska","tag-polski","tag-top-stories","tag-topstories","tag-wiadomosci"],"share_on_mastodon":{"url":"https:\/\/pubeurope.com\/@pl\/117197821160883374","error":""},"_links":{"self":[{"href":"https:\/\/www.europesays.com\/pl\/wp-json\/wp\/v2\/posts\/660874","targetHints":{"allow":["GET"]}}],"collection":[{"href":"https:\/\/www.europesays.com\/pl\/wp-json\/wp\/v2\/posts"}],"about":[{"href":"https:\/\/www.europesays.com\/pl\/wp-json\/wp\/v2\/types\/post"}],"author":[{"embeddable":true,"href":"https:\/\/www.europesays.com\/pl\/wp-json\/wp\/v2\/users\/2"}],"replies":[{"embeddable":true,"href":"https:\/\/www.europesays.com\/pl\/wp-json\/wp\/v2\/comments?post=660874"}],"version-history":[{"count":0,"href":"https:\/\/www.europesays.com\/pl\/wp-json\/wp\/v2\/posts\/660874\/revisions"}],"wp:featuredmedia":[{"embeddable":true,"href":"https:\/\/www.europesays.com\/pl\/wp-json\/wp\/v2\/media\/660875"}],"wp:attachment":[{"href":"https:\/\/www.europesays.com\/pl\/wp-json\/wp\/v2\/media?parent=660874"}],"wp:term":[{"taxonomy":"category","embeddable":true,"href":"https:\/\/www.europesays.com\/pl\/wp-json\/wp\/v2\/categories?post=660874"},{"taxonomy":"post_tag","embeddable":true,"href":"https:\/\/www.europesays.com\/pl\/wp-json\/wp\/v2\/tags?post=660874"}],"curies":[{"name":"wp","href":"https:\/\/api.w.org\/{rel}","templated":true}]}}