{"id":660878,"date":"2026-09-01T21:07:13","date_gmt":"2026-09-01T21:07:13","guid":{"rendered":"https:\/\/www.europesays.com\/pl\/660878\/"},"modified":"2026-09-01T21:07:13","modified_gmt":"2026-09-01T21:07:13","slug":"sikorski-komentuje-slowa-nawrockiego-chodzi-o-westerplatte-wprost","status":"publish","type":"post","link":"https:\/\/www.europesays.com\/pl\/660878\/","title":{"rendered":"Sikorski komentuje s\u0142owa Nawrockiego. Chodzi o Westerplatte \u2013 Wprost"},"content":{"rendered":"\n<p>&#13;<br \/>\nWe wtorek 1\u00a0wrze\u015bnia na\u00a0<a href=\"https:\/\/www.wprost.pl\/kraj\/12428838\/rocznica-wybuchu-ii-wojny-swiatowej-przemowienia-tuska-nawrockiego-kosiniaka-kamysza.html\" title=\"Mocne s\u0142owa Karola Nawrockiego ws. reparacji. Apelowa\u0142 do\u00a0rz\u0105d\u00f3w Polski i\u00a0Niemiec\" rel=\"nofollow noopener\" target=\"_blank\">Westerplatte<\/a> mia\u0142y miejsce obchody 87. rocznicy wybuchu II\u00a0wojny \u015bwiatowej. W\u00a0uroczysto\u015bciach przed Pomnikiem Obro\u0144c\u00f3w Wybrze\u017ca wzi\u0105\u0142 udzia\u0142 Karol Nawrocki. \u2013\u00a0Dzi\u015b, kiedy wsp\u00f3lnie z\u00a0naszymi zachodnimi s\u0105siadami jeste\u015bmy w\u00a0Unii Europejskiej i\u00a0w\u00a0sojuszu P\u00f3\u0142nocnoatlantyckim, potrzebujemy odwagi cywilnej, odpowiedzialno\u015bci, zdecydowania polskich i\u00a0niemieckich polityk\u00f3w \u2013\u00a0powiedzia\u0142 prezydent. &#13;\n<\/p>\n<p>&#13;<br \/>\n\u2013 I\u00a0powiem wi\u0119cej \u2013\u00a0potrzebujemy te\u017c odwagi cywilnej i\u00a0s\u0142u\u017cenia Rzeczpospolitej Polskiej ze\u00a0strony niemieckich stronnictw w\u00a0Polsce. Potrzebujemy te\u017c zrozumienia tej sytuacji przez wszystkich historyk\u00f3w i\u00a0polityk\u00f3w wychowanych przez niemieckie fundacje. Odpowiedzialno\u015b\u0107 jest zbyt wielka. My\u00a0wszyscy musimy by\u0107, drodzy pa\u0144stwo, razem i\u00a0rozumie\u0107 pe\u0142ni\u0119 historii II\u00a0wojny \u015bwiatowej i\u00a0drogi do\u00a01 wrze\u015bnia 1939 roku \u2013\u00a0m\u00f3wi\u0142 Nawrocki. &#13;\n<\/p>\n<p>Rados\u0142aw Sikorski oceni\u0142 s\u0142owa Karola Nawrockiego z\u00a0Westerplatte. \u201eBezczelne to\u00a0i\u00a0g\u0142upie\u201d<\/p>\n<p>&#13;<br \/>\nDo wypowiedzi prezydenta odni\u00f3s\u0142 si\u0119 w\u00a0mediach spo\u0142eczno\u015bciowych Rados\u0142aw Sikorski. \u201ePrzemawiaj\u0105c na\u00a0Westerplatte w\u00a0rocznic\u0119 wybuchu wojny Karol Nawrocki m\u00f3g\u0142by sobie odpu\u015bci\u0107 wredne insynuacje o\u00a0rzekomej partii niemieckiej w\u00a0Polsce, tym bardziej, gdy w\u00a0nast\u0119pnym zdaniu apeluje o\u00a0jedno\u015b\u0107. Apeluje do\u00a0patriot\u00f3w czy\u00a0do\u00a0zdrajc\u00f3w? Bezczelne to\u00a0i\u00a0g\u0142upie\u201d \u2013\u00a0napisa\u0142 minister spraw zagranicznych. &#13;\n<\/p>\n<p>&#13;<br \/>\nSwoj\u0105 opini\u0119 wyrazi\u0142 te\u017c Patryk Michalski, kt\u00f3ry por\u00f3wna\u0142 wyst\u0105pienie Nawrockiego do\u00a0tych Andrzeja Dudy. \u201eCi\u0105gle fragmenty kampanijne. Wstawki o\u00a0tym, \u2018\u017ceby\u015bmy nie\u00a0musieli bra\u0107 zachodnich kredyt\u00f3w\u2019. Nie\u00a0na\u00a0Westerplatte, ale\u00a0przy okazji innych wyst\u0105pie\u0144 prezydent o\u00a0rosyjskich stronnictwach nie\u00a0m\u00f3wi. No chyba \u017ce\u00a0w\u00a0kontek\u015bcie przesz\u0142o\u015bci, PZPR i\u00a0celuj\u0105c we\u00a0W\u0142odzimierza Czarzastego. Rosyjskich ci\u0105got Brauna prezydent publicznie nie\u00a0zauwa\u017ca\u201d \u2013\u00a0skomentowa\u0142 dziennikarz TVN24. &#13;\n<\/p>\n<p>&#13;<br \/>\n   Czytaj te\u017c:<br \/><a href=\"https:\/\/www.wprost.pl\/kraj\/12429207\/znany-adwokat-poprosil-karola-nawrockiego-o-ulaskawienie-odsiaduje-wyrok-wiezienia.html\" rel=\"follow nofollow noopener\" data-schema=\"WPROST\" data-image=\"https:\/\/img.wprost.pl\/_thumb\/0c\/b5\/7cc846480fb3da67523ab0417975.jpeg\" target=\"_blank\">B\u0119d\u0105 kolejne u\u0142askawienia? Zaskakuj\u0105ce, kto zwr\u00f3ci\u0142 si\u0119 do\u00a0prezydenta Nawrockiego<\/a>   Czytaj te\u017c:<br \/><a href=\"https:\/\/www.wprost.pl\/opinie-i-komentarze\/12428964\/afera-zondacrypto-nawrocki-zostal-nagrany-leskiewicz-komentuje.html\" rel=\"follow nofollow noopener\" data-schema=\"WPROST\" data-image=\"https:\/\/img.wprost.pl\/_thumb\/3b\/c6\/7dd6dd4262a6514ca341514d4a77.jpeg\" target=\"_blank\">Pojawi\u0105 si\u0119 \u201eta\u015bmy\u201d Karola Nawrockiego? Ostry komentarz rzecznika prezydenta<\/a>&#13;<\/p>\n","protected":false},"excerpt":{"rendered":"&#13; We wtorek 1\u00a0wrze\u015bnia na\u00a0Westerplatte mia\u0142y miejsce obchody 87. rocznicy wybuchu II\u00a0wojny \u015bwiatowej. W\u00a0uroczysto\u015bciach przed Pomnikiem Obro\u0144c\u00f3w Wybrze\u017ca&hellip;\n","protected":false},"author":2,"featured_media":660879,"comment_status":"","ping_status":"","sticky":false,"template":"","format":"standard","meta":{"footnotes":"","_share_on_mastodon":"0"},"categories":[62712],"tags":[690,49,52592,295,59734,907,4046,128514,55602,43315],"class_list":["post-660878","post","type-post","status-publish","format-standard","has-post-thumbnail","category-karol-nawrocki","tag-karol-nawrocki","tag-kraj","tag-krystian-winogrodzki","tag-niemcy","tag-opinie-i-komentarze","tag-polityka","tag-radoslaw-sikorski","tag-stronnictwa","tag-westerplatte","tag-wprost"],"share_on_mastodon":{"url":"https:\/\/pubeurope.com\/@pl\/117197828613428012","error":""},"_links":{"self":[{"href":"https:\/\/www.europesays.com\/pl\/wp-json\/wp\/v2\/posts\/660878","targetHints":{"allow":["GET"]}}],"collection":[{"href":"https:\/\/www.europesays.com\/pl\/wp-json\/wp\/v2\/posts"}],"about":[{"href":"https:\/\/www.europesays.com\/pl\/wp-json\/wp\/v2\/types\/post"}],"author":[{"embeddable":true,"href":"https:\/\/www.europesays.com\/pl\/wp-json\/wp\/v2\/users\/2"}],"replies":[{"embeddable":true,"href":"https:\/\/www.europesays.com\/pl\/wp-json\/wp\/v2\/comments?post=660878"}],"version-history":[{"count":0,"href":"https:\/\/www.europesays.com\/pl\/wp-json\/wp\/v2\/posts\/660878\/revisions"}],"wp:featuredmedia":[{"embeddable":true,"href":"https:\/\/www.europesays.com\/pl\/wp-json\/wp\/v2\/media\/660879"}],"wp:attachment":[{"href":"https:\/\/www.europesays.com\/pl\/wp-json\/wp\/v2\/media?parent=660878"}],"wp:term":[{"taxonomy":"category","embeddable":true,"href":"https:\/\/www.europesays.com\/pl\/wp-json\/wp\/v2\/categories?post=660878"},{"taxonomy":"post_tag","embeddable":true,"href":"https:\/\/www.europesays.com\/pl\/wp-json\/wp\/v2\/tags?post=660878"}],"curies":[{"name":"wp","href":"https:\/\/api.w.org\/{rel}","templated":true}]}}