{"id":660888,"date":"2026-09-01T21:16:18","date_gmt":"2026-09-01T21:16:18","guid":{"rendered":"https:\/\/www.europesays.com\/pl\/660888\/"},"modified":"2026-09-01T21:16:18","modified_gmt":"2026-09-01T21:16:18","slug":"glosne-nazwiska-i-wielkie-dziela-bilety-na-nowy-sezon-w-filharmonii-w-szczecinie-juz-w-sprzedazy","status":"publish","type":"post","link":"https:\/\/www.europesays.com\/pl\/660888\/","title":{"rendered":"G\u0142o\u015bne nazwiska i wielkie dzie\u0142a. Bilety na nowy sezon w Filharmonii w Szczecinie ju\u017c w sprzeda\u017cy"},"content":{"rendered":"<p>\n                        Arty\u015bci uznani i bardzo cenieni, laureaci konkurs\u00f3w i nowe projekty tw\u00f3rc\u00f3w, na kt\u00f3rych publiczno\u015b\u0107 zawsze bardzo czeka. Repertuar zr\u00f3\u017cnicowany, zar\u00f3wno klasyczny, jak te\u017c premierowy, a tak\u017ce festiwalowe \u015bwi\u0119to patrona Mieczys\u0142awa Kar\u0142owicza. Tak w du\u017cym skr\u00f3cie mo\u017cna okre\u015bli\u0107 to, co przygotowa\u0142a Filharmonia w Szczecinie na nowy sezon, kt\u00f3ry oficjalnie i uroczy\u015bcie rozpocznie si\u0119 2 pa\u017adziernika.\n                    <\/p>\n<p>                                                                                                        Pianistyczne otwarcie w pa\u017adzierniku<\/p>\n<p align=\"LEFT\">Finalista ubieg\u0142orocznego Konkursu Chopinowskiego u\u015bwietni t\u0119 inauguracj\u0119. Orkiestr\u0119 Symfoniczn\u0105 Filharmonii w Szczecinie poprowadzi Przemys\u0142aw Neumann, a przy fortepianie pojawi si\u0119 m\u0142ody gruzi\u0144ski muzyk, David Khrikuli. Ten pianista sw\u00f3j pierwszy mi\u0119dzynarodowy konkurs wygra\u0142 w wieku 12 lat! Program wieczoru wype\u0142ni\u0105 m.in. II Koncert fortepianowy Chopina oraz II\u00a0Symfonia Jeana Sibeliusa.<\/p>\n<p>Wielkie symfonie i rocznica Beethovena<\/p>\n<p align=\"LEFT\">Taki b\u0119dzie wst\u0119p do dalszych wydarze\u0144, w\u015br\u00f3d kt\u00f3rych zapowiedziano kolejne wielkie dzie\u0142a symfoniczne. Publiczno\u015b\u0107 b\u0119dzie mog\u0142a us\u0142ysze\u0107 mi\u0119dzy innymi V Symfoni\u0119 Czajkowskiego,\u00a0I i\u00a0III Symfoni\u0119 Brahmsa,\u00a0IV Symfoni\u0119 Mahlera,\u00a0Bolero\u00a0Ravela,\u00a0La Mer\u00a0Debussy&#8217;ego,\u00a0Requiem\u00a0i\u00a0Symfoni\u0119 nr\u00a040\u00a0Mozarta, a\u00a0tak\u017ce dzie\u0142a klasyka z Bonn, w\u00a0tym monumentaln\u0105 V Symfoni\u0119\u00a0i\u00a0Symfoni\u0119 Pastoraln\u0105 w ramach cyklu Beethoven 200, przygotowanego na dwusetn\u0105 rocznic\u0119 \u015bmierci tego tw\u00f3rcy, przypadaj\u0105c\u0105 na przysz\u0142y rok.<\/p>\n<p>Znakomici dyrygenci i cenieni soli\u015bci<\/p>\n<p align=\"LEFT\">W\u015br\u00f3d dyrygent\u00f3w, kt\u00f3rzy w tym sezonie artystycznym przyjad\u0105 do Szczecina, znajd\u0105\u00a0si\u0119\u00a0tak cenieni tw\u00f3rcy jak: N\u00e9stor Bayona,\u00a0Christian Schumann,\u00a0Mario Venzago,\u00a0Benjamin Bayl\u00a0czy\u00a0Josep Caball\u00e9 Domenech.<\/p>\n<p align=\"LEFT\">Solistami koncert\u00f3w b\u0119d\u0105 natomiast mi\u0119dzy innymi tacy jak piani\u015bci\u00a0\u00a0Piotr Pawlak czy bracia\u00a0Hyuk i\u00a0Hyo Lee\u00a0\u2013 znani z udzia\u0142u w XIX Konkursie Chopinowskim. Ci ostatni zaprezentuj\u0105 dzie\u0142o Arthura Benjamina \u201eSze\u015b\u0107 utwor\u00f3w karaibskich\u00a0na dwa fortepiany\u201d oraz \u201eLa Valse\u201d Maurice&#8217;a Ravela. Na scenie zobaczymy tak\u017ce skrzypaczki\u00a0Alexandr\u0119 Conunov\u0105\u00a0i\u00a0Mari\u0119 Ioudenitch, waltornist\u0119\u00a0Radka Babor\u00e1ka\u00a0czy tr\u0119bacza\u00a0Estebana Batall\u00e1na. 28 pa\u017adziernika tego roku nominowani do Nagrody Grammy gitarzy\u015bci \u2013 Mateusz Kowalski i Mak Grgi\u0107 \u2013 zaprezentuj\u0105 w Sali Kameralnej program \u201eSlavic Sessions\u201d. Istotnym wydarzeniem b\u0119d\u0105 te\u017c na pewno koncerty laureat\u00f3w I\u00a0i\u00a0II\u00a0nagrody oraz uczestnik\u00f3w tegorocznego Konkursu Wieniawskiego (w listopadzie).<\/p>\n<p>Pierwsza edycja nowego festiwalu<\/p>\n<p align=\"LEFT\">Szczeg\u00f3lne wa\u017cn\u0105 pozycj\u0105 w programie sezonu b\u0119dzie \u00a0Kar\u0142owicz Fest \u2013 pierwszy festiwal po\u015bwi\u0119cony w ca\u0142o\u015bci tw\u00f3rczo\u015bci patrona Filharmonii w Szczecinie \u2013 Mieczys\u0142awa Kar\u0142owicza. Zostanie zorganizowany z okazji 150. rocznicy urodzin kompozytora i potrwa dziewi\u0119\u0107 dni \u2013 od 11 do 19 grudnia tego roku. Jego muzyka b\u0119dzie wykonywana przez Orkiestr\u0119 Symfonicznej Filharmonii w Szczecinie oraz zaproszone zespo\u0142y takie jak Sinfonia Iuventus, Orkiestra Filharmonii \u0141\u00f3dzkiej i Orkiestra Polskiej Filharmonii Ba\u0142tyckiej. Dyrygentami b\u0119d\u0105: Przemys\u0142aw Neumann, Antoni Wit, Pawe\u0142 Przytocki i Daniel Smith. Festiwal wzbogac\u0105 wystawa autorskich fotografii Kar\u0142owicza, projekcja filmu oraz debata po\u015bwi\u0119cona jego g\u00f3rskim pasjom.<\/p>\n<p>Jazz i muzyka \u015bwiata<\/p>\n<p align=\"LEFT\">Sezon 2026\/2027 to r\u00f3wnie\u017c propozycje jazzowe i muzyka \u015bwiata. Jesieni\u0105 w szczeci\u0144skiej filharmonii us\u0142yszymy m.in. grup\u0119 Atom String Quartet (w programie Atom Goes Funky),\u00a0\u00a0 Paulin\u0119 Przybysz (z utworami z p\u0142yty \u201eInsides\u201d), a w kwietniu 2027 roku \u2013 Scandinavian Art Ensamble. W styczniu przysz\u0142ego roku w Sali Kameralnej zagra tak\u017ce Bester Quartet. W cyklu \u201eFilharmonia Light\u201d zaprezentuj\u0105 si\u0119 mi\u0119dzy innymi Mitch &amp; Mitch (z repertuarem z\u0142o\u017conym z kompozycji Ennio Morricone) \u00a0czy Krzysztof Herdzin z projektem po\u015bwi\u0119conym tw\u00f3rczo\u015bci Zbigniewa Wodeckiego i Andrzeja Zauchy.<\/p>\n<p>Nowy projekt Leszka Mo\u017cd\u017cera<\/p>\n<p align=\"LEFT\">W cyklu \u201eGo\u015bcie w Filharmonii\u201d dobrze w Szczecinie znana wiolonczelistka, Dobrawa Czocher, zaprezentuje materia\u0142 ze swej solowej p\u0142yty \u201eState of Matter\u201d (16 pa\u017adziernika), na kt\u00f3rej znajduje si\u0119 muzyka zainspirowana\u2026 obserwacjami morza, a\u00a023 kwietnia pianista Leszek Mo\u017cd\u017cer i skrzypek Kacper Malisz przedstawi\u0105 sw\u00f3j nowy, wsp\u00f3lny projekt.<\/p>\n<p>Fortepian w g\u0142\u00f3wnej roli tak\u017ce w finale<\/p>\n<p align=\"LEFT\">Zako\u0144czenie sezonu numer 79. (18 i 19 czerwca 2027 roku) r\u00f3wnie\u017c b\u0119dzie imponuj\u0105ce. Us\u0142yszymy a\u017c\u00a0dwa wa\u017cne dzie\u0142a pocz\u0105tku XX\u00a0wieku. To III Koncert fortepianowy d-moll Sergieja Rachmaninowa\u00a0z 1909 roku roku, kt\u00f3ry wykona\u00a0Alexander Gavrylyuk\u00a0\u2013 urodzony w\u00a0Ukrainie australijski pianista, kt\u00f3ry pierwszy koncert z\u00a0orkiestr\u0105 wykona\u0142 ju\u017c jako\u2026 dziewi\u0119ciolatek. W drugiej cz\u0119\u015bci wieczoru zostanie przedstawiony poemat symfoniczny \u201eSyrenka\u201d Alexandra Zemlinsky\u2019ego.<\/p>\n<p align=\"LEFT\">Sprzeda\u017c bilet\u00f3w oraz abonament\u00f3w ruszy\u0142a 1 wrze\u015bnia 2026 roku o godz. 11:00, zar\u00f3wno online, jak i w kasie.<\/p>\n","protected":false},"excerpt":{"rendered":"Arty\u015bci uznani i bardzo cenieni, laureaci konkurs\u00f3w i nowe projekty tw\u00f3rc\u00f3w, na kt\u00f3rych publiczno\u015b\u0107 zawsze bardzo czeka. Repertuar&hellip;\n","protected":false},"author":2,"featured_media":660889,"comment_status":"","ping_status":"","sticky":false,"template":"","format":"standard","meta":{"footnotes":"","_share_on_mastodon":"0"},"categories":[51611],"tags":[291,1089,3839,3511,261,3840,42,38,40,907,39,41,123,2307,26,1092],"class_list":["post-660888","post","type-post","status-publish","format-standard","has-post-thumbnail","category-szczecin","tag-historia","tag-imprezy","tag-interwencje","tag-inwestycje","tag-kultura","tag-lokale","tag-pl","tag-poland","tag-polish","tag-polityka","tag-polska","tag-polski","tag-rozrywka","tag-szczecin","tag-wiadomosci","tag-wydarzenia"],"share_on_mastodon":{"url":"https:\/\/pubeurope.com\/@pl\/117197863972586627","error":""},"_links":{"self":[{"href":"https:\/\/www.europesays.com\/pl\/wp-json\/wp\/v2\/posts\/660888","targetHints":{"allow":["GET"]}}],"collection":[{"href":"https:\/\/www.europesays.com\/pl\/wp-json\/wp\/v2\/posts"}],"about":[{"href":"https:\/\/www.europesays.com\/pl\/wp-json\/wp\/v2\/types\/post"}],"author":[{"embeddable":true,"href":"https:\/\/www.europesays.com\/pl\/wp-json\/wp\/v2\/users\/2"}],"replies":[{"embeddable":true,"href":"https:\/\/www.europesays.com\/pl\/wp-json\/wp\/v2\/comments?post=660888"}],"version-history":[{"count":0,"href":"https:\/\/www.europesays.com\/pl\/wp-json\/wp\/v2\/posts\/660888\/revisions"}],"wp:featuredmedia":[{"embeddable":true,"href":"https:\/\/www.europesays.com\/pl\/wp-json\/wp\/v2\/media\/660889"}],"wp:attachment":[{"href":"https:\/\/www.europesays.com\/pl\/wp-json\/wp\/v2\/media?parent=660888"}],"wp:term":[{"taxonomy":"category","embeddable":true,"href":"https:\/\/www.europesays.com\/pl\/wp-json\/wp\/v2\/categories?post=660888"},{"taxonomy":"post_tag","embeddable":true,"href":"https:\/\/www.europesays.com\/pl\/wp-json\/wp\/v2\/tags?post=660888"}],"curies":[{"name":"wp","href":"https:\/\/api.w.org\/{rel}","templated":true}]}}