{"id":660920,"date":"2026-09-01T21:32:15","date_gmt":"2026-09-01T21:32:15","guid":{"rendered":"https:\/\/www.europesays.com\/pl\/660920\/"},"modified":"2026-09-01T21:32:15","modified_gmt":"2026-09-01T21:32:15","slug":"zelenski-oglasza-paraliz-rosyjskiego-nieba-i-ostrzega-pasazerow-skonczylo-sie","status":"publish","type":"post","link":"https:\/\/www.europesays.com\/pl\/660920\/","title":{"rendered":"Ze\u0142enski og\u0142asza parali\u017c rosyjskiego nieba i ostrzega pasa\u017cer\u00f3w: Sko\u0144czy\u0142o si\u0119"},"content":{"rendered":"<p>Rosyjskie niebo stanie si\u0119 niebezpieczne dla cywilnych samolot\u00f3w, poniewa\u017c liczba dron\u00f3w w przestrzeni powietrznej Rosji sprawia, \u017ce wojna rozp\u0119tana przez ten kraj de facto zamyka jego niebo &#8211; o\u015bwiadczy\u0142 we wtorek prezydent Ukrainy Wo\u0142odymyr Ze\u0142enski dodaj\u0105c, \u017ce rusza kampania zablokowania rosyjskiej przestrzeni powietrznej.<\/p>\n<p><img decoding=\"async\" class=\"o-graphics-multiobject__inner-blurry-picture-img\" src=\"https:\/\/www.europesays.com\/pl\/wp-content\/uploads\/2026\/09\/916c728bbb73b3-948-568-0-239-2937-1762.jpg\" width=\"948\" height=\"568\" alt=\"Ze\u0142enski og\u0142asza parali\u017c rosyjskiego nieba i ostrzega pasa\u017cer\u00f3w: Sko\u0144czy\u0142o si\u0119\" loading=\"lazy\"\/><img decoding=\"async\" class=\"o-graphics-multiobject__item webfeedsFeaturedVisual\" src=\"https:\/\/www.europesays.com\/pl\/wp-content\/uploads\/2026\/09\/916c728bbb73b3-948-568-0-239-2937-1762.jpg\" width=\"948\" height=\"568\" alt=\"Ze\u0142enski og\u0142asza parali\u017c rosyjskiego nieba i ostrzega pasa\u017cer\u00f3w: Sko\u0144czy\u0142o si\u0119\" loading=\"lazy\"\/>fot. Stringer \/ \/\u00a0 Reuters \/ Forum<\/p>\n<p>\u201eDzi\u015b chcemy ostrzec ka\u017cd\u0105 lini\u0119 lotnicz\u0105 korzystaj\u0105c\u0105 z rosyjskiej przestrzeni powietrznej, ka\u017cdego ubezpieczyciela oraz wszystkich, kt\u00f3rzy nadal korzystaj\u0105 z kluczowych rosyjskich lotnisk: rosyjskie niebo staje si\u0119 ca\u0142kowicie niebezpieczne. Ukraina nie zagra\u017ca lotnictwu cywilnemu jako takiemu \u2013 \u017cadnemu cywilnemu samolotowi. Po prostu na rosyjskim niebie b\u0119dzie tyle dron\u00f3w, \u017ce trzeba to bra\u0107 pod uwag\u0119. Cho\u0107 rosyjskie w\u0142adze nie informuj\u0105 o tym w nale\u017cyty spos\u00f3b, rosyjska przestrze\u0144 powietrzna b\u0119dzie de facto zamykana: wojna rozp\u0119tana przez Rosj\u0119 zamyka jej niebo\u201d &#8211; napisa\u0142 Ze\u0142enski w komunikatorze Telegram.<\/p>\n<p>Prezydent zaznaczy\u0142, \u017ce Ukraina nie chce, aby gin\u0119li niewinni ludzie, dlatego ostrzega partner\u00f3w, \u017ce \u201ena rosyjskim niebie sko\u0144czy\u0142y si\u0119 bezpieczne momenty\u201d.<\/p>\n<p>Ze\u0142enski ostrzega linie lotnicze przed lotami do Rosji<\/p>\n<p>Wed\u0142ug Ze\u0142enskiego wa\u017cne jest, aby ambasadorowie pa\u0144stw pracuj\u0105cy w Ukrainie oraz w Moskwie przekazali swoim stolicom informacje o tym, co rosyjska wojna oznacza dla kraju ka\u017cdego z nich i narodu, gdy\u017c ka\u017cdy z dyplomat\u00f3w doskonale zdaje sobie z tego spraw\u0119.<\/p>\n<p>\u201eWa\u017cne jest, aby us\u0142ysza\u0142y to odpowiednie linie lotnicze, kt\u00f3re obecnie lataj\u0105 na rosyjskie lotniska, przede wszystkim w Moskwie i Petersburgu, a tak\u017ce na inne kluczowe rosyjskie kierunki\u201d &#8211; zauwa\u017cy\u0142.<\/p>\n<p><a class=\"a-anchor\" href=\"https:\/\/konkurs.bankier.pl\/?utm_source=redakcja&amp;utm_medium=potykacz\" rel=\"noopener nofollow\" target=\"_blank\"><img decoding=\"async\" alt=\"Wakacje na gie\u0142dzie\" class=\"a-image__img\" height=\"154\" loading=\"lazy\" src=\"https:\/\/www.europesays.com\/pl\/wp-content\/uploads\/2026\/09\/1788298335_78_promo_potykacz_wakacje_na_gieldzie.png\" width=\"732\"\/><\/a><\/p>\n<p>Szef pa\u0144stwa poinformowa\u0142, \u017ce MSZ Ukrainy i odpowiednie ukrai\u0144skie instytucje przeka\u017c\u0105 mi\u0119dzynarodowym organizacjom pe\u0142ne informacje na temat zagro\u017ce\u0144 w rosyjskiej przestrzeni powietrznej.\u00a0<\/p>\n<blockquote>\n<p>Dla lotnictwa cywilnego nie ma miejsca w\u015br\u00f3d dron\u00f3w &#8211; podkre\u015bli\u0142 prezydent.<\/p>\n<\/blockquote>\n<p>1000 ukrai\u0144skich dron\u00f3w dziennie uderzy w Rosj\u0119<\/p>\n<p>Ze\u0142enski o\u015bwiadczy\u0142, \u017ce Ukraina uwzgl\u0119dni planowane nowe spotkania w Moskwie i jest gotowa, na pro\u015bb\u0119 partner\u00f3w mi\u0119dzynarodowych, zapewni\u0107 przerwy w atakach na okre\u015blonych kierunkach oraz w uzgodnionych przedzia\u0142ach czasowych w imi\u0119 dyplomacji.<\/p>\n<p>\u201eKiedy Amerykanie zwr\u00f3cili si\u0119 do nas z pro\u015bb\u0105 o zawieszenie atak\u00f3w na Moskw\u0119 i Petersburg w dniach 25, 26 i 27 sierpnia, by\u0142a dotrzymana ta przerwa. (&#8230;) Kiedy zwr\u00f3ci\u0142o si\u0119 do nas inne \u015bwiatowe mocarstwo z pro\u015bb\u0105 o wprowadzenie przerwy w atakach na okre\u015blony czas w kierunku W\u0142adywostoku \u2013 to r\u00f3wnie\u017c zapewnimy. Obecnie trwaj\u0105 przygotowania do nowych spotka\u0144 w Moskwie \u2013 we\u017amiemy to pod uwag\u0119\u201d \u2013 stwierdzi\u0142.<\/p>\n<p>W pi\u0105tek Ze\u0142enski poinformowa\u0142, \u017ce nakaza\u0142 zwi\u0119kszenie intensywno\u015bci atak\u00f3w dronowych na Rosj\u0119 do poziomu 1000 bezza\u0142ogowc\u00f3w wystrzeliwanych ka\u017cdego dnia.<\/p>\n<p>Ukraina przeprowadza naloty na obiekty w Rosji, zar\u00f3wno przy granicy, jak i w g\u0142\u0119bi tego kraju. Atakowane s\u0105 g\u0142\u00f3wnie elementy infrastruktury przemys\u0142u paliwowego, a od po\u0142owy lipca \u2013 tak\u017ce centra logistyczne, nale\u017c\u0105ce m.in. do sieci Wildberries. Dla Ukrainy s\u0105 one uzasadnionymi celami wojskowymi ze wzgl\u0119du na ich rol\u0119 we wspieraniu rosyjskiej machiny wojennej podczas trwaj\u0105cej od ponad czterech lat wojny na pe\u0142n\u0105 skal\u0119.<\/p>\n<p>Z Kijowa Iryna Hirnyk (PAP)<\/p>\n<p>ira\/ ap\/<\/p>\n","protected":false},"excerpt":{"rendered":"Rosyjskie niebo stanie si\u0119 niebezpieczne dla cywilnych samolot\u00f3w, poniewa\u017c liczba dron\u00f3w w przestrzeni powietrznej Rosji sprawia, \u017ce wojna&hellip;\n","protected":false},"author":2,"featured_media":660921,"comment_status":"","ping_status":"","sticky":false,"template":"","format":"standard","meta":{"footnotes":"","_share_on_mastodon":"0"},"categories":[5],"tags":[32,33,36,37,27,34,35,28,31,25,42,38,40,39,41,29,30,26],"class_list":["post-660920","post","type-post","status-publish","format-standard","has-post-thumbnail","category-naglowki","tag-breaking-news","tag-breakingnews","tag-featured-news","tag-featurednews","tag-headlines","tag-latest-news","tag-latestnews","tag-naglowki","tag-najwazniejsze-artykuly","tag-news","tag-pl","tag-poland","tag-polish","tag-polska","tag-polski","tag-top-stories","tag-topstories","tag-wiadomosci"],"share_on_mastodon":{"url":"https:\/\/pubeurope.com\/@pl\/117197927977940052","error":""},"_links":{"self":[{"href":"https:\/\/www.europesays.com\/pl\/wp-json\/wp\/v2\/posts\/660920","targetHints":{"allow":["GET"]}}],"collection":[{"href":"https:\/\/www.europesays.com\/pl\/wp-json\/wp\/v2\/posts"}],"about":[{"href":"https:\/\/www.europesays.com\/pl\/wp-json\/wp\/v2\/types\/post"}],"author":[{"embeddable":true,"href":"https:\/\/www.europesays.com\/pl\/wp-json\/wp\/v2\/users\/2"}],"replies":[{"embeddable":true,"href":"https:\/\/www.europesays.com\/pl\/wp-json\/wp\/v2\/comments?post=660920"}],"version-history":[{"count":0,"href":"https:\/\/www.europesays.com\/pl\/wp-json\/wp\/v2\/posts\/660920\/revisions"}],"wp:featuredmedia":[{"embeddable":true,"href":"https:\/\/www.europesays.com\/pl\/wp-json\/wp\/v2\/media\/660921"}],"wp:attachment":[{"href":"https:\/\/www.europesays.com\/pl\/wp-json\/wp\/v2\/media?parent=660920"}],"wp:term":[{"taxonomy":"category","embeddable":true,"href":"https:\/\/www.europesays.com\/pl\/wp-json\/wp\/v2\/categories?post=660920"},{"taxonomy":"post_tag","embeddable":true,"href":"https:\/\/www.europesays.com\/pl\/wp-json\/wp\/v2\/tags?post=660920"}],"curies":[{"name":"wp","href":"https:\/\/api.w.org\/{rel}","templated":true}]}}