{"id":660946,"date":"2026-09-01T21:49:20","date_gmt":"2026-09-01T21:49:20","guid":{"rendered":"https:\/\/www.europesays.com\/pl\/660946\/"},"modified":"2026-09-01T21:49:20","modified_gmt":"2026-09-01T21:49:20","slug":"skrot-meczu-odra-opole-wisla-krakow-2-1-wideo","status":"publish","type":"post","link":"https:\/\/www.europesays.com\/pl\/660946\/","title":{"rendered":"SKR\u00d3T MECZU: Odra Opole &#8211; Wis\u0142a Krak\u00f3w 2-1 [WIDEO]"},"content":{"rendered":"<p>\t\t\t\t        <img loading=\"lazy\" decoding=\"async\" src=\"https:\/\/www.europesays.com\/pl\/wp-content\/uploads\/2026\/09\/transmisja-55749-1788289469-list_item_1000_108129.jpg\" alt=\"Skr\u00f3t meczu Odra Opole - Wis\u0142a Krak\u00f3w 2-1 (fot. YouTube)\" width=\"900\" height=\"600\"\/><\/p>\n<p>Skr\u00f3t meczu Odra Opole &#8211; Wis\u0142a Krak\u00f3w 2-1 (fot. YouTube)<\/p>\n<p>\t\t\t\tMecz Odra Opole &#8211; <a href=\"https:\/\/www.podkarpacielive.pl\/statystyki\/673,wisla-krakow\" rel=\"nofollow noopener\" target=\"_blank\">Wis\u0142a Krak\u00f3w<\/a> (Puchar Polski &#8211; I runda) zako\u0144czy\u0142 si\u0119 wynikiem 2-1 Zobacz skr\u00f3t meczu &#8211; bramki i najciekawsze fragmenty tego pojedynku w poni\u017cszym materiale wideoOdra Opole &#8211; Wis\u0142a Krak\u00f3w 2-1 [SKR\u00d3T MECZU]<\/p>\n<p>\t                <img decoding=\"async\" src=\"https:\/\/www.europesays.com\/pl\/wp-content\/uploads\/2026\/09\/maxresdefault.jpg\" alt=\"YouTube Thumbnail\" style=\"position: absolute; top: 0; left: 0; width: 100%; height: 100%; object-fit: cover;\" loading=\"lazy\"\/><\/p>\n<p>\t\t\t\t\t    <img decoding=\"async\" src=\"https:\/\/www.europesays.com\/pl\/wp-content\/uploads\/2026\/09\/youtube-play.png\" alt=\"Play\" style=\"width: 100%; height: 100%; display: block;\"\/><\/p>\n<p>Stopka meczowa #156319 (strzelcy)<\/p>\n<p class=\"skrot-hub-cta\" style=\"margin:18px 0 8px;padding:12px 14px;background:#f4f8f3;border-left:3px solid #318223;font-size:15px;line-height:1.45;color:#222;\">Interesuj\u0105 Ci\u0119 bramki i skr\u00f3ty spotka\u0144? Sprawd\u017a nasz dzia\u0142 <a href=\"https:\/\/www.podkarpacielive.pl\/skroty-meczow\" style=\"color:#318223;font-weight:700;text-decoration:underline;\" rel=\"nofollow noopener\" target=\"_blank\">skr\u00f3ty mecz\u00f3w od Ekstraklasy do 4 ligi<\/a>.<\/p>\n","protected":false},"excerpt":{"rendered":"Skr\u00f3t meczu Odra Opole &#8211; Wis\u0142a Krak\u00f3w 2-1 (fot. YouTube) Mecz Odra Opole &#8211; Wis\u0142a Krak\u00f3w (Puchar Polski&hellip;\n","protected":false},"author":2,"featured_media":660947,"comment_status":"","ping_status":"","sticky":false,"template":"","format":"standard","meta":{"footnotes":"","_share_on_mastodon":"0"},"categories":[51606],"tags":[51458,70056,70057,70055,70060,2449,1304,30321,269,42,8135,70059,38,40,39,41,57780,1838,131,127,70061,6743,14763,63331,57619,26654,24505,70058,174],"class_list":["post-660946","post","type-post","status-publish","format-standard","has-post-thumbnail","category-krakow","tag-2-liga","tag-3-liga-grupa-iv","tag-4-liga-podkarpacka","tag-asseco-resovia","tag-developres-rzeszow","tag-koszykowka","tag-krakow","tag-miasto-szkla-krosno","tag-pilka-nozna","tag-pl","tag-podkarpacie","tag-podkarpacki-sport","tag-poland","tag-polish","tag-polska","tag-polski","tag-relacje-live","tag-siarka-tarnobrzeg","tag-siatkowka","tag-sport","tag-spr-stal-mielec","tag-stal-mielec","tag-stal-rzeszow","tag-transmisje-na-zywo","tag-wilki-krosno","tag-wisloka-debica","tag-wyniki-na-zywo","tag-wyniki-pilka-podkarpacie","tag-zuzel"],"share_on_mastodon":{"url":"https:\/\/pubeurope.com\/@pl\/117197994819273595","error":""},"_links":{"self":[{"href":"https:\/\/www.europesays.com\/pl\/wp-json\/wp\/v2\/posts\/660946","targetHints":{"allow":["GET"]}}],"collection":[{"href":"https:\/\/www.europesays.com\/pl\/wp-json\/wp\/v2\/posts"}],"about":[{"href":"https:\/\/www.europesays.com\/pl\/wp-json\/wp\/v2\/types\/post"}],"author":[{"embeddable":true,"href":"https:\/\/www.europesays.com\/pl\/wp-json\/wp\/v2\/users\/2"}],"replies":[{"embeddable":true,"href":"https:\/\/www.europesays.com\/pl\/wp-json\/wp\/v2\/comments?post=660946"}],"version-history":[{"count":0,"href":"https:\/\/www.europesays.com\/pl\/wp-json\/wp\/v2\/posts\/660946\/revisions"}],"wp:featuredmedia":[{"embeddable":true,"href":"https:\/\/www.europesays.com\/pl\/wp-json\/wp\/v2\/media\/660947"}],"wp:attachment":[{"href":"https:\/\/www.europesays.com\/pl\/wp-json\/wp\/v2\/media?parent=660946"}],"wp:term":[{"taxonomy":"category","embeddable":true,"href":"https:\/\/www.europesays.com\/pl\/wp-json\/wp\/v2\/categories?post=660946"},{"taxonomy":"post_tag","embeddable":true,"href":"https:\/\/www.europesays.com\/pl\/wp-json\/wp\/v2\/tags?post=660946"}],"curies":[{"name":"wp","href":"https:\/\/api.w.org\/{rel}","templated":true}]}}