{"id":660948,"date":"2026-09-01T21:50:12","date_gmt":"2026-09-01T21:50:12","guid":{"rendered":"https:\/\/www.europesays.com\/pl\/660948\/"},"modified":"2026-09-01T21:50:12","modified_gmt":"2026-09-01T21:50:12","slug":"atak-rosji-sobkowiak-czarnecka-polska-absolutnie-gotowa-na-wojne","status":"publish","type":"post","link":"https:\/\/www.europesays.com\/pl\/660948\/","title":{"rendered":"Atak Rosji? Sobkowiak-Czarnecka: Polska absolutnie gotowa na wojn\u0119"},"content":{"rendered":"\n<p>&#13;<br \/>\nWiceszefowa MON skomentowa\u0142a poziom polskiej obronno\u015bci we\u00a0wtorkowej rozmowie z\u00a0TVP Info. Sobkowiak-Czarnecka, zapytana o\u00a0to, czy\u00a0boi si\u0119 wojny, odpowiedzia\u0142a: &#8222;ka\u017cdy si\u0119 boi wojny i\u00a0trzeba robi\u0107 wszystko, \u017ceby tej wojny unikn\u0105\u0107&#8221;. Najciekawsza deklaracja pad\u0142a jednak p\u00f3\u017aniej, gdy wiceminister zaznaczy\u0142a, \u017ce\u00a0Polska jest &#8222;absolutnie gotowa&#8221; na\u00a0potencjalne zagro\u017cenia. &#13;\n<\/p>\n<p>&#13;<br \/>\n\u2013 To, co\u00a0robimy, to\u00a0tylko wzmacniamy nasz\u0105 si\u0142\u0119, naszym pierwszym zadaniem jest odstraszanie \u2013\u00a0podkre\u015bli\u0142a wiceminister. &#13;\n<\/p>\n<p>Sobkowiak-Czarnecka: Historyjka o\u00a0ci\u0105g\u0142ym straszeniu Niemcami<\/p>\n<p>&#13;<br \/>\nMagdalena Sobkowiak-Czarnecka skomentowa\u0142a r\u00f3wnie\u017c <a href=\"https:\/\/dorzeczy.pl\/opinie\/936514\/nawrocki-to-jest-prawda-z-ktora-wielki-problem-maja-rzadzacy.html\" rel=\"nofollow noopener\" target=\"_blank\">przem\u00f3wienie prezydenta Karola Nawrockiego<\/a> wyg\u0142oszone na\u00a0Westerplatte podczas uroczysto\u015bci 87. rocznicy wybuchu II\u00a0wojny \u015bwiatowej. &#13;\n<\/p>\n<p>&#13;<br \/>\nG\u0142owa pa\u0144stwa zwr\u00f3ci\u0142a uwag\u0119 na\u00a0odpowiedzialno\u015b\u0107 Niemiec za\u00a0to, co\u00a0wydarzy\u0142o si\u0119 w\u00a01939 roku. &#13;\n<\/p>\n<p>&#13;<br \/>\nJak oceni\u0142a przedstawicielka resortu obrony, &#8222;historyjka o\u00a0ci\u0105g\u0142ym straszeniu Niemcami nigdy si\u0119 nie\u00a0zatrzyma&#8221;. Wiceminister stwierdzi\u0142a, \u017ce\u00a0przy wprowadzaniu programu SAFE s\u0142ysza\u0142a &#8222;od rana do\u00a0wieczora&#8221;, \u017ce\u00a0\u015brodki zostan\u0105 wydane w\u00a0przemy\u015ble niemieckim, a\u00a0tak \u2013\u00a0jak zaznaczy\u0142a \u2013\u00a0nie\u00a0by\u0142o. &#13;\n<\/p>\n<p>&#8222;Gdzie s\u0105 te\u00a0reparacje?&#8221;<\/p>\n<p>&#13;<br \/>\n\u2013 W\u00a0sumie prezydenci, kt\u00f3rzy wywodz\u0105 si\u0119 z\u00a0obozu PiS, to\u00a0jest co\u00a0najmniej ostatnie 11 lat, (..) w\u00a0tym osiem lat PiS. PiS przez osiem lat mia\u0142o i\u00a0rz\u0105d, i\u00a0prezydenta. I\u00a0gdzie s\u0105 te\u00a0reparacje? Co\u00a0w\u00a0tej sprawie za\u0142atwili? Mieli wszystkie narz\u0119dzia, nikt niczego nie\u00a0wetowa\u0142. Mieli ca\u0142kowit\u0105 w\u0142adz\u0119 w\u00a0tym pa\u0144stwie i\u00a0ani jednego euro z\u00a0Niemiec nie\u00a0przywie\u017ali \u2013\u00a0powiedzia\u0142a Sobkowiak-Czarnecka. &#13;\n<\/p>\n<p>&#13;<br \/>\n\u2013 Krzywdy niemieckie s\u0105 prawdziwe. Czy\u00a0powinni\u015bmy domaga\u0107 si\u0119 reparacji? Oczywi\u015bcie. Chcia\u0142abym, \u017ceby ka\u017cdy polityk nie\u00a0tylko robi\u0142 zapowiedzi, ale\u00a0te\u017c przechodzi\u0142 do\u00a0dzia\u0142ania, a\u00a0tego nie\u00a0widz\u0119 po\u00a0stronie PiS \u2013\u00a0zaznaczy\u0142a wiceszefowa resortu obrony narodowej. &#13;\n<\/p>\n<p>&#13;<br \/>\n   Czytaj te\u017c:<br \/><a href=\"https:\/\/dorzeczy.pl\/kraj\/935269\/100-dronow-wlecialo-do-polski-kosiniak-kamysz-prostuje-slowa-sobkowiak-o-nowy-dronowej.html\" rel=\"follow nofollow noopener\" data-schema=\"DORZECZY\" data-image=\"https:\/\/img.dorzeczy.pl\/_thumb\/ff\/5c\/d6f152a85f4272d02ef7fa2f74d7.jpeg\" target=\"_blank\">Kosiniak-Kamysz prostuje s\u0142owa Sobkowiak o\u00a0&#8222;nocy dronowej&#8221;. Poda\u0142a nieprawdziw\u0105 liczb\u0119<\/a>   Czytaj te\u017c:<br \/><a href=\"https:\/\/dorzeczy.pl\/opinie\/934864\/nerwy-sobkowiak-czarneckiej-w-debacie-z-dworczykiem.html\" rel=\"follow nofollow noopener\" data-schema=\"DORZECZY\" data-image=\"https:\/\/img.dorzeczy.pl\/_thumb\/61\/8c\/4994c29bdaeea07c0f591d67f3bb.jpeg\" target=\"_blank\">Nerwy Sobkowiak-Czarneckiej w\u00a0debacie z\u00a0Dworczykiem? &#8222;To\u00a0b\u0119dzie wielka klapa&#8221;<\/a>&#13;<\/p>\n","protected":false},"excerpt":{"rendered":"&#13; Wiceszefowa MON skomentowa\u0142a poziom polskiej obronno\u015bci we\u00a0wtorkowej rozmowie z\u00a0TVP Info. Sobkowiak-Czarnecka, zapytana o\u00a0to, czy\u00a0boi si\u0119 wojny, odpowiedzia\u0142a:&hellip;\n","protected":false},"author":2,"featured_media":660949,"comment_status":"","ping_status":"","sticky":false,"template":"","format":"standard","meta":{"footnotes":"","_share_on_mastodon":"0"},"categories":[12],"tags":[744,98,49,1587,1315,295,103,102,42,38,40,39,41,1005,87,8465,74490,80,11273,892],"class_list":["post-660948","post","type-post","status-publish","format-standard","has-post-thumbnail","category-polska","tag-atak","tag-dorzeczy","tag-kraj","tag-mon","tag-nawrocki","tag-niemcy","tag-obserwator-mediow","tag-opinie","tag-pl","tag-poland","tag-polish","tag-polska","tag-polski","tag-prezydent","tag-rosja","tag-safe","tag-sobkowiak-czarnecka","tag-swiat","tag-wiceminister","tag-wojna"],"share_on_mastodon":{"url":"https:\/\/pubeurope.com\/@pl\/117197997928436258","error":""},"_links":{"self":[{"href":"https:\/\/www.europesays.com\/pl\/wp-json\/wp\/v2\/posts\/660948","targetHints":{"allow":["GET"]}}],"collection":[{"href":"https:\/\/www.europesays.com\/pl\/wp-json\/wp\/v2\/posts"}],"about":[{"href":"https:\/\/www.europesays.com\/pl\/wp-json\/wp\/v2\/types\/post"}],"author":[{"embeddable":true,"href":"https:\/\/www.europesays.com\/pl\/wp-json\/wp\/v2\/users\/2"}],"replies":[{"embeddable":true,"href":"https:\/\/www.europesays.com\/pl\/wp-json\/wp\/v2\/comments?post=660948"}],"version-history":[{"count":0,"href":"https:\/\/www.europesays.com\/pl\/wp-json\/wp\/v2\/posts\/660948\/revisions"}],"wp:featuredmedia":[{"embeddable":true,"href":"https:\/\/www.europesays.com\/pl\/wp-json\/wp\/v2\/media\/660949"}],"wp:attachment":[{"href":"https:\/\/www.europesays.com\/pl\/wp-json\/wp\/v2\/media?parent=660948"}],"wp:term":[{"taxonomy":"category","embeddable":true,"href":"https:\/\/www.europesays.com\/pl\/wp-json\/wp\/v2\/categories?post=660948"},{"taxonomy":"post_tag","embeddable":true,"href":"https:\/\/www.europesays.com\/pl\/wp-json\/wp\/v2\/tags?post=660948"}],"curies":[{"name":"wp","href":"https:\/\/api.w.org\/{rel}","templated":true}]}}