{"id":660968,"date":"2026-09-01T22:00:18","date_gmt":"2026-09-01T22:00:18","guid":{"rendered":"https:\/\/www.europesays.com\/pl\/660968\/"},"modified":"2026-09-01T22:00:18","modified_gmt":"2026-09-01T22:00:18","slug":"dowody-sa-jednoznaczne-szef-nato-z-jasnym-oswiadczeniem-ws-rosji","status":"publish","type":"post","link":"https:\/\/www.europesays.com\/pl\/660968\/","title":{"rendered":"&#8222;Dowody s\u0105 jednoznaczne&#8221;. Szef NATO z jasnym o\u015bwiadczeniem ws. Rosji"},"content":{"rendered":"<p><a href=\"https:\/\/www.google.com\/preferences\/source?q=wiadomosci.wp.pl\" target=\"_blank\" rel=\"nofollow noopener\" class=\"preferred-source-banner\" id=\"preferred-source-banner\" data-vab-box=\"preferred_source_banner\"><\/p>\n<p class=\"preferred-source-banner-title\">Dodaj WP Wiadomo\u015bci jako preferowane \u017ar\u00f3d\u0142o w Google<\/p>\n<p class=\"preferred-source-banner-subtitle\">Nasze tre\u015bci b\u0119d\u0105 cz\u0119\u015bciej wy\u015bwietla\u0107 si\u0119 w Twoich wynikach Google<\/p>\n<p><\/a> <\/p>\n<p>Najwa\u017cniejsze informacje:<\/p>\n<ul>\n<li>Niemieckie MSW wskaza\u0142o Rosj\u0119 jako sprawc\u0119 incydentu z\u00a0dronem z\u00a0materia\u0142em wybuchowym na lotnisku w\u00a0Lipsku z\u00a04\u00a0sierpnia.<\/li>\n<li>Rz\u0105d Niemiec zapowiedzia\u0142 zamkni\u0119cie konsulatu generalnego Rosji w\u00a0Bonn oraz o\u015brodka Rosyjski Dom w\u00a0Berlinie.<\/li>\n<li>Mark Rutte zadeklarowa\u0142 solidarno\u015b\u0107 NATO z\u00a0Niemcami po ataku hybrydowym w\u00a0Lipsku.<\/li>\n<\/ul>\n<p>We wtorek sekretarz generalny NATO Mark Rutte poinformowa\u0142, \u017ce z\u00a0zadowoleniem przyj\u0105\u0142 dzia\u0142ania Niemiec po rosyjskim ataku hybrydowym w\u00a0Lipsku.<\/p>\n<p> <img role=\"presentation\" class=\"absolute left-1\/2 top-1\/2 max-h-[80%] max-w-[100px] -translate-x-1\/2 -translate-y-1\/2\" src=\"https:\/\/v.wpimg.pl\/ZXJfd3AudTkrBBIAbg54LGhcRlAxHQUrPgJGH2MAeGJoSQ1eIBI_K2UHAEVuBTY5KQMMXC0RPyoVERQdMgM9ejc\" loading=\"lazy\" decoding=\"async\"\/> <\/p>\n<p>&#8222;W\u0142a\u015bnie rozmawia\u0142em z\u00a0kanclerzem Friedrichem Merzem. NATO wyra\u017ca pe\u0142n\u0105 solidarno\u015b\u0107 z\u00a0Niemcami po rosyjskim ataku hybrydowym, do kt\u00f3rego dosz\u0142o 4\u00a0sierpnia w\u00a0Lipsku&#8221; &#8211; napisa\u0142.<\/p>\n<p>Szef NATO z jasnym o\u015bwiadczeniem ws. Rosji<\/p>\n<p>&#8222;Dowody s\u0105 jednoznaczne. Z\u00a0zadowoleniem przyjmuj\u0119 \u015brodki og\u0142oszone przez Niemcy w\u00a0odpowiedzi na ten atak. NATO b\u0119dzie nadal wzmacnia\u0107 swoj\u0105 zdolno\u015b\u0107 do odstraszania i\u00a0obrony wszystkich sojusznik\u00f3w przed wszelkimi zagro\u017ceniami &#8211; w\u00a0tym przed z\u0142o\u015bliwymi dzia\u0142aniami, takimi jak te, kt\u00f3re mia\u0142y miejsce w\u00a0Lipsku i\u00a0w\u00a0innych miejscach na terenie Sojuszu&#8221; &#8211; wskaza\u0142 szef NATO.<\/p>\n<p>&#8222;Pr\u00f3by Rosji maj\u0105ce na celu zastraszenie nas, podwa\u017cenie naszej jedno\u015bci i\u00a0naszej gotowo\u015bci do wspierania Ukrainy s\u0105 daremne i\u00a0zako\u0144cz\u0105 si\u0119 niepowodzeniem. Nasze wsparcie dla Ukrainy jest niezachwiane, podobnie jak nasze \u017celazne zaanga\u017cowanie na rzecz zbiorowej obrony NATO&#8221; &#8211; przekaza\u0142 Rutte.<\/p>\n<p> <img role=\"presentation\" class=\"absolute left-1\/2 top-1\/2 max-h-[80%] max-w-[100px] -translate-x-1\/2 -translate-y-1\/2\" src=\"https:\/\/v.wpimg.pl\/ZXJfd3AudTkrBBIAbg54LGhcRlAxHQUrPgJGH2MAeGJoSQ1eIBI_K2UHAEVuBTY5KQMMXC0RPyoVERQdMgM9ejc\" loading=\"lazy\" decoding=\"async\"\/> <a href=\"https:\/\/wiadomosci.wp.pl\/niemcy-zamykaja-rosyjski-dom-w-berlinie-jest-reakcja-rosji-7324801356195936a\" class=\"teaser-inline\" rel=\"nofollow noopener\" target=\"_blank\">  <img decoding=\"async\" src=\"https:\/\/www.europesays.com\/pl\/wp-content\/uploads\/2026\/09\/NDQ3NGU3YSUwUTh0ekhsMHMJbC48EWJmJBF0ZXoCfHxhS2EhPF8rNjRDIWkyQTs0MEQ-aSVfYSUhWmExZBwqLSJDIiYsHCspM1Yq.jpeg\" loading=\"lazy\" class=\"wp-media-image cropped\" alt=\"Niemcy zamykaj\u0105 &quot;Rosyjski Dom&quot; w Berlinie. Jest reakcja Rosji\"\/><\/p>\n<p>Niemcy zamykaj\u0105 &#8222;Rosyjski Dom&#8221; w Berlinie. Jest reakcja Rosji<\/p>\n<p><\/a> <\/p>\n<p>Szef MSW Niemiec Alexander Dobrindt poinformowa\u0142 we wtorek, \u017ce Rosja odpowiada za sierpniowy incydent z\u00a0dronem z\u00a0materia\u0142em wybuchowym na lotnisku w\u00a0Lipsku. <a href=\"https:\/\/wiadomosci.wp.pl\/incydent-z-dronem-na-lotnisku-w-lipsku-niemcy-zamykaja-konsulat-rosji-7324788320237728a\" rel=\"noopener noreferrer nofollow\" target=\"_blank\">W\u00a0odpowiedzi rz\u0105d w\u00a0Berlinie og\u0142osi\u0142 zamkni\u0119cie konsulatu generalnego Rosji w\u00a0Bonn oraz o\u015brodka kulturalnego Rosyjski Dom w\u00a0Berlinie<\/a>.<\/p>\n<p>Spraw\u0119 skomentowa\u0142 tak\u017ce w\u00a0mediach spo\u0142eczno\u015bciowych Donald Tusk. &#8222;Polska, kraje ba\u0142tyckie, Rumunia, a\u00a0teraz Niemcy. Rosja eskaluje napi\u0119cia w\u00a0ca\u0142ym regionie&#8221; &#8211; napisa\u0142 szef polskiego rz\u0105du.<\/p>\n<p> <img role=\"presentation\" class=\"absolute left-1\/2 top-1\/2 max-h-[80%] max-w-[100px] -translate-x-1\/2 -translate-y-1\/2\" src=\"https:\/\/v.wpimg.pl\/ZXJfd3AudTkrBBIAbg54LGhcRlAxHQUrPgJGH2MAeGJoSQ1eIBI_K2UHAEVuBTY5KQMMXC0RPyoVERQdMgM9ejc\" loading=\"lazy\" decoding=\"async\"\/> <\/p>\n<p>&#8222;Nie damy si\u0119 zastraszy\u0107, a\u00a0nasza odpowied\u017a b\u0119dzie kontynuacj\u0105 wsparcia dla Ukrainy i\u00a0pe\u0142n\u0105 koordynacj\u0105 pa\u0144stw NATO przeciwko agresorowi. Rosja nie wygra tej wojny&#8221; &#8211; doda\u0142 Tusk.<\/p>\n<p> <a href=\"https:\/\/wiadomosci.wp.pl\/nie-damy-sie-zastraszyc-tusk-reaguje-po-atakach-w-niemczech-7324794756790432a\" class=\"teaser-inline\" rel=\"nofollow noopener\" target=\"_blank\">  <img decoding=\"async\" src=\"https:\/\/www.europesays.com\/pl\/wp-content\/uploads\/2026\/09\/YWViZGM0djY3Cyx0Ykt7I3RTeC4kEnV1I0tgZWIBa29mEXUhJFw8JTMZNWkqQiwnNx4qaT1cdjYmAHUxfB89PiUZNiY0Hzw6NAw-.jpeg\" loading=\"lazy\" class=\"wp-media-image cropped\" alt=\"Tusk reaguje na wydarzenia w Niemczech. &quot;Nie damy si\u0119 zastraszy\u0107&quot;\"\/><\/p>\n<p>Tusk reaguje na wydarzenia w Niemczech. &#8222;Nie damy si\u0119 zastraszy\u0107&#8221;<\/p>\n<p><\/a><\/p>\n<p>Co wiadomo o incydencie na lotnisku w Lipsku?<\/p>\n<p>W\u00a0nocy z\u00a04\u00a0na 5\u00a0sierpnia samolot transportowy zderzy\u0142 si\u0119 z\u00a0niezidentyfikowanym obiektem w\u00a0pobli\u017cu lotniska w\u00a0Lipsku na wschodzie Niemiec. Samolot przekierowano do Hanoweru, gdzie stwierdzono jego niewielkie uszkodzenia. Kr\u00f3tko wcze\u015bniej <a href=\"https:\/\/wiadomosci.wp.pl\/alarm-w-lipsku-policja-przechwycila-dron-z-zapalnikiem-7315172129769472a\" rel=\"noopener noreferrer nofollow\" target=\"_blank\">lotnisko w\u00a0Lipsku wstrzyma\u0142o dzia\u0142alno\u015b\u0107 z\u00a0powodu znalezienia na p\u0142ycie, przy ukrai\u0144skim samolocie transportowym Antonow, drona z\u00a0detonatorem oraz materia\u0142\u00f3w wybuchowych<\/a>.<\/p>\n<p> <img role=\"presentation\" class=\"absolute left-1\/2 top-1\/2 max-h-[80%] max-w-[100px] -translate-x-1\/2 -translate-y-1\/2\" src=\"https:\/\/v.wpimg.pl\/ZXJfd3AudTkrBBIAbg54LGhcRlAxHQUrPgJGH2MAeGJoSQ1eIBI_K2UHAEVuBTY5KQMMXC0RPyoVERQdMgM9ejc\" loading=\"lazy\" decoding=\"async\"\/> <\/p>\n<p>Zgodnie z\u00a0ustaleniami niemieckich s\u0142u\u017cb dron znaleziony na lotnisku celowo uderzy\u0142 wcze\u015bniej w\u00a0skrzyd\u0142o zaparkowanego Antonowa. Materia\u0142y wybuchowe nie eksplodowa\u0142y jednak po zetkni\u0119ciu z\u00a0maszyn\u0105. Wed\u0142ug dziennika &#8222;Bild&#8221; do wybuchu nie dosz\u0142o z\u00a0powodu uszkodzonego zapalnika. <a href=\"https:\/\/wiadomosci.wp.pl\/kolejny-dron-i-heksogen-nowe-ustalenia-ws-incydentu-w-lipsku-7322188371351744a\" rel=\"noopener noreferrer nofollow\" target=\"_blank\">W\u00a0okolicy lotniska \u015bledczy znale\u017ali p\u00f3\u017aniej trzeciego drona oraz materia\u0142y wybuchowe, kt\u00f3re prawdopodobnie maj\u0105 zwi\u0105zek z\u00a0tamt\u0105 pr\u00f3b\u0105 ataku<\/a>.<\/p>\n<p>Niemieckie s\u0142u\u017cby wyja\u015bniaj\u0105 tak\u017ce wtorkowy incydent &#8211; <a href=\"https:\/\/wiadomosci.wp.pl\/atak-w-poblizu-waznej-elektrowni-w-niemczech-znaleziono-ladunki-7324745588660384a\" rel=\"noopener noreferrer nofollow\" target=\"_blank\">dosz\u0142o do ataku na stacj\u0119 transformatorow\u0105 w\u00a0pobli\u017cu wa\u017cnej elektrowni w\u0119glowej J\u00e4nschwalde w\u00a0po\u0142udniowej Brandenburgii<\/a>. Jedna z\u00a0jednostek o\u00a0mocy 500\u00a0megawat\u00f3w przesta\u0142a dzia\u0142a\u0107. Policja potwierdzi\u0142a znalezienie \u0142adunk\u00f3w wybuchowych.<\/p>\n","protected":false},"excerpt":{"rendered":"Dodaj WP Wiadomo\u015bci jako preferowane \u017ar\u00f3d\u0142o w Google Nasze tre\u015bci b\u0119d\u0105 cz\u0119\u015bciej wy\u015bwietla\u0107 si\u0119 w Twoich wynikach Google&hellip;\n","protected":false},"author":2,"featured_media":660969,"comment_status":"","ping_status":"","sticky":false,"template":"","format":"standard","meta":{"footnotes":"","_share_on_mastodon":"0"},"categories":[5],"tags":[32,33,36,37,27,34,35,28,31,25,42,38,40,39,41,29,30,26],"class_list":["post-660968","post","type-post","status-publish","format-standard","has-post-thumbnail","category-naglowki","tag-breaking-news","tag-breakingnews","tag-featured-news","tag-featurednews","tag-headlines","tag-latest-news","tag-latestnews","tag-naglowki","tag-najwazniejsze-artykuly","tag-news","tag-pl","tag-poland","tag-polish","tag-polska","tag-polski","tag-top-stories","tag-topstories","tag-wiadomosci"],"share_on_mastodon":{"url":"https:\/\/pubeurope.com\/@pl\/117198038229338611","error":""},"_links":{"self":[{"href":"https:\/\/www.europesays.com\/pl\/wp-json\/wp\/v2\/posts\/660968","targetHints":{"allow":["GET"]}}],"collection":[{"href":"https:\/\/www.europesays.com\/pl\/wp-json\/wp\/v2\/posts"}],"about":[{"href":"https:\/\/www.europesays.com\/pl\/wp-json\/wp\/v2\/types\/post"}],"author":[{"embeddable":true,"href":"https:\/\/www.europesays.com\/pl\/wp-json\/wp\/v2\/users\/2"}],"replies":[{"embeddable":true,"href":"https:\/\/www.europesays.com\/pl\/wp-json\/wp\/v2\/comments?post=660968"}],"version-history":[{"count":0,"href":"https:\/\/www.europesays.com\/pl\/wp-json\/wp\/v2\/posts\/660968\/revisions"}],"wp:featuredmedia":[{"embeddable":true,"href":"https:\/\/www.europesays.com\/pl\/wp-json\/wp\/v2\/media\/660969"}],"wp:attachment":[{"href":"https:\/\/www.europesays.com\/pl\/wp-json\/wp\/v2\/media?parent=660968"}],"wp:term":[{"taxonomy":"category","embeddable":true,"href":"https:\/\/www.europesays.com\/pl\/wp-json\/wp\/v2\/categories?post=660968"},{"taxonomy":"post_tag","embeddable":true,"href":"https:\/\/www.europesays.com\/pl\/wp-json\/wp\/v2\/tags?post=660968"}],"curies":[{"name":"wp","href":"https:\/\/api.w.org\/{rel}","templated":true}]}}