{"id":660970,"date":"2026-09-01T22:01:10","date_gmt":"2026-09-01T22:01:10","guid":{"rendered":"https:\/\/www.europesays.com\/pl\/660970\/"},"modified":"2026-09-01T22:01:10","modified_gmt":"2026-09-01T22:01:10","slug":"nie-damy-sie-zastraszyc-donald-tusk-ostrzega-rosje","status":"publish","type":"post","link":"https:\/\/www.europesays.com\/pl\/660970\/","title":{"rendered":"\u201eNie damy si\u0119 zastraszy\u0107\u201d. Donald Tusk ostrzega Rosj\u0119"},"content":{"rendered":"<p>Kto potwierdzi\u0142, \u017ce Rosja odpowiada za incydent na lotnisku w Lipsku.<\/p>\n<p>Co napisa\u0142 Donald Tusk o rosyjskiej prowokacji.<\/p>\n<p>Kt\u00f3rzy europejscy politycy zapowiedzieli wsparcie dla Niemiec.<\/p>\n<p>    <a name=\"eztoc42718155_0_5\" id=\"eztoc42718155_0_5\"\/>Rosyjski sabota\u017c na niemieckim lotnisku<\/p>\n<p>Minister spraw wewn\u0119trznych<br \/>\n<a href=\"https:\/\/wiadomosci.radiozet.pl\/tag\/kategoria\/niemcy\" target=\"_self\" rel=\"dofollow noopener\">Niemiec<\/a> Alexander Dobrindt przekaza\u0142, \u017ce<br \/>\n<a href=\"https:\/\/wiadomosci.radiozet.pl\/tag\/kategoria\/rosja\" target=\"_self\" rel=\"dofollow noopener\">Rosja<\/a> odpowiada za sierpniowy incydent dronowy z materia\u0142em wybuchowym na lotnisku w Lipsku. Rz\u0105d w Berlinie, odpowiadaj\u0105c na ten czyn zapowiedzia\u0142 zamkni\u0119cie konsulatu Rosji w Bonn i o\u015brodka kulturalnego Rosyjski Dom w Berlinie. Do sprawy odni\u00f3s\u0142 si\u0119 tak\u017ce polski premier<br \/>\n<a href=\"https:\/\/wiadomosci.radiozet.pl\/tag\/kategoria\/donald-tusk\" target=\"_self\" rel=\"dofollow noopener\">Donald Tusk<\/a>.\u00a0\u201ePolska, kraje ba\u0142tyckie, Rumunia, a teraz tak\u017ce Niemcy. Rosja eskaluje napi\u0119cie w ca\u0142ym regionie. Nie damy si\u0119 zastraszy\u0107, a nasz\u0105 odpowiedzi\u0105 b\u0119dzie dalsze wsparcie dla Ukrainy oraz pe\u0142na koordynacja dzia\u0142a\u0144 pa\u0144stw NATO wobec agresora. Rosja nie wygra tej wojny\u201d &#8211; napisa\u0142 na X Tusk.<\/p>\n<p>Z kolei sekretarz generalny NATO Mark Rutte zapowiedzia\u0142, \u017ce Pakt b\u0119dzie wzmacnia\u0142 nadal swoj\u0105 zdolno\u015b\u0107 do odstraszania i obrony pa\u0144stw sojuszniczych przed ka\u017cdym zagro\u017ceniem, tak\u017ce ostatnimi dzia\u0142aniami w Lipsku.\u00a0\u201ePr\u00f3by Rosji, by nas zastraszy\u0107, podwa\u017cy\u0107 nasz\u0105 jedno\u015b\u0107 i nasz\u0105 gotowo\u015b\u0107 do wspierania Ukrainy, s\u0105 daremne i zako\u0144cz\u0105 si\u0119 niepowodzeniem. Nasze wsparcie dla Ukrainy jest niezachwiane, podobnie jak nasze niez\u0142omne zobowi\u0105zanie do zbiorowej obrony NATO\u201d &#8211; przekaza\u0142 sekretarz generalny Sojuszu.<\/p>\n<p>\t\t\t\t                                    \t<a name=\"eztoc42718155_0_6\" id=\"eztoc42718155_0_6\"\/>Wsparcie Europy po incydencie<\/p>\n<p>W mediach spo\u0142eczno\u015bciowych swoje zdanie wyrazi\u0142 tak\u017ce polski wicepremier, szef MSZ Rados\u0142aw Sikorski. \u201eDobrze, \u017ce Niemcy bior\u0105 przyk\u0142ad z Polski i w odpowiedzi na terror pa\u0144stwowy zamykaj\u0105 rosyjski konsulat w Bonn. W obliczu wojny hybrydowej pe\u0142na solidarno\u015b\u0107 z naszymi niemieckimi sojusznikami\u201d &#8211; napisa\u0142 Sikorski. Ursula von der Leyen poinformowa\u0142a, \u017ce Unia Europejska solidaryzuje si\u0119 w pe\u0142ni z Niemcami w sytuacji ataku hybrydowego Rosji na lipskie lotnisko.<\/p>\n<p>Do incydentu dosz\u0142o w nocy z 4 na 5 sierpnia, gdy samolot transportowy zderzy\u0142 si\u0119 z niezidentyfikowanym obiektem w pobli\u017cu lotniska w Lipsku. Samolot zosta\u0142 przekierowany do Hanoweru. Stwierdzono tam w maszynie niewielkie uszkodzenia. Chwil\u0119 wcze\u015bniej lipski port wstrzyma\u0142 dzia\u0142alno\u015b\u0107 w zwi\u0105zku z odnalezieniem na p\u0142ycie, przy ukrai\u0144skim Antonowie drona z detonatorem i materia\u0142ami wybuchowymi. Niemieccy \u015bledczy ustalili, \u017ce bezza\u0142ogowiec znaleziony na lotnisku celowo uderzy\u0142 w skrzyd\u0142o samolotu transportowego. Do wybuchu nie dosz\u0142o przez uszkodzony zapalnik.<\/p>\n<p>\u0179r\u00f3d\u0142o: Radio ZET\/PAP<\/p>\n<p>By\u0142e\u015b \u015bwiadkiem czego\u015b niespodziewanego? Masz temat, kt\u00f3rym powinni\u015bmy si\u0119 zaj\u0105\u0107?<\/p>\n<p>Zg\u0142o\u015b spraw\u0119 przez <a href=\"https:\/\/wiadomosci.radiozet.pl\/czerwony-telefon\" target=\"_blank\" title=\"Czerwony telefon Radia Zet\" rel=\"nofollow noopener\">Czerwony telefon Radia ZET<\/a><\/p>\n","protected":false},"excerpt":{"rendered":"Kto potwierdzi\u0142, \u017ce Rosja odpowiada za incydent na lotnisku w Lipsku. Co napisa\u0142 Donald Tusk o rosyjskiej prowokacji.&hellip;\n","protected":false},"author":2,"featured_media":660971,"comment_status":"","ping_status":"","sticky":false,"template":"","format":"standard","meta":{"footnotes":"","_share_on_mastodon":"0"},"categories":[62713],"tags":[1345,743,295,87],"class_list":["post-660970","post","type-post","status-publish","format-standard","has-post-thumbnail","category-donald-tusk","tag-donald-tusk","tag-dron","tag-niemcy","tag-rosja"],"share_on_mastodon":{"url":"https:\/\/pubeurope.com\/@pl\/117198040749594906","error":""},"_links":{"self":[{"href":"https:\/\/www.europesays.com\/pl\/wp-json\/wp\/v2\/posts\/660970","targetHints":{"allow":["GET"]}}],"collection":[{"href":"https:\/\/www.europesays.com\/pl\/wp-json\/wp\/v2\/posts"}],"about":[{"href":"https:\/\/www.europesays.com\/pl\/wp-json\/wp\/v2\/types\/post"}],"author":[{"embeddable":true,"href":"https:\/\/www.europesays.com\/pl\/wp-json\/wp\/v2\/users\/2"}],"replies":[{"embeddable":true,"href":"https:\/\/www.europesays.com\/pl\/wp-json\/wp\/v2\/comments?post=660970"}],"version-history":[{"count":0,"href":"https:\/\/www.europesays.com\/pl\/wp-json\/wp\/v2\/posts\/660970\/revisions"}],"wp:featuredmedia":[{"embeddable":true,"href":"https:\/\/www.europesays.com\/pl\/wp-json\/wp\/v2\/media\/660971"}],"wp:attachment":[{"href":"https:\/\/www.europesays.com\/pl\/wp-json\/wp\/v2\/media?parent=660970"}],"wp:term":[{"taxonomy":"category","embeddable":true,"href":"https:\/\/www.europesays.com\/pl\/wp-json\/wp\/v2\/categories?post=660970"},{"taxonomy":"post_tag","embeddable":true,"href":"https:\/\/www.europesays.com\/pl\/wp-json\/wp\/v2\/tags?post=660970"}],"curies":[{"name":"wp","href":"https:\/\/api.w.org\/{rel}","templated":true}]}}