{"id":660992,"date":"2026-09-01T22:15:14","date_gmt":"2026-09-01T22:15:14","guid":{"rendered":"https:\/\/www.europesays.com\/pl\/660992\/"},"modified":"2026-09-01T22:15:14","modified_gmt":"2026-09-01T22:15:14","slug":"cersanit-planuje-grupowe-zwolnienia-pracownicy-z-walbrzycha-moga-dostac-wypowiedzenia","status":"publish","type":"post","link":"https:\/\/www.europesays.com\/pl\/660992\/","title":{"rendered":"Cersanit planuje grupowe zwolnienia. Pracownicy z Wa\u0142brzycha mog\u0105 dosta\u0107 wypowiedzenia"},"content":{"rendered":"<p>Zak\u0142ad produkcyjny firmy Cersanit w Wa\u0142brzychu.<\/p>\n<p>Fot. Google Street View<\/p>\n<p>Firma Cersanit planuje zwolnienia grupowe. Prac\u0119 mog\u0105 straci\u0107 mi\u0119dzy innymi zatrudnieni w Wa\u0142brzychu.<\/p>\n<p style=\"text-align: justify;\">Blisko 500 os\u00f3b straci prac\u0119 w Cersanicie. Kielecka firma produkuj\u0105ca wyposa\u017cenie \u0142azienek szykuje si\u0119 do zwolnie\u0144 grupowych. Informacje o zwolnieniach wp\u0142yn\u0119\u0142y do urz\u0119d\u00f3w pracy w Krasnymstawie i w Wa\u0142brzychu, gdzie firma ma swoje oddzia\u0142y.<\/p>\n<p style=\"text-align: justify;\">Jak m\u00f3wi Agnieszka Zawadzka, dyrektor wa\u0142brzyskiego Powiatowego Urz\u0119du Pracy, nie wiadomo jeszcze, ile os\u00f3b zostanie zwolnionych w Wa\u0142brzychu. W tej sprawie urz\u0105d czeka na odpowied\u017a od Cersanitu.<\/p>\n<p style=\"text-align: justify;\">Zwolnienia maj\u0105 obj\u0105\u0107 zak\u0142ady w Krasnymstawie, Wa\u0142brzychu, Radomiu i Starachowicach.<\/p>\n","protected":false},"excerpt":{"rendered":"Zak\u0142ad produkcyjny firmy Cersanit w Wa\u0142brzychu. Fot. Google Street View Firma Cersanit planuje zwolnienia grupowe. Prac\u0119 mog\u0105 straci\u0107&hellip;\n","protected":false},"author":2,"featured_media":660993,"comment_status":"","ping_status":"","sticky":false,"template":"","format":"standard","meta":{"footnotes":"","_share_on_mastodon":"0"},"categories":[51607],"tags":[128531,97010,128532,65305,42,79833,38,40,39,41,2677,59301,1853,128533,44413,6036],"class_list":["post-660992","post","type-post","status-publish","format-standard","has-post-thumbnail","category-wroclaw","tag-cersanit","tag-dostac","tag-grupowe","tag-moga","tag-pl","tag-planuje","tag-poland","tag-polish","tag-polska","tag-polski","tag-pracownicy","tag-walbrzycha","tag-wroclaw","tag-wypowiedzenia","tag-z","tag-zwolnienia"],"share_on_mastodon":{"url":"https:\/\/pubeurope.com\/@pl\/117198096021126512","error":""},"_links":{"self":[{"href":"https:\/\/www.europesays.com\/pl\/wp-json\/wp\/v2\/posts\/660992","targetHints":{"allow":["GET"]}}],"collection":[{"href":"https:\/\/www.europesays.com\/pl\/wp-json\/wp\/v2\/posts"}],"about":[{"href":"https:\/\/www.europesays.com\/pl\/wp-json\/wp\/v2\/types\/post"}],"author":[{"embeddable":true,"href":"https:\/\/www.europesays.com\/pl\/wp-json\/wp\/v2\/users\/2"}],"replies":[{"embeddable":true,"href":"https:\/\/www.europesays.com\/pl\/wp-json\/wp\/v2\/comments?post=660992"}],"version-history":[{"count":0,"href":"https:\/\/www.europesays.com\/pl\/wp-json\/wp\/v2\/posts\/660992\/revisions"}],"wp:featuredmedia":[{"embeddable":true,"href":"https:\/\/www.europesays.com\/pl\/wp-json\/wp\/v2\/media\/660993"}],"wp:attachment":[{"href":"https:\/\/www.europesays.com\/pl\/wp-json\/wp\/v2\/media?parent=660992"}],"wp:term":[{"taxonomy":"category","embeddable":true,"href":"https:\/\/www.europesays.com\/pl\/wp-json\/wp\/v2\/categories?post=660992"},{"taxonomy":"post_tag","embeddable":true,"href":"https:\/\/www.europesays.com\/pl\/wp-json\/wp\/v2\/tags?post=660992"}],"curies":[{"name":"wp","href":"https:\/\/api.w.org\/{rel}","templated":true}]}}