{"id":661016,"date":"2026-09-01T22:27:09","date_gmt":"2026-09-01T22:27:09","guid":{"rendered":"https:\/\/www.europesays.com\/pl\/661016\/"},"modified":"2026-09-01T22:27:09","modified_gmt":"2026-09-01T22:27:09","slug":"15-latek-rozbil-maybacha-za-16-mln-zl-zabral-auto-bez-wiedzy-rodzicow-wiadomosci-onet","status":"publish","type":"post","link":"https:\/\/www.europesays.com\/pl\/661016\/","title":{"rendered":"15-latek rozbi\u0142 Maybacha za 1,6 mln z\u0142. Zabra\u0142 auto bez wiedzy rodzic\u00f3w &#8211; Wiadomo\u015bci Onet"},"content":{"rendered":"<ol>\n<li><a href=\"https:\/\/news.google.com\/rss\/articles\/CBMisAFBVV95cUxNVGE5SW9DWmdRaFVjOW8zOG01SmFheGVGQ0ktbVVwS3ZhdzJoYXo3MkkxZGlhZXJiZzlOQS1ocjA4ZEdJZGVlNjhtUlJibW16SnF5S3ktdUhmTzFiOGlJRmJQNThFcmttelNYMXg0ekVON1hHYkRMMjRZdTRLR25VTm83Yk5xMm9hZGRXdDZWWW4tYkQtUjlEM0xGcHJEVjlqZ1lDQlg3YlJHYWZNbWVkWA?oc=5\" target=\"_blank\" rel=\"nofollow noopener\">15-latek rozbi\u0142 Maybacha za 1,6 mln z\u0142. Zabra\u0142 auto bez wiedzy rodzic\u00f3w<\/a>&nbsp;&nbsp;Wiadomo\u015bci Onet<\/li>\n<li><a href=\"https:\/\/news.google.com\/rss\/articles\/CBMiugFBVV95cUxOZlFpQWkwRlBWbGNsZkduVTlBWHFZYWRoVFlwTmMtS25Ea1NnX3BaSE8zamFNdzEzbWpmUVVJS2JaTENHMVl6WWNrcy04cE5RVDd1RUpXNHQtNTBtWGNFNTRydDdDQzY5aG03WGE1Ym9mMTRDVWV5V2laaDczS05OaTdnMldCTmRNaWMyVWxsSGJuM01EbDZMY2RTbDRZRGt5ZHFFR2ZESlVQYmZybF81UmlhT3ktbDcySmc?oc=5\" target=\"_blank\" rel=\"nofollow noopener\">15-letni Wielkopolanin rozbi\u0142 Maybacha za 1,6 mln z\u0142. Zabra\u0142 luksusowe auto rodzicom<\/a>&nbsp;&nbsp;ePoznan<\/li>\n<li><a href=\"https:\/\/news.google.com\/rss\/articles\/CBMiigFBVV95cUxPQzEyV0t3eDB3N2ZjOGRuYk9pRG54eTNNLXprQXpkemJOQXFQVU5tM0kteXR6LXBFQkVYaDZEc2JtNF9SSnRaNGgtTTF3NnBOcU0yMVRLbFVPQjFtaDNfVFlfdmRYelR5ZHIwTjVZbUJhc1NLdUNTdzNzWGNYbnZOSTNlWkZBOHhtVHc?oc=5\" target=\"_blank\" rel=\"nofollow noopener\">Rozbity maybach za 1,6 mln z\u0142. Za kierownic\u0105&#8230; 15-latek<\/a>&nbsp;&nbsp;poznan.tvp.pl<\/li>\n<li><a href=\"https:\/\/news.google.com\/rss\/articles\/CBMivgFBVV95cUxONFJuOFptYS0yZGh1Mi1nbFFldGhBQWU5dlNRakhfSWxpSlV0bTV3NlU5QUNUSDlSZGc1cG9BWWhab3FLZUVkSmthdmhrNml3OWlmN1ppTmxHZU5UeTdWYzUzMXhENDlnd1A2RlY1ZTFRa25TeHVrSlVjWHpGMlExV21aSmQ0QUNfd24wZzBxVHR5bk1DV0YzN0tlS3c2R29ZNE1KS21pRndOVzl3Zld5amV1VWo3akNrMHZ5RlNB?oc=5\" target=\"_blank\" rel=\"nofollow noopener\">15-latek za kierownic\u0105 Maybacha. Rozbi\u0142 si\u0119 na S11<\/a>&nbsp;&nbsp;Fakt<\/li>\n<li><a href=\"https:\/\/news.google.com\/rss\/articles\/CBMie0FVX3lxTFBoRnp6X0R4cVRzQ0xxYmczMy1oSEhfV2VnOUhXTHFCWGVpaHNmbV9FWUJPYkdOUDNBTmpYY3pNeVJCUU1jLUtGMXB6c3R2V3ZZUURQZC1iejdOVXd6cXZwa1VvT1VsYXRPdEdqSVRoend6Y0EtVUJGT08zZw?oc=5\" target=\"_blank\" rel=\"nofollow noopener\">Na S11 rozbi\u0142 si\u0119 luksusowy samoch\u00f3d. Nie uwierzycie, kto siedzia\u0142 za kierownic\u0105<\/a>&nbsp;&nbsp;wPolsce24<\/li>\n<\/ol>\n","protected":false},"excerpt":{"rendered":"15-latek rozbi\u0142 Maybacha za 1,6 mln z\u0142. Zabra\u0142 auto bez wiedzy rodzic\u00f3w&nbsp;&nbsp;Wiadomo\u015bci Onet 15-letni Wielkopolanin rozbi\u0142 Maybacha za&hellip;\n","protected":false},"author":2,"featured_media":661017,"comment_status":"","ping_status":"","sticky":false,"template":"","format":"standard","meta":{"footnotes":"","_share_on_mastodon":"0"},"categories":[5],"tags":[61195,32,33,36,37,27,42831,34,35,6880,28,31,48,25,46,42,38,40,39,41,1817,47,29,30,26,2588],"class_list":["post-661016","post","type-post","status-publish","format-standard","has-post-thumbnail","category-naglowki","tag-bottomfeed_styl","tag-breaking-news","tag-breakingnews","tag-featured-news","tag-featurednews","tag-headlines","tag-kepno","tag-latest-news","tag-latestnews","tag-mercedes","tag-naglowki","tag-najwazniejsze-artykuly","tag-nat_styl","tag-news","tag-omp","tag-pl","tag-poland","tag-polish","tag-polska","tag-polski","tag-poznan","tag-screening_general","tag-top-stories","tag-topstories","tag-wiadomosci","tag-wypadek"],"share_on_mastodon":{"url":"https:\/\/pubeurope.com\/@pl\/117198143042305962","error":""},"_links":{"self":[{"href":"https:\/\/www.europesays.com\/pl\/wp-json\/wp\/v2\/posts\/661016","targetHints":{"allow":["GET"]}}],"collection":[{"href":"https:\/\/www.europesays.com\/pl\/wp-json\/wp\/v2\/posts"}],"about":[{"href":"https:\/\/www.europesays.com\/pl\/wp-json\/wp\/v2\/types\/post"}],"author":[{"embeddable":true,"href":"https:\/\/www.europesays.com\/pl\/wp-json\/wp\/v2\/users\/2"}],"replies":[{"embeddable":true,"href":"https:\/\/www.europesays.com\/pl\/wp-json\/wp\/v2\/comments?post=661016"}],"version-history":[{"count":0,"href":"https:\/\/www.europesays.com\/pl\/wp-json\/wp\/v2\/posts\/661016\/revisions"}],"wp:featuredmedia":[{"embeddable":true,"href":"https:\/\/www.europesays.com\/pl\/wp-json\/wp\/v2\/media\/661017"}],"wp:attachment":[{"href":"https:\/\/www.europesays.com\/pl\/wp-json\/wp\/v2\/media?parent=661016"}],"wp:term":[{"taxonomy":"category","embeddable":true,"href":"https:\/\/www.europesays.com\/pl\/wp-json\/wp\/v2\/categories?post=661016"},{"taxonomy":"post_tag","embeddable":true,"href":"https:\/\/www.europesays.com\/pl\/wp-json\/wp\/v2\/tags?post=661016"}],"curies":[{"name":"wp","href":"https:\/\/api.w.org\/{rel}","templated":true}]}}