{"id":661062,"date":"2026-09-01T22:56:11","date_gmt":"2026-09-01T22:56:11","guid":{"rendered":"https:\/\/www.europesays.com\/pl\/661062\/"},"modified":"2026-09-01T22:56:11","modified_gmt":"2026-09-01T22:56:11","slug":"bojka-na-stacji-paliw-w-walbrzychu-mezczyzna-z-palka-to-policjant","status":"publish","type":"post","link":"https:\/\/www.europesays.com\/pl\/661062\/","title":{"rendered":"B\u00f3jka na stacji paliw w Wa\u0142brzychu. M\u0119\u017cczyzna z pa\u0142k\u0105. &#8222;To policjant&#8221;"},"content":{"rendered":"<p class=\"article-p\" data-section=\"detail-body\">Gwa\u0142towne starcie mi\u0119dzy dwoma kierowcami na <a href=\"https:\/\/www.fakt.pl\/pieniadze\/koniec-pakietu-cpn-i-wielkie-kolejki-sprawdzilismy-ceny-na-rzadowej-stacji\/feppqbc\" id=\"11ee0b10-ba64-4d09-a430-5d2256f82b41\" rel=\"nofollow noopener\" target=\"_blank\">stacji paliw<\/a> w Wa\u0142brzychu (woj. dolno\u015bl\u0105skie). Panowie zacz\u0119li si\u0119 szarpa\u0107 w trakcie oczekiwania na wolny dystrybutor z w\u00f3wczas ta\u0144szym paliwem. S\u0142ycha\u0107 by\u0142o krzyki i wyzwiska.<\/p>\n<p>        Dalszy ci\u0105g artyku\u0142u pod materia\u0142em wideo <\/p>\n<p>        Wa\u0142brzych. Szarpanina na stacji paliw. W sieci nagranie z b\u00f3jki<\/p>\n<p class=\"article-p\" data-section=\"detail-body\">Ostatniego dnia sierpnia przed stacjami paliw w ca\u0142ym kraju ustawia\u0142y si\u0119 kolejki. Pow\u00f3d? Ta\u0144sze paliwo. To by\u0142 ostatni dzie\u0144, gdy mo\u017cna by\u0142o skorzysta\u0107 z rz\u0105dowego pakietu Ceny Paliwa Ni\u017cej (CPN). Na wtorek, 1 wrze\u015bnia, prognozowano skok cen o z\u0142ot\u00f3wk\u0119.<\/p>\n<p class=\"article-p\" data-section=\"detail-body\">W poniedzia\u0142ek, 31 sierpnia, Polacy t\u0142umnie ruszyli po paliwo. Kolejki ustawia\u0142y si\u0119 do p\u00f3\u017anych godzin wieczornych. Tak te\u017c by\u0142o na stacji paliw Auchan przy ul. Wieniawskiego w Wa\u0142brzychu.<\/p>\n<p class=\"article-p\" data-section=\"detail-body\">Nie by\u0142o tam jednak spokojnego oczekiwania na swoj\u0105 kolej. Pomi\u0119dzy dw\u00f3jk\u0105 kierowc\u00f3w dosz\u0142o do szarpaniny. M\u0119\u017cczyzn pr\u00f3bowa\u0142a rozdzieli\u0107 kobieta. Potem do akcji wkroczy\u0142 m\u0119\u017cczyzna z pa\u0142k\u0105 teleskopow\u0105.<\/p>\n<p class=\"article-p\" data-section=\"detail-body\">W mediach spo\u0142eczno\u015bciowych pojawi\u0142o si\u0119 nagranie, na kt\u00f3rym uchwycono fragment tej k\u0142\u00f3tni. Zaj\u015bcie nagra\u0142a przypadkowa osoba. Powodem awantury mia\u0142 by\u0107 sp\u00f3r o miejsce w kolejce, a tak\u017ce obra\u017aliwe s\u0142owa rzucone w stron\u0119 najpewniej partnerki jednego z kierowc\u00f3w.<\/p>\n<p class=\"article-p\" data-section=\"detail-body\">Wr\u0105ba\u0142 si\u0119 w kolejk\u0119!<\/p>\n<p class=\"article-p\" data-section=\"detail-body\">\u2013 krzycza\u0142a kobieta.<\/p>\n<p class=\"article-p\" data-section=\"detail-body\">Ze wzgl\u0119du na wulgaryzmy nie zamieszczamy nagrania.<\/p>\n<p>        Wiadomo, kim jest m\u0119\u017cczyzna z pa\u0142k\u0105 teleskopow\u0105. To policjant<\/p>\n<p class=\"article-p\" data-section=\"detail-body\">Awantura zdawa\u0142a si\u0119 nie mie\u0107 ko\u0144ca. Do kierowc\u00f3w podszed\u0142 w\u00f3wczas m\u0119\u017cczyzna z pa\u0142k\u0105 teleskopow\u0105. I uderzy\u0142 ni\u0105 w nog\u0119 jednego z kierowc\u00f3w. To ostudzi\u0142o zapa\u0142y obu pan\u00f3w.<\/p>\n<p class=\"article-p\" data-section=\"detail-body\">O to zdarzenie zapytali\u015bmy wa\u0142brzysk\u0105 policj\u0119, kt\u00f3ra potwierdzi\u0142am nam, \u017ce do takiego incydentu dosz\u0142o.<\/p>\n<p class=\"article-p\" data-section=\"detail-body\">Interweniowali\u015bmy na stacji paliw ok. godz. 21. Policj\u0119 wezwa\u0142 nieumundurowany funkcjonariusz<\/p>\n<p class=\"article-p\" data-section=\"detail-body\">\u2013 m\u00f3wi nam nadkom. Marcin \u015awie\u017cy z Komendy Miejskiej Policji w Wa\u0142brzychu.<\/p>\n<p class=\"article-p\" data-section=\"detail-body\">Jak si\u0119 okazuje, m\u0119\u017cczyzn\u0105 z pa\u0142k\u0105 teleskopow\u0105 by\u0142 policjant z wa\u0142brzyskiego garnizonu. \u2013 Policjant by\u0142 po s\u0142u\u017cbie. Na stacji paliw zauwa\u017cy\u0142 m\u0119\u017cczyzn, kt\u00f3rzy si\u0119 wyzywali i szarpali, podj\u0105\u0142 interwencj\u0119, skorzysta\u0142 ze \u015brodk\u00f3w przymusu bezpo\u015bredniego \u2013 t\u0142umaczy nam oficer wa\u0142brzyskiej policji.<\/p>\n<p class=\"article-p\" data-section=\"detail-body\">Nieumundurowany funkcjonariusz rozmawia\u0142 z awanturnikami i wezwa\u0142 policj\u0119. Jak podkre\u015bla nadkom. Marcin \u015awie\u017cy, policjant m\u00f3g\u0142 mie\u0107 przy sobie pa\u0142k\u0119 teleskopow\u0105 i jej u\u017cy\u0107. \u2013 Przeszed\u0142 stosowne kursy, ma za\u015bwiadczenia \u2013 dodaje.<\/p>\n<p class=\"article-p\" data-section=\"detail-body\">Na miejscu sporz\u0105dzono dokumentacj\u0119 ze zdarzenia, a osoby w nim uczestnicz\u0105ce zosta\u0142y poinformowane o mo\u017cliwo\u015bci dochodzenia swoich praw na drodze cywilnej. Policja w takim wypadku nie wszczyna post\u0119powania z urz\u0119du<\/p>\n<p class=\"article-p\" data-section=\"detail-body\">\u2013 wyja\u015bnia nam nadkom. Marcin \u015awie\u017cy.<\/p>\n<p class=\"article-p\" data-section=\"detail-body\">Z naszych nieoficjalnych ustale\u0144 wynika, \u017ce w\u015br\u00f3d uczestnik\u00f3w b\u00f3jki by\u0142a jeszcze dw\u00f3jka policjant\u00f3w z dolno\u015bl\u0105skich komend, w tym jeden na kierowniczym stanowisku. Doniesienia o uczestnictwie wysokiego rang\u0105 policjanta potwierdzi\u0142a portalowi wp.pl Komenda Wojew\u00f3dzka Policji we Wroc\u0142awiu. Zlecono czynno\u015bci wyja\u015bniaj\u0105ce.<\/p>\n<p>        CPN, czyli Ceny Paliw Ni\u017cej<\/p>\n<p class=\"article-p\" data-section=\"detail-body\">CPN to program rz\u0105dowy, kt\u00f3ry obowi\u0105zywa\u0142 z przerw\u0105 do 31 sierpnia. Dzi\u0119ki obni\u017ceniu stawki VAT z 23 do 8 proc. kierowcy mogli taniej tankowa\u0107 benzyn\u0119 oraz olej nap\u0119dowy. Ostatniego dnia sierpnia na niekt\u00f3rych stacjach zabrak\u0142o paliwa.<\/p>\n<p class=\"article-p\" data-section=\"detail-body\"><a href=\"https:\/\/www.fakt.pl\/wydarzenia\/polska\/gigantyczne-kolejki-na-stacjach-benzynowych-w-calej-polsce\/petwy4g\" id=\"d2de365f-d7f5-4f3e-bf16-bdc5cda06f0a\" rel=\"nofollow noopener\" target=\"_blank\">Gigantyczne kolejki na stacjach benzynowych w ca\u0142ej Polsce. Po\u015bpiech kierowc\u00f3w<\/a><\/p>\n<p class=\"article-p\" data-section=\"detail-body\"><a href=\"https:\/\/www.fakt.pl\/wydarzenia\/polska\/slask\/tragedia-na-a1-w-mykanowie-nie-zyja-4-osoby-nowe-fakty-o-ofiarach-wypadku\/84p8hyy\" id=\"e79238e1-7003-432f-a2da-7bd39db0cb69\" rel=\"nofollow noopener\" target=\"_blank\">Najm\u0142odsza ofiara mia\u0142a 20 lat. Nowe informacje o tragedii na A1<\/a><\/p>\n<p class=\"article-p\" data-section=\"detail-body\">(\u0179r\u00f3d\u0142o: Fakt.pl)<\/p>\n","protected":false},"excerpt":{"rendered":"Gwa\u0142towne starcie mi\u0119dzy dwoma kierowcami na stacji paliw w Wa\u0142brzychu (woj. dolno\u015bl\u0105skie). Panowie zacz\u0119li si\u0119 szarpa\u0107 w trakcie&hellip;\n","protected":false},"author":2,"featured_media":661063,"comment_status":"","ping_status":"","sticky":false,"template":"","format":"standard","meta":{"footnotes":"","_share_on_mastodon":"0"},"categories":[5],"tags":[32,33,36,37,27,34,35,28,31,25,42,38,40,39,41,29,30,26],"class_list":["post-661062","post","type-post","status-publish","format-standard","has-post-thumbnail","category-naglowki","tag-breaking-news","tag-breakingnews","tag-featured-news","tag-featurednews","tag-headlines","tag-latest-news","tag-latestnews","tag-naglowki","tag-najwazniejsze-artykuly","tag-news","tag-pl","tag-poland","tag-polish","tag-polska","tag-polski","tag-top-stories","tag-topstories","tag-wiadomosci"],"share_on_mastodon":{"url":"https:\/\/pubeurope.com\/@pl\/117198257048542593","error":""},"_links":{"self":[{"href":"https:\/\/www.europesays.com\/pl\/wp-json\/wp\/v2\/posts\/661062","targetHints":{"allow":["GET"]}}],"collection":[{"href":"https:\/\/www.europesays.com\/pl\/wp-json\/wp\/v2\/posts"}],"about":[{"href":"https:\/\/www.europesays.com\/pl\/wp-json\/wp\/v2\/types\/post"}],"author":[{"embeddable":true,"href":"https:\/\/www.europesays.com\/pl\/wp-json\/wp\/v2\/users\/2"}],"replies":[{"embeddable":true,"href":"https:\/\/www.europesays.com\/pl\/wp-json\/wp\/v2\/comments?post=661062"}],"version-history":[{"count":0,"href":"https:\/\/www.europesays.com\/pl\/wp-json\/wp\/v2\/posts\/661062\/revisions"}],"wp:featuredmedia":[{"embeddable":true,"href":"https:\/\/www.europesays.com\/pl\/wp-json\/wp\/v2\/media\/661063"}],"wp:attachment":[{"href":"https:\/\/www.europesays.com\/pl\/wp-json\/wp\/v2\/media?parent=661062"}],"wp:term":[{"taxonomy":"category","embeddable":true,"href":"https:\/\/www.europesays.com\/pl\/wp-json\/wp\/v2\/categories?post=661062"},{"taxonomy":"post_tag","embeddable":true,"href":"https:\/\/www.europesays.com\/pl\/wp-json\/wp\/v2\/tags?post=661062"}],"curies":[{"name":"wp","href":"https:\/\/api.w.org\/{rel}","templated":true}]}}