{"id":661108,"date":"2026-09-01T23:26:17","date_gmt":"2026-09-01T23:26:17","guid":{"rendered":"https:\/\/www.europesays.com\/pl\/661108\/"},"modified":"2026-09-01T23:26:17","modified_gmt":"2026-09-01T23:26:17","slug":"wszystko-jasne-tak-wyglada-droga-reprezentacji-polski-po-medal-me-siatkowka","status":"publish","type":"post","link":"https:\/\/www.europesays.com\/pl\/661108\/","title":{"rendered":"Wszystko jasne. Tak wygl\u0105da droga reprezentacji Polski po medal ME Siatk\u00f3wka"},"content":{"rendered":"<p class=\"art_paragraph\"><a href=\"https:\/\/www.sport.pl\/siatkowka-kobiet#anchorLink\" rel=\"nofollow noopener\" target=\"_blank\">Polskie siatkarki<\/a> &#8222;id\u0105 jak burza&#8221; w tegorocznych mistrzostwach Europy. Bia\u0142o-czerwone jak do tej pory odnios\u0142y komplet sze\u015bciu zwyci\u0119stw i pewnie zameldowa\u0142y si\u0119 w \u0107wier\u0107finale imprezy. O awans do strefy medalowej podopieczne Stefano Lavariniego zagraj\u0105 z Holenderkami.<\/p>\n<p>\n    Zobacz wideo Marek Citko wspomina gola na Wembley: Czu\u0142em, \u017ce pokonamy Anglik\u00f3w\n  <\/p>\n<p> ME siatkarek: drabinka. Z kim zagraj\u0105 Polki?<\/p>\n<p class=\"art_paragraph\">W rozgrywkach grupy A reprezentantki Polski &#8211; przed decyduj\u0105cym o pierwszym miejscu starciem z Turczynkami straci\u0142y zaledwie jednego seta (w <a href=\"https:\/\/www.sport.pl\/mecze#anchorLink\" rel=\"nofollow noopener\" target=\"_blank\">meczu<\/a> z \u0141otw\u0105 &#8211; red.). Ko\u0144cz\u0105cy faz\u0119 grupow\u0105 pojedynek z gospodyniami przyni\u00f3s\u0142 najwi\u0119cej emocji w tej grupie. Polki po pi\u0119ciosetowym boju pokona\u0142y obro\u0144czynie tytu\u0142u oraz triumfatorki tegorocznej Ligi Narod\u00f3w 3:2.<\/p>\n<p class=\"art_paragraph\">Po tym boju nie brakowa\u0142o g\u0142os\u00f3w, jakoby podopieczne Daniele Santarelliego &#8222;pod\u0142o\u017cy\u0142y si\u0119&#8221; Polkom. &#8211;\u00a0Kiedy przeciwnik ci si\u0119 podk\u0142ada, trudno o to, \u017ceby nic nie wychodzi\u0142o &#8211; przyzna\u0142a wprost po spotkaniu Paulina Damaske. Pora\u017cka w meczu z Polsk\u0105 sprawi\u0142a, i\u017c turecki zesp\u00f3\u0142 trafi\u0142 w drabince fazy pucharowej do tej cz\u0119\u015bci, gdzie znajduj\u0105 si\u0119 Serbki. Nasze siatkarki natomiast wyl\u0105dowa\u0142y w drugiej &#8222;po\u0142\u00f3wce&#8221;, gdzie w przypadku awansu do <a href=\"https:\/\/www.sport.pl\/polfinal#anchorLink\" rel=\"nofollow noopener\" target=\"_blank\">p\u00f3\u0142fina\u0142u<\/a> najpewniej na naszej drodze stan\u0105 W\u0142oszki. Ekipa Julio Velasco w ostatnich dw\u00f3ch sezonach wygrywa\u0142a wszystkie mi\u0119dzynarodowe imprezy. Do\u015b\u0107 rzec, i\u017c Italia delikatnie rzecz ujmuj\u0105c &#8222;nie le\u017cy&#8221; naszym zawodniczkom. Po raz ostatni nasz zesp\u00f3\u0142 ogra\u0142 w\u0142osk\u0105 kadr\u0119 w turnieju kwalifikacyjnym do igrzysk w Pary\u017cu. 24 wrze\u015bnia 2023 roku bia\u0142o-czerwone zwyci\u0119\u017cy\u0142y w \u0142\u00f3dzkiej Atlas Arenie 3:1, dzi\u0119ki czemu mog\u0142y si\u0119 cieszy\u0107 z upragnionego awansu na turniej w stolicy Francji.<\/p>\n<p class=\"art_paragraph\">Nim jednak zaczniemy dywagowa\u0107 na temat potencjalnego boju polsko-w\u0142oskiego w Stambule trzeba w pierwszej kolejno\u015bci ogra\u0107 Holenderki. Ekipa, kt\u00f3ra jeszcze kilka lat temu by\u0142a w \u015bcis\u0142ym gronie faworytek ka\u017cdej imprezy, na kt\u00f3rej si\u0119 pojawi\u0142a, teraz mozolnie odbudowuje swoj\u0105 pozycj\u0119 na arenie mi\u0119dzynarodowej. Podopieczne Felixa Koslowskiego w fazie grupowej uleg\u0142y jedynie Belgijkom 2:3. Spotkanie to rozstrzygn\u0119\u0142o si\u0119 w tie-breaku, cho\u0107 to reprezentacja Belgii prowadzi\u0142a ju\u017c 0:2. Zryw holenderskiej ekipy sprawi\u0142, i\u017c ogl\u0105dali\u015bmy w tym pojedynku pi\u0119\u0107 set\u00f3w, lecz z happy-endem dla Belgii.<\/p>\n<p class=\"art_paragraph\">W 1\/8 fina\u0142u wysoko poprzeczk\u0119 zawiesi\u0142y Holandii reprezentantki S\u0142owenii. Tutaj tak\u017ce pi\u0105ty set rozstrzyga\u0142 o tym, kto zagra z bia\u0142o-czerwonymi o awans do fazy medalowej.<\/p>\n<p class=\"art_paragraph\">Spotkanie Polska &#8211; Holandia zostanie rozegrane w czwartek, 3 wrze\u015bnia. Ze wzgl\u0119du na to, i\u017c tego samego dnia sw\u00f3j mecz \u0107wier\u0107fina\u0142owy zagraj\u0105 gospodynie, Turczynki,\u00a0polsko-holenderski b\u00f3j o p\u00f3\u0142fina\u0142 rozpocznie si\u0119 o godzinie 15:00.<\/p>\n<p class=\"art_paragraph\">Reprezentacja Turcji po raz kolejny na tych mistrzostwach zmierzy si\u0119 z Niemkami. W ich pierwszym boju g\u00f3r\u0105 by\u0142y gospodynie 3:1, cho\u0107 niemiecki zesp\u00f3\u0142 w pierwszych dw\u00f3ch partiach dzielnie stawia\u0142 czo\u0142a utytu\u0142owanym rywalkom.<\/p>\n<p class=\"art_paragraph\">Z <a href=\"https:\/\/www.sport.pl\/siatkowka\/7,64948,32920174,tak-wyglada-tabela-ligi-narodow-po-meczu-polska-francja.html#anchorLink\" rel=\"nofollow noopener\" target=\"_blank\">polskiego<\/a> punktu widzenia najbardziej interesuj\u0105cy b\u0119dzie b\u00f3j W\u0142oszek ze Szwedkami. W tym spotkaniu ka\u017cdy rezultat inny ni\u017c 3:0 dla Italii b\u0119dzie niespodziank\u0105. Obydwa zespo\u0142y zmierzy\u0142y si\u0119 ze sob\u0105 w fazie grupowej. Tam &#8211; zgodnie z przewidywaniami podopieczne Julio Velasco nie odda\u0142y rywalom cho\u0107by seta.<\/p>\n<p class=\"art_paragraph\">Czwart\u0105, a zarazem ostatni\u0105 par\u0119 \u0107wier\u0107finalistek tworz\u0105 dru\u017cyny <a href=\"https:\/\/www.sport.pl\/serbia#anchorLink\" rel=\"nofollow noopener\" target=\"_blank\">Serbii<\/a> oraz Grecji. W ich przypadku tak\u017ce mieli\u015bmy ju\u017c do czynienia z tzw. pierwszym akordem w fazie grupowej. Greczynki dzielnie stawia\u0142y op\u00f3r zdecydowanie bardziej utytu\u0142owanym przeciwniczkom, doprowadzaj\u0105c do tie-breaka. W nim jednak g\u00f3r\u0105 by\u0142 serbski zesp\u00f3\u0142.<\/p>\n<p> Pary \u0107wier\u0107fina\u0142owe mistrzostw Europy siatkarek 2026:<\/p>\n<ul class=\"art_uList\">\n<li class=\"art_list_el\">Serbia &#8211; Grecja (\u015broda, 2 wrze\u015bnia, godz. 16:00)<\/li>\n<li class=\"art_list_el\">W\u0142ochy &#8211; Szwecja (\u015broda, 2 wrze\u015bnia, godz. 19:00)<\/li>\n<li class=\"art_list_el\">Polska &#8211; Holandia (czwartek, 3 wrze\u015bnia, godz. 15:00)<\/li>\n<li class=\"art_list_el\">Turcja &#8211; Niemcy (czwartek, 3 wrze\u015bnia, godz. 18:00)<\/li>\n<\/ul>\n<p> Pary p\u00f3\u0142fina\u0142owe (sobota, 5 wrze\u015bnia &#8211; Stambu\u0142):<\/p>\n<ul class=\"art_uList\">\n<li class=\"art_list_el\">W\u0142ochy\/Szwecja &#8211;\u00a0Polska\/Holandia<\/li>\n<li class=\"art_list_el\">Serbia\/Grecja &#8211;\u00a0Turcja\/Niemcy<\/li>\n<\/ul>\n<p class=\"art_paragraph\">Fina\u0142 i mecz o 3. miejsce &#8211; niedziela, 6 wrze\u015bnia &#8211; Stambu\u0142.<\/p>\n","protected":false},"excerpt":{"rendered":"Polskie siatkarki &#8222;id\u0105 jak burza&#8221; w tegorocznych mistrzostwach Europy. Bia\u0142o-czerwone jak do tej pory odnios\u0142y komplet sze\u015bciu zwyci\u0119stw&hellip;\n","protected":false},"author":2,"featured_media":661109,"comment_status":"","ping_status":"","sticky":false,"template":"","format":"standard","meta":{"footnotes":"","_share_on_mastodon":"0"},"categories":[5],"tags":[32,33,36,37,27,34,35,28,31,25,42,38,40,39,41,29,30,26],"class_list":["post-661108","post","type-post","status-publish","format-standard","has-post-thumbnail","category-naglowki","tag-breaking-news","tag-breakingnews","tag-featured-news","tag-featurednews","tag-headlines","tag-latest-news","tag-latestnews","tag-naglowki","tag-najwazniejsze-artykuly","tag-news","tag-pl","tag-poland","tag-polish","tag-polska","tag-polski","tag-top-stories","tag-topstories","tag-wiadomosci"],"share_on_mastodon":{"url":"https:\/\/pubeurope.com\/@pl\/117198375421287791","error":""},"_links":{"self":[{"href":"https:\/\/www.europesays.com\/pl\/wp-json\/wp\/v2\/posts\/661108","targetHints":{"allow":["GET"]}}],"collection":[{"href":"https:\/\/www.europesays.com\/pl\/wp-json\/wp\/v2\/posts"}],"about":[{"href":"https:\/\/www.europesays.com\/pl\/wp-json\/wp\/v2\/types\/post"}],"author":[{"embeddable":true,"href":"https:\/\/www.europesays.com\/pl\/wp-json\/wp\/v2\/users\/2"}],"replies":[{"embeddable":true,"href":"https:\/\/www.europesays.com\/pl\/wp-json\/wp\/v2\/comments?post=661108"}],"version-history":[{"count":0,"href":"https:\/\/www.europesays.com\/pl\/wp-json\/wp\/v2\/posts\/661108\/revisions"}],"wp:featuredmedia":[{"embeddable":true,"href":"https:\/\/www.europesays.com\/pl\/wp-json\/wp\/v2\/media\/661109"}],"wp:attachment":[{"href":"https:\/\/www.europesays.com\/pl\/wp-json\/wp\/v2\/media?parent=661108"}],"wp:term":[{"taxonomy":"category","embeddable":true,"href":"https:\/\/www.europesays.com\/pl\/wp-json\/wp\/v2\/categories?post=661108"},{"taxonomy":"post_tag","embeddable":true,"href":"https:\/\/www.europesays.com\/pl\/wp-json\/wp\/v2\/tags?post=661108"}],"curies":[{"name":"wp","href":"https:\/\/api.w.org\/{rel}","templated":true}]}}