{"id":661114,"date":"2026-09-01T23:31:22","date_gmt":"2026-09-01T23:31:22","guid":{"rendered":"https:\/\/www.europesays.com\/pl\/661114\/"},"modified":"2026-09-01T23:31:22","modified_gmt":"2026-09-01T23:31:22","slug":"z-technikum-i-szkoly-branzowej-prosto-do-przemyslu-kghm-rozpoczyna-kolejny-rok-kompetentnych-w-branzy","status":"publish","type":"post","link":"https:\/\/www.europesays.com\/pl\/661114\/","title":{"rendered":"Z technikum i szko\u0142y bran\u017cowej prosto do przemys\u0142u. KGHM rozpoczyna kolejny rok \u201eKompetentnych w bran\u017cy\u201d"},"content":{"rendered":"<p>                        Ucz\u0105 si\u0119 zawodu i zdobywaj\u0105 do\u015bwiadczenie bezpo\u015brednio w KGHM<\/p>\n<p>\u00a0<\/p>\n<p><img decoding=\"async\" alt=\"\" src=\"https:\/\/www.europesays.com\/pl\/wp-content\/uploads\/2026\/09\/828378608020260901111524.jpg\" style=\"margin-left: 10px; margin-right: 10px; width: 900px; height: 500px;\" title=\"Rusza dziewi&#x105;ta edycja programu KGHM &#x201E;Kompetentni w bran&#x17C;y&#x201D; (mat. prasowe)\"\/><\/p>\n<p>\u00a0<\/p>\n<p>Program \u201eKompetentni w bran\u017cy\u201d dzia\u0142a od 2018 roku i \u0142\u0105czy nauk\u0119 w szko\u0142ach technicznych i bran\u017cowych z praktycznym przygotowaniem do pracy. W roku szkolnym 2026\/2027 patronatem KGHM obj\u0119tych jest 10 szk\u00f3\u0142 z Legnicy, Lubina, Polkowic, G\u0142ogowa, Chocianowa, Boles\u0142awca i Wschowy.<\/p>\n<p>Ponad 2300 uczni\u00f3w kszta\u0142ci si\u0119 w 15 zawodach zwi\u0105zanych z dzia\u0142alno\u015bci\u0105 przemys\u0142ow\u0105, mi\u0119dzy innymi z g\u00f3rnictwem, hutnictwem, przer\u00f3bk\u0105, elektryk\u0105, automatyk\u0105 i mechatronik\u0105. Zawody obj\u0119te patronatem znalaz\u0142y si\u0119 w prognozie Ministerstwa Edukacji Narodowej w\u015br\u00f3d profesji szczeg\u00f3lnie potrzebnych na rynku pracy.<\/p>\n<p>Program nie ogranicza si\u0119 do zaj\u0119\u0107 w szkolnych pracowniach. Uczniowie mog\u0105 odbywa\u0107 praktyki w oddzia\u0142ach KGHM pod opiek\u0105 pracuj\u0105cych tam specjalist\u00f3w, bra\u0107 udzia\u0142 w p\u0142atnym programie sta\u017cowym oraz ubiega\u0107 si\u0119 o stypendia. Sp\u00f3\u0142ka doposa\u017ca r\u00f3wnie\u017c pracownie wykorzystywane do nauki zawodu.<\/p>\n<p>Poprzez inicjatywy edukacyjne, rozwojowe i sportowe chcemy pokazywa\u0107 m\u0142odym ludziom, \u017ce program \u201eKompetentni w bran\u017cy\u201d to co\u015b wi\u0119cej ni\u017c jednostronna relacja szko\u0142y z biznesem. To przestrze\u0144 do rozmowy o potrzebach, warto\u015bciach i wyzwaniach, a tak\u017ce szansa na praktyczne poznanie zawod\u00f3w wa\u017cnych dla przysz\u0142o\u015bci regionu. Dzi\u0119ki temu wok\u00f3\u0142 programu powsta\u0142a zaanga\u017cowana spo\u0142eczno\u015b\u0107 #TeamKompetentni, kt\u00f3rej wsp\u00f3lnym celem jest jak najlepsze przygotowanie m\u0142odzie\u017cy do wej\u015bcia na rynek pracy \u2013 m\u00f3wi Magdalena Lipi\u0144ska, dyrektor naczelna ds. zarz\u0105dzania zasobami ludzkimi KGHM Polska Mied\u017a.<\/p>\n<p>\u00a0Ponad 600 absolwent\u00f3w programu pracuje ju\u017c w KGHM<\/p>\n<p>\u00a0<\/p>\n<p><img decoding=\"async\" alt=\"\" src=\"https:\/\/www.europesays.com\/pl\/wp-content\/uploads\/2026\/09\/791039733020260901111608.jpg\" style=\"margin-left: 10px; margin-right: 10px; width: 900px; height: 675px;\" title=\"Rusza dziewi&#x105;ta edycja programu KGHM &#x201E;Kompetentni w bran&#x17C;y&#x201D; (mat. prasowe)\"\/><\/p>\n<p>\u00a0<\/p>\n<p>W nowym roku szkolnym uczniowie ponownie wezm\u0105 udzia\u0142 w Olimpiadzie Wiedzy o KGHM \u201eKompetentny Gilbert\u201d oraz spotkaniu ambasador\u00f3w programu. Pojawi\u0105 si\u0119 te\u017c nowe propozycje. Jedn\u0105 z nich b\u0119dzie \u201eKompetentny Kozak\u201d, czyli zawody w konkurencjach si\u0142owych. Zaplanowano r\u00f3wnie\u017c wsp\u00f3lne wej\u015bcie na \u015anie\u017ck\u0119.<\/p>\n<p>W ka\u017cdej ze szk\u00f3\u0142 maj\u0105 odby\u0107 si\u0119 tak\u017ce \u201eDni z KGHM\u201d. M\u0142odzie\u017c b\u0119dzie mog\u0142a podczas nich spotka\u0107 si\u0119 z pracownikami wykonuj\u0105cymi konkretne zawody i dowiedzie\u0107 si\u0119, jak w praktyce wygl\u0105da praca w poszczeg\u00f3lnych oddzia\u0142ach Polskiej Miedzi.<\/p>\n<p>Program obejmuje r\u00f3wnie\u017c konferencje, warsztaty, wizyty w zak\u0142adach oraz wydarzenia sportowe. Wszystkie te dzia\u0142ania maj\u0105 przygotowa\u0107 uczni\u00f3w nie tylko pod wzgl\u0119dem technicznym, ale r\u00f3wnie\u017c pom\u00f3c im w planowaniu dalszej drogi zawodowej.<\/p>\n<p>Cz\u0119\u015b\u0107 uczestnik\u00f3w programu po zako\u0144czeniu szko\u0142y rzeczywi\u015bcie trafia do Polskiej Miedzi. Obecnie w KGHM pracuje ponad 600 absolwent\u00f3w \u201eKompetentnych w bran\u017cy\u201d. Program jest realizowany we wsp\u00f3\u0142pracy z Ministerstwem Edukacji Narodowej.<\/p>\n","protected":false},"excerpt":{"rendered":"Ucz\u0105 si\u0119 zawodu i zdobywaj\u0105 do\u015bwiadczenie bezpo\u015brednio w KGHM \u00a0 \u00a0 Program \u201eKompetentni w bran\u017cy\u201d dzia\u0142a od 2018&hellip;\n","protected":false},"author":2,"featured_media":661115,"comment_status":"","ping_status":"","sticky":false,"template":"","format":"standard","meta":{"footnotes":"","_share_on_mastodon":"0"},"categories":[52220],"tags":[98611,3622,98618,3953,52221,98619,25807,31620,42,38,40,39,41,98615,98616,98617,98613,98612,98614],"class_list":["post-661114","post","type-post","status-publish","format-standard","has-post-thumbnail","category-kghm","tag-aktualnosci-edukacyjne","tag-edukacja","tag-edukacja-w-regionie","tag-kghm","tag-kghm-polska-miedz","tag-kursy-i-szkolenia","tag-nauka-i-edukacja","tag-oswiata","tag-pl","tag-poland","tag-polish","tag-polska","tag-polski","tag-poradniki-dla-uczniow","tag-rozwoj-osobisty","tag-system-edukacyjny","tag-szkolnictwo-dolny-slask","tag-szkoly-legnica","tag-wydarzenia-edukacyjne"],"share_on_mastodon":{"url":"https:\/\/pubeurope.com\/@pl\/117198396031550695","error":""},"_links":{"self":[{"href":"https:\/\/www.europesays.com\/pl\/wp-json\/wp\/v2\/posts\/661114","targetHints":{"allow":["GET"]}}],"collection":[{"href":"https:\/\/www.europesays.com\/pl\/wp-json\/wp\/v2\/posts"}],"about":[{"href":"https:\/\/www.europesays.com\/pl\/wp-json\/wp\/v2\/types\/post"}],"author":[{"embeddable":true,"href":"https:\/\/www.europesays.com\/pl\/wp-json\/wp\/v2\/users\/2"}],"replies":[{"embeddable":true,"href":"https:\/\/www.europesays.com\/pl\/wp-json\/wp\/v2\/comments?post=661114"}],"version-history":[{"count":0,"href":"https:\/\/www.europesays.com\/pl\/wp-json\/wp\/v2\/posts\/661114\/revisions"}],"wp:featuredmedia":[{"embeddable":true,"href":"https:\/\/www.europesays.com\/pl\/wp-json\/wp\/v2\/media\/661115"}],"wp:attachment":[{"href":"https:\/\/www.europesays.com\/pl\/wp-json\/wp\/v2\/media?parent=661114"}],"wp:term":[{"taxonomy":"category","embeddable":true,"href":"https:\/\/www.europesays.com\/pl\/wp-json\/wp\/v2\/categories?post=661114"},{"taxonomy":"post_tag","embeddable":true,"href":"https:\/\/www.europesays.com\/pl\/wp-json\/wp\/v2\/tags?post=661114"}],"curies":[{"name":"wp","href":"https:\/\/api.w.org\/{rel}","templated":true}]}}