{"id":661118,"date":"2026-09-01T23:35:12","date_gmt":"2026-09-01T23:35:12","guid":{"rendered":"https:\/\/www.europesays.com\/pl\/661118\/"},"modified":"2026-09-01T23:35:12","modified_gmt":"2026-09-01T23:35:12","slug":"jak-prezentuja-sie-aktualne-warunki-powietrza-w-bialymstoku-poznaj-dane-z-2-09-2026","status":"publish","type":"post","link":"https:\/\/www.europesays.com\/pl\/661118\/","title":{"rendered":"Jak prezentuj\u0105 si\u0119 aktualne warunki powietrza w Bia\u0142ymstoku? Poznaj dane z 2.09.2026"},"content":{"rendered":"<p><img decoding=\"async\" loading=\"eager\" fetchpriority=\"high\" class=\"atomsArticleGalleryImage__mainImg\" src=\"https:\/\/www.europesays.com\/pl\/wp-content\/uploads\/2026\/09\/il20251203_951545783_medium.jpg\" alt=\"Sprawd&#x17A; stan jako&#x15B;ci powietrza w Bia&#x142;ymstoku\" width=\"1920\" height=\"1125\"\/><\/p>\n<p>\n        Sprawd\u017a stan jako\u015bci powietrza w Bia\u0142ymstoku<\/p>\n<p>          fot. JerzyG\u00f3recki \/ Pixabay\n        <\/p>\n<p>Smog w Bia\u0142ymstoku, stan na 2.09.2026. Ile PM10 i PM2.5 jest teraz w powietrzu?Sprawd\u017a, czy w \u015brod\u0119 przebywanie na zewn\u0105trz jest bezpieczne dla zdrowia. Por\u00f3wnaj, jak stan powietrza w Bia\u0142ymstoku zmienia\u0142 si\u0119 w ostatnich dniach. B\u00f3l g\u0142owy to cz\u0119sty objaw zbyt d\u0142ugiego wdychania zanieczyszczonego powietrza.<\/p>\n","protected":false},"excerpt":{"rendered":"Sprawd\u017a stan jako\u015bci powietrza w Bia\u0142ymstoku fot. JerzyG\u00f3recki \/ Pixabay Smog w Bia\u0142ymstoku, stan na 2.09.2026. Ile PM10&hellip;\n","protected":false},"author":2,"featured_media":661119,"comment_status":"","ping_status":"","sticky":false,"template":"","format":"standard","meta":{"footnotes":"","_share_on_mastodon":"0"},"categories":[51614],"tags":[2151,42,78,38,40,39,41,101834,43824],"class_list":["post-661118","post","type-post","status-publish","format-standard","has-post-thumbnail","category-bialystok","tag-bialystok","tag-pl","tag-pogoda","tag-poland","tag-polish","tag-polska","tag-polski","tag-smog-bialystok","tag-zanieczyszczenie-powietrza"],"share_on_mastodon":{"url":"https:\/\/pubeurope.com\/@pl\/117198410565922215","error":""},"_links":{"self":[{"href":"https:\/\/www.europesays.com\/pl\/wp-json\/wp\/v2\/posts\/661118","targetHints":{"allow":["GET"]}}],"collection":[{"href":"https:\/\/www.europesays.com\/pl\/wp-json\/wp\/v2\/posts"}],"about":[{"href":"https:\/\/www.europesays.com\/pl\/wp-json\/wp\/v2\/types\/post"}],"author":[{"embeddable":true,"href":"https:\/\/www.europesays.com\/pl\/wp-json\/wp\/v2\/users\/2"}],"replies":[{"embeddable":true,"href":"https:\/\/www.europesays.com\/pl\/wp-json\/wp\/v2\/comments?post=661118"}],"version-history":[{"count":0,"href":"https:\/\/www.europesays.com\/pl\/wp-json\/wp\/v2\/posts\/661118\/revisions"}],"wp:featuredmedia":[{"embeddable":true,"href":"https:\/\/www.europesays.com\/pl\/wp-json\/wp\/v2\/media\/661119"}],"wp:attachment":[{"href":"https:\/\/www.europesays.com\/pl\/wp-json\/wp\/v2\/media?parent=661118"}],"wp:term":[{"taxonomy":"category","embeddable":true,"href":"https:\/\/www.europesays.com\/pl\/wp-json\/wp\/v2\/categories?post=661118"},{"taxonomy":"post_tag","embeddable":true,"href":"https:\/\/www.europesays.com\/pl\/wp-json\/wp\/v2\/tags?post=661118"}],"curies":[{"name":"wp","href":"https:\/\/api.w.org\/{rel}","templated":true}]}}