{"id":661124,"date":"2026-09-01T23:39:29","date_gmt":"2026-09-01T23:39:29","guid":{"rendered":"https:\/\/www.europesays.com\/pl\/661124\/"},"modified":"2026-09-01T23:39:29","modified_gmt":"2026-09-01T23:39:29","slug":"dwunastka-i-jedenastka-zmienily-trasy-teraz-na-wielkiej-petli-zajete-sa-cztery-perony","status":"publish","type":"post","link":"https:\/\/www.europesays.com\/pl\/661124\/","title":{"rendered":"\u201eDwunastka\u201d i \u201ejedenastka\u201d zmieni\u0142y trasy. Teraz na wielkiej p\u0119tli zaj\u0119te s\u0105 cztery perony"},"content":{"rendered":"<p>\n                        Od 1 wrze\u015bnia tramwaje linii 11 i 12 zn\u00f3w kursuj\u0105 po swoich sta\u0142ych trasach. Dzi\u0119ki temu, \u017ce Al. Powsta\u0144c\u00f3w Wielkopolskich jest przejezdna na ca\u0142ej d\u0142ugo\u015bci, mog\u0105 dojecha\u0107 do p\u0119tli Pomorzany. Zawieszone zosta\u0142y kursy linii 4, a zlikwidowane autobusy zast\u0119pcze 811.\n                    <\/p>\n<p>\u201eDwunastka\u201d wr\u00f3ci\u0142a niedawno do rozk\u0142ad\u00f3w jazdy, ale ko\u0144czy\u0142a bieg przy przystanku \u201eSzpitalna\u201d. \u201eJedenastka\u201d je\u017adzi\u0142a na zmienionej trasie z Ludowej na Dworzec Niebuszewo. Od wtorku wszystko wr\u00f3ci\u0142o do porz\u0105dku, kt\u00f3ry Szczecinianie znaj\u0105 od lat.<\/p>\n<p>Tramwaje linii 12 kursuj\u0105 z Dworca Niebuszewo (zako\u0144czy\u0142a si\u0119 tam naprawa nawierzchni) na p\u0119tl\u0119 Pomorzany. W godzinach szczytu co 4\/8 minut.<\/p>\n<p>\u201eJedenastka\u201d zn\u00f3w je\u017adzi z Ludowej na p\u0119tle Pomorzany. Z 12-minutow\u0105 cz\u0119stotliwo\u015bci\u0105 w godzinach szczytu.<\/p>\n<p>Tym samym na Pomorzany doje\u017cd\u017caj\u0105 ju\u017c cztery tramwaje. Tor wewn\u0119trzny na p\u0119tli zajmuje linia 6, a p\u00f3\u017aniej zatrzymuj\u0105 si\u0119 kolejno: 3, 12 i 11. Tor zewn\u0119trzny pozostaje w rezerwie.<\/p>\n<p>Tramwaje kursuj\u0105 przez Al. Powsta\u0144c\u00f3w Wielkopolskich, ale prace jeszcze si\u0119 tam nie zako\u0144czy\u0142y. Nadal nieprzejezdna jest ul. Frysztacka.<\/p>\n","protected":false},"excerpt":{"rendered":"Od 1 wrze\u015bnia tramwaje linii 11 i 12 zn\u00f3w kursuj\u0105 po swoich sta\u0142ych trasach. Dzi\u0119ki temu, \u017ce Al.&hellip;\n","protected":false},"author":2,"featured_media":661125,"comment_status":"","ping_status":"","sticky":false,"template":"","format":"standard","meta":{"footnotes":"","_share_on_mastodon":"0"},"categories":[51611],"tags":[291,1089,3839,3511,261,3840,42,38,40,907,39,41,123,2307,26,1092],"class_list":["post-661124","post","type-post","status-publish","format-standard","has-post-thumbnail","category-szczecin","tag-historia","tag-imprezy","tag-interwencje","tag-inwestycje","tag-kultura","tag-lokale","tag-pl","tag-poland","tag-polish","tag-polityka","tag-polska","tag-polski","tag-rozrywka","tag-szczecin","tag-wiadomosci","tag-wydarzenia"],"share_on_mastodon":{"url":"https:\/\/pubeurope.com\/@pl\/117198426348438100","error":""},"_links":{"self":[{"href":"https:\/\/www.europesays.com\/pl\/wp-json\/wp\/v2\/posts\/661124","targetHints":{"allow":["GET"]}}],"collection":[{"href":"https:\/\/www.europesays.com\/pl\/wp-json\/wp\/v2\/posts"}],"about":[{"href":"https:\/\/www.europesays.com\/pl\/wp-json\/wp\/v2\/types\/post"}],"author":[{"embeddable":true,"href":"https:\/\/www.europesays.com\/pl\/wp-json\/wp\/v2\/users\/2"}],"replies":[{"embeddable":true,"href":"https:\/\/www.europesays.com\/pl\/wp-json\/wp\/v2\/comments?post=661124"}],"version-history":[{"count":0,"href":"https:\/\/www.europesays.com\/pl\/wp-json\/wp\/v2\/posts\/661124\/revisions"}],"wp:featuredmedia":[{"embeddable":true,"href":"https:\/\/www.europesays.com\/pl\/wp-json\/wp\/v2\/media\/661125"}],"wp:attachment":[{"href":"https:\/\/www.europesays.com\/pl\/wp-json\/wp\/v2\/media?parent=661124"}],"wp:term":[{"taxonomy":"category","embeddable":true,"href":"https:\/\/www.europesays.com\/pl\/wp-json\/wp\/v2\/categories?post=661124"},{"taxonomy":"post_tag","embeddable":true,"href":"https:\/\/www.europesays.com\/pl\/wp-json\/wp\/v2\/tags?post=661124"}],"curies":[{"name":"wp","href":"https:\/\/api.w.org\/{rel}","templated":true}]}}