{"id":661156,"date":"2026-09-01T23:57:14","date_gmt":"2026-09-01T23:57:14","guid":{"rendered":"https:\/\/www.europesays.com\/pl\/661156\/"},"modified":"2026-09-01T23:57:14","modified_gmt":"2026-09-01T23:57:14","slug":"totalna-kompromitacja-ekstraklasowicza-trener-grzmi-to-jest-dla-nas-wstyd","status":"publish","type":"post","link":"https:\/\/www.europesays.com\/pl\/661156\/","title":{"rendered":"Totalna kompromitacja Ekstraklasowicza. Trener grzmi: 'To jest dla nas wstyd&#8217;"},"content":{"rendered":"<p class=\"art_paragraph\">Cz\u0119sto m\u00f3wi si\u0119, \u017ce Puchar Polski rz\u0105dzi si\u0119 swoimi prawami. W poprzednich latach nie brakowa\u0142o sensacji i tak\u0105 mieli\u015bmy te\u017c we wtorek (1 wrze\u015bnia). Siarka Tarnobrzeg pokona\u0142a na w\u0142asnym stadionie Zag\u0142\u0119bie Lubin 3:2. Ju\u017c w 6. minucie gospodarze prowadzili 1:0, bo bramk\u0119 samob\u00f3jcz\u0105 zapisa\u0142 na swoim koncie Maciej Urba\u0144ski.\u00a0<\/p>\n<p>\n    Zobacz wideo Marek Citko wspomina gola na Wembley: Czu\u0142em, \u017ce pokonamy Anglik\u00f3w\n  <\/p>\n<p> Ojrzy\u0144ski wprost po blama\u017cu. &#8222;Przepraszamy kibic\u00f3w, kt\u00f3rzy tu przyjechali&#8221;<\/p>\n<p class=\"art_paragraph\">Do przerwy utrzyma\u0142 si\u0119 wynik 1:0, a tu\u017c po wznowieniu gry gospodarze mieli ju\u017c dwie bramki przewagi. Tym razem na list\u0119 strzelc\u00f3w wpisa\u0142 si\u0119 Patryk Peciak. W 65. minucie Zag\u0142\u0119bie z\u0142apa\u0142o kontakt za spraw\u0105 Damiana Michalskiego, ale c\u00f3\u017c z tego, skoro w 77. minucie Adrian Kromka podwy\u017cszy\u0142 prowadzenie na 3:1.<\/p>\n<p class=\"art_paragraph\">W samej ko\u0144c\u00f3wce Lubinianie odpowiedzieli golem Arkadiusza Wo\u017aniaka z rzutu karnego, ale to by\u0142o za ma\u0142o do tego, by doprowadzi\u0107 cho\u0107by do dogrywki.<\/p>\n<p class=\"art_paragraph\">Trzecioligowiec pokona\u0142 Zag\u0142\u0119bie Lubin i w taki o to spos\u00f3b &#8222;Miedziowi&#8221; ju\u017c na pocz\u0105tku wrze\u015bnia po\u017cegnali si\u0119 z Pucharem Polski. Trener Leszek Ojrzy\u0144ski po zako\u0144czeniu spotkania nie szcz\u0119dzi\u0142 cierpkich s\u0142\u00f3w swojej dru\u017cynie.\u00a0<\/p>\n<p class=\"art_paragraph\">&#8211; Gratulacje dla Siarki, bo wygrali z dru\u017cyn\u0105 Ekstraklasow\u0105. Co prawda my si\u0119 do tego przyczynili\u015bmy. Takie b\u0142\u0119dy nie powinny si\u0119 zdarza\u0107. Statystyki s\u0105 po naszej stronie, ale one nie graj\u0105. Rywale byli ambitni i odwa\u017cni, a my panikowali\u015bmy &#8211; powiedzia\u0142 Ojrzy\u0144ski na konferencji prasowej, cytowany przez <a href=\"https:\/\/www.zaglebie.com\/Aktualnosci\/Pierwszy-zespol\/konferencja-prasowa-po-meczu-z-siarka_n20219\" class=\"art_link\" rel=\"nofollow noopener\" target=\"_blank\">media klubowe<\/a>.\u00a0<\/p>\n<p class=\"art_paragraph\">&#8211; Pr\u00f3bowali\u015bmy odrobi\u0107 straty, ale si\u0119 nie uda\u0142o. To jest dla mnie bardzo znacz\u0105ca lekcja. Wystawili\u015bmy wielu m\u0142odych zawodnik\u00f3w, a kilku zosta\u0142o w Lubinie. Liczyli\u015bmy, \u017ce ta <a href=\"https:\/\/www.sport.pl\/pilka\/7,64946,29986227,buduja-druga-barcelone-legendarna-ekipa-w-jednym-miejscu.html#anchorLink\" rel=\"nofollow noopener\" target=\"_blank\">ekipa<\/a>, kt\u00f3ra tu zawita\u0142a, da sobie rad\u0119. Przepraszamy <a href=\"https:\/\/www.sport.pl\/kibice#anchorLink\" rel=\"nofollow noopener\" target=\"_blank\">kibic\u00f3w<\/a>, kt\u00f3rzy tu przyjechali. Musimy spojrze\u0107 sobie w oczy. Ci, kt\u00f3rzy dzisiaj grali, musz\u0105 za to odpowiedzie\u0107, trzeba wi\u0119cej od siebie wymaga\u0107. U nas niekt\u00f3rzy si\u0119 nie popisali i byli\u015bmy dzi\u015b za s\u0142abi. To jest dla nas wstyd. Trzeba jednak \u017cy\u0107 i zobaczymy, co b\u0119dzie dalej &#8211; doda\u0142 po chwili.\u00a0<\/p>\n<p class=\"art_paragraph\">Zag\u0142\u0119biu pozostaje ju\u017c tylko rywalizacja w PKO BP <a href=\"https:\/\/www.sport.pl\/pilka\/0,65039.html#anchorLink\" rel=\"nofollow noopener\" target=\"_blank\">Ekstraklasie<\/a>. Jak na razie zesp\u00f3\u0142 Ojrzy\u0144skiego zajmuje dziewi\u0105te miejsce z dorobkiem o\u015bmiu punkt\u00f3w &#8211; wygra\u0142 dwa <a href=\"https:\/\/www.sport.pl\/pilka\/7,65037,32351570,historyczny-mecz-polski-z-holandia-wszystko-na-oczach-nawrockiej.html#anchorLink\" rel=\"nofollow noopener\" target=\"_blank\">mecze<\/a>, zremisowa\u0142 dwa spotkania i przegra\u0142 jedno.\u00a0<\/p>\n","protected":false},"excerpt":{"rendered":"Cz\u0119sto m\u00f3wi si\u0119, \u017ce Puchar Polski rz\u0105dzi si\u0119 swoimi prawami. W poprzednich latach nie brakowa\u0142o sensacji i tak\u0105&hellip;\n","protected":false},"author":2,"featured_media":661157,"comment_status":"","ping_status":"","sticky":false,"template":"","format":"standard","meta":{"footnotes":"","_share_on_mastodon":"0"},"categories":[5],"tags":[32,33,36,37,27,34,35,28,31,25,42,38,40,39,41,29,30,26],"class_list":["post-661156","post","type-post","status-publish","format-standard","has-post-thumbnail","category-naglowki","tag-breaking-news","tag-breakingnews","tag-featured-news","tag-featurednews","tag-headlines","tag-latest-news","tag-latestnews","tag-naglowki","tag-najwazniejsze-artykuly","tag-news","tag-pl","tag-poland","tag-polish","tag-polska","tag-polski","tag-top-stories","tag-topstories","tag-wiadomosci"],"share_on_mastodon":{"url":"https:\/\/pubeurope.com\/@pl\/117198497043989687","error":""},"_links":{"self":[{"href":"https:\/\/www.europesays.com\/pl\/wp-json\/wp\/v2\/posts\/661156","targetHints":{"allow":["GET"]}}],"collection":[{"href":"https:\/\/www.europesays.com\/pl\/wp-json\/wp\/v2\/posts"}],"about":[{"href":"https:\/\/www.europesays.com\/pl\/wp-json\/wp\/v2\/types\/post"}],"author":[{"embeddable":true,"href":"https:\/\/www.europesays.com\/pl\/wp-json\/wp\/v2\/users\/2"}],"replies":[{"embeddable":true,"href":"https:\/\/www.europesays.com\/pl\/wp-json\/wp\/v2\/comments?post=661156"}],"version-history":[{"count":0,"href":"https:\/\/www.europesays.com\/pl\/wp-json\/wp\/v2\/posts\/661156\/revisions"}],"wp:featuredmedia":[{"embeddable":true,"href":"https:\/\/www.europesays.com\/pl\/wp-json\/wp\/v2\/media\/661157"}],"wp:attachment":[{"href":"https:\/\/www.europesays.com\/pl\/wp-json\/wp\/v2\/media?parent=661156"}],"wp:term":[{"taxonomy":"category","embeddable":true,"href":"https:\/\/www.europesays.com\/pl\/wp-json\/wp\/v2\/categories?post=661156"},{"taxonomy":"post_tag","embeddable":true,"href":"https:\/\/www.europesays.com\/pl\/wp-json\/wp\/v2\/tags?post=661156"}],"curies":[{"name":"wp","href":"https:\/\/api.w.org\/{rel}","templated":true}]}}