{"id":661182,"date":"2026-09-02T00:19:57","date_gmt":"2026-09-02T00:19:57","guid":{"rendered":"https:\/\/www.europesays.com\/pl\/661182\/"},"modified":"2026-09-02T00:19:57","modified_gmt":"2026-09-02T00:19:57","slug":"bron-dla-ukrainy-polska-w-koncu-otrzyma-rekompensate","status":"publish","type":"post","link":"https:\/\/www.europesays.com\/pl\/661182\/","title":{"rendered":"Bro\u0144 dla Ukrainy. Polska w ko\u0144cu otrzyma rekompensat\u0119"},"content":{"rendered":"\n<p>&#13;<br \/>\nPo rosyjskiej inwazji na\u00a0Ukrain\u0119 w\u00a02022 roku Polska przekaza\u0142a Kijowowi bro\u0144, amunicj\u0119 i\u00a0sprz\u0119t wojskowy, otrzymuj\u0105c nast\u0119pnie cz\u0119\u015bciowy zwrot koszt\u00f3w z\u00a0EPF \u2013\u00a0Europejskiego Funduszu Pokoju. To\u00a0pozabud\u017cetowe narz\u0119dzie finansowe, z\u00a0kt\u00f3rego \u015brodki s\u0105 przeznaczane m.in. na\u00a0rekompensat\u0119 dla\u00a0pa\u0144stw cz\u0142onkowskich w\u00a0zwi\u0105zku ze\u00a0wsparciem militarnym dla\u00a0Ukrainy. &#13;\n<\/p>\n<p>&#13;<br \/>\nW 2024 roku W\u0119gry zablokowa\u0142y jednak mo\u017cliwo\u015b\u0107 wyp\u0142aty \u015brodk\u00f3w z\u00a0tego funduszu. Wed\u0142ug wylicze\u0144 ekspert\u00f3w, Polsce nale\u017ca\u0142o si\u0119 ok. 450 mln euro, czyli ponad 1,9 mld z\u0142. &#13;\n<\/p>\n<p>&#13;<br \/>\nPo zmianie rz\u0105du w\u00a0Budapeszcie nowe w\u0142adze wycofa\u0142y sprzeciw wobec uruchomienia funduszu, co\u00a0otworzy\u0142o drog\u0119 do\u00a0wyp\u0142aty zaleg\u0142ych \u015brodk\u00f3w. Oficjalne wycofanie weta nast\u0105pi\u0142o 8\u00a0czerwca. &#13;\n<\/p>\n<p>Polska wkr\u00f3tce otrzyma pieni\u0105dze<\/p>\n<p>&#13;<br \/>\nJak ustali\u0142o radio RMF FM, Polska wkr\u00f3tce otrzyma ok. 400 mln euro z\u00a0Funduszu Pokoju. Pieni\u0105dze maj\u0105 trafi\u0107 do\u00a0naszego kraju w\u00a02027 roku. Informacj\u0119 potwierdzi\u0142 wiceminister obrony narodowej Pawe\u0142 Zalewski. &#13;\n<\/p>\n<p>&#13;<br \/>\n\u2013 To\u00a0b\u0119dzie spory zastrzyk pieni\u0119dzy, kt\u00f3re zasil\u0105 w\u00a0przysz\u0142ym roku Fundusz Wsparcia Si\u0142 Zbrojnych \u2013\u00a0powiedzia\u0142. &#13;\n<\/p>\n<p>&#13;<br \/>\nWed\u0142ug ustale\u0144 rozg\u0142o\u015bni, Polska mo\u017ce dodatkowo otrzyma\u0107 od\u00a010 do\u00a030 mln euro z\u00a0dodatkowej puli \u015brodk\u00f3w. Negocjacje w\u00a0sprawie podzia\u0142u finans\u00f3w zosta\u0142y jednak zablokowane przez Francj\u0119, kt\u00f3ra nie\u00a0mo\u017ce doj\u015b\u0107 do\u00a0porozumienia w\u00a0tej sprawie z\u00a0Niemcami. &#13;\n<\/p>\n<p>Ogromna pomoc dla\u00a0Ukrainy<\/p>\n<p>&#13;<br \/>\nNa pocz\u0105tku lipca minister obrony narodowej W\u0142adys\u0142aw Kosiniak-Kamysz <a href=\"https:\/\/dorzeczy.pl\/opinie\/911374\/mon-ujawnia-pomoc-dla-ukrainy-kosiniak-kamysz-pis-pluje-na-nasz-rzad.html\" rel=\"nofollow noopener\" target=\"_blank\">ujawni\u0142 dane<\/a> dotycz\u0105ce warto\u015bci przekazanej Ukrainie pomocy. Wynika z\u00a0nich, \u017ce\u00a0\u0142\u0105czny koszt zrealizowanych donacji to\u00a016,45 mld, z\u0142 z\u00a0czego w\u00a0latach 2024-2026 warto\u015b\u0107 wynios\u0142a 1,55 mld z\u0142 (ok 9,4 proc.) &#13;\n<\/p>\n<p>&#13;<br \/>\nResort obrony przekaza\u0142, \u017ce\u00a0Polska udziela wsparcia za\u00a0pomoc\u0105 donacji wyposa\u017cenia i\u00a0amunicji, szkolenia wojsk w\u00a0ramach misji EUMAM, zapewnienia warunk\u00f3w logistycznych i\u00a0wsparcia transferu donacji, kt\u00f3re przekazuj\u0105 inne pa\u0144stwa. &#13;\n<\/p>\n<p>&#13;<br \/>\nSzef MON podkre\u015bli\u0142, \u017ce\u00a0\u017cadna z\u00a0donacji nie\u00a0odbywa si\u0119 bez analizy wojskowych, a\u00a0resort i\u00a0rz\u0105d zawsze na\u00a0pierwszym miejscu stawiaj\u0105 bezpiecze\u0144stwo Polski. &#13;\n<\/p>\n<p>&#13;<br \/>\n   Czytaj te\u017c:<br \/><a href=\"https:\/\/dorzeczy.pl\/opinie\/935779\/ue-nie-potrzebuje-wiecej-broni-i-rusofobii-fico-ostro-o-polityce-ue.html\" rel=\"follow nofollow noopener\" data-schema=\"DORZECZY\" data-image=\"https:\/\/img.dorzeczy.pl\/_thumb\/13\/24\/f64809c56cdc328955c7aaa47a80.jpeg\" target=\"_blank\">&#8222;UE nie\u00a0potrzebuje wi\u0119cej broni i\u00a0rusofobii&#8221;. Fico chce zmiany kursu wobec Rosji<\/a>   Czytaj te\u017c:<br \/><a href=\"https:\/\/dorzeczy.pl\/ekonomia\/934036\/zasilki-pogrzebowe-dla-ukraincow-interpelacja-do-premiera.html\" rel=\"follow nofollow noopener\" data-schema=\"DORZECZY\" data-image=\"https:\/\/img.dorzeczy.pl\/_thumb\/3c\/e3\/219caec75042166cd8411c5d7d53.jpeg\" target=\"_blank\">Zasi\u0142ki pogrzebowe dla\u00a0Ukrai\u0144c\u00f3w. Jest interpelacja do\u00a0premiera<\/a>&#13;<\/p>\n","protected":false},"excerpt":{"rendered":"&#13; Po rosyjskiej inwazji na\u00a0Ukrain\u0119 w\u00a02022 roku Polska przekaza\u0142a Kijowowi bro\u0144, amunicj\u0119 i\u00a0sprz\u0119t wojskowy, otrzymuj\u0105c nast\u0119pnie cz\u0119\u015bciowy zwrot&hellip;\n","protected":false},"author":2,"featured_media":661183,"comment_status":"","ping_status":"","sticky":false,"template":"","format":"standard","meta":{"footnotes":"","_share_on_mastodon":"0"},"categories":[12],"tags":[2786,98,105,49,601,102,504,42,38,40,39,41,36857,415,2670],"class_list":["post-661182","post","type-post","status-publish","format-standard","has-post-thumbnail","category-polska","tag-bron","tag-dorzeczy","tag-ekonomia","tag-kraj","tag-marcin-bugaj","tag-opinie","tag-pieniadze","tag-pl","tag-poland","tag-polish","tag-polska","tag-polski","tag-rekompensata","tag-ukraina","tag-wegry"],"share_on_mastodon":{"url":"https:\/\/pubeurope.com\/@pl\/117198587425222317","error":""},"_links":{"self":[{"href":"https:\/\/www.europesays.com\/pl\/wp-json\/wp\/v2\/posts\/661182","targetHints":{"allow":["GET"]}}],"collection":[{"href":"https:\/\/www.europesays.com\/pl\/wp-json\/wp\/v2\/posts"}],"about":[{"href":"https:\/\/www.europesays.com\/pl\/wp-json\/wp\/v2\/types\/post"}],"author":[{"embeddable":true,"href":"https:\/\/www.europesays.com\/pl\/wp-json\/wp\/v2\/users\/2"}],"replies":[{"embeddable":true,"href":"https:\/\/www.europesays.com\/pl\/wp-json\/wp\/v2\/comments?post=661182"}],"version-history":[{"count":0,"href":"https:\/\/www.europesays.com\/pl\/wp-json\/wp\/v2\/posts\/661182\/revisions"}],"wp:featuredmedia":[{"embeddable":true,"href":"https:\/\/www.europesays.com\/pl\/wp-json\/wp\/v2\/media\/661183"}],"wp:attachment":[{"href":"https:\/\/www.europesays.com\/pl\/wp-json\/wp\/v2\/media?parent=661182"}],"wp:term":[{"taxonomy":"category","embeddable":true,"href":"https:\/\/www.europesays.com\/pl\/wp-json\/wp\/v2\/categories?post=661182"},{"taxonomy":"post_tag","embeddable":true,"href":"https:\/\/www.europesays.com\/pl\/wp-json\/wp\/v2\/tags?post=661182"}],"curies":[{"name":"wp","href":"https:\/\/api.w.org\/{rel}","templated":true}]}}