{"id":661200,"date":"2026-09-02T00:29:13","date_gmt":"2026-09-02T00:29:13","guid":{"rendered":"https:\/\/www.europesays.com\/pl\/661200\/"},"modified":"2026-09-02T00:29:13","modified_gmt":"2026-09-02T00:29:13","slug":"legia-warszawa-pozegnala-sie-z-pucharem-polski-bezradnosc-stolecznego-zespolu-w-lublinie-wideo-sport-tvp-pl","status":"publish","type":"post","link":"https:\/\/www.europesays.com\/pl\/661200\/","title":{"rendered":"Legia Warszawa po\u017cegna\u0142a si\u0119 z Pucharem Polski. Bezradno\u015b\u0107 sto\u0142ecznego zespo\u0142u w Lublinie [WIDEO] &#8211; sport.tvp.pl"},"content":{"rendered":"<ol>\n<li><a href=\"https:\/\/news.google.com\/rss\/articles\/CBMi1AFBVV95cUxPSTdQSTJ3T3FvQXhpaVJVRXZYTzlnZjZZMldIQ3BPZzdxdzBhS0ZHQ2tDblUzWm9iMjFROHVOenFzVmtETWZsZlV0RHFzMVFLbEljTHBUVGREUW1za1FnbjhTRmJWaTJ4NHA1cjFnTElFNW1XOWpieUVnZlRyTk5nNHZVZ05HeU9wRDB3MWJqNzdBVDh2Nm1tVDE4SzJ3bWozbzFwZEZCZ0pjSGdkUmhpbWJORXc4U2p1cUlzWkFpandaUUQ3MEpaTV8xbVd3MTlMNDhVUtIB2gFBVV95cUxNWTVwRjJKOU11dElSd1BXaXc1WkRWY3NYV2p0Wl9Gal9aX0JVWkVTcGRJUG5FR1lTWVIyMUZNRnBmMTVMLTB6ajJjbzJrU2tpRy1hZE1MVEFzanFpbzZwSHhmbkJEaFZpWW5jMktpYVFjaW9lNFhZUlVVMjhwWHJRVnB5V2pCR1piUlZyam9kZTZYbC12amdTanhoaUVZb0NrUXVsMDhJN3JpQjR2QWNUN2V0WnA4OVotcG9DajRyVm9TYS1ab2hGTkx5dHk2SmpqWDZSTy1EaWVoUQ?oc=5\" target=\"_blank\" rel=\"nofollow noopener\">Legia Warszawa po\u017cegna\u0142a si\u0119 z Pucharem Polski. Bezradno\u015b\u0107 sto\u0142ecznego zespo\u0142u w Lublinie [WIDEO]<\/a>&nbsp;&nbsp;sport.tvp.pl<\/li>\n<li><a href=\"https:\/\/news.google.com\/rss\/articles\/CBMi0AFBVV95cUxQS2Z5NEZnVGViUmFqbWxkR2JtWDg3S0RFM3BTYUpwVWRsek11d0NWODBQV3VNNDljMzBIR3J1MTNxTHh1azdETV91M2pSTUZhRGFEQ2NIR2FySmxINTVHOElEQ0pWa0ZnT0xWRW1jRk5vZTFCMWxsbDVIZkNzWDJWdHVrZVBfZkFzSlhlQTlRSVFub3lZVWROMnRnNTFtdEtvcHJYVDhPbFRfRENTYjZsSHd2UUV2MXpEQUlrRC16T3BTMUx1UWFuOE1WTFExWVM3?oc=5\" target=\"_blank\" rel=\"nofollow noopener\">Program tv dla Pi\u0142ka no\u017cna: PKO BP Ekstraklasa &#8211; mecz: Motor Lublin &#8211; Legia Warszawa<\/a>&nbsp;&nbsp;pilot.wp.pl<\/li>\n<li><a href=\"https:\/\/news.google.com\/rss\/articles\/CBMi2gFBVV95cUxQcVBwWWQwY0VPVnROVk1RV0dZeHRpN3RQSEhmMDEzSjJXNE5TQzhKNjhtOUJ5bzNxbXVrY2stRWJoVDVKcFF5cmc5UmtMUjctQXZ6TzZpeHpxaWNrSlBueEctaVdTejJNZVBhdFlZM3Fjd3NMUS1fSzdtQUFja0huQVE1WXVhbXdtM004U1RBYVpTMWF1M2M0aE81Nm5jUjIzM0Mzdmg4NFE1TWNRaDcyTXFWWS1JUXQ1aENRRnNxaDNpSkVWTWJldEFkVTJteVhBS1Exa2NNWGFPUdIB3wFBVV95cUxNWkZoX0pWZ1VkckhDSFpwODZkQmI2NURVUmt4bXplNFl4M1pUOXgydWZ5bEFBZUxEbGRjWEwyYlprYnhNZEZwbDlZRGJTUFdXUHA2WDdnQ0ZTanRhem1YWTB3TjE2X3dUUUZTMm5OempLYjZMbmhuSTMzLTUtYzBOejZDbS1xT0RMbDdKbW40cERmZW1VOUJVa1dHM3U2aHFEVlY3M1luMnhNemVfZ3ZLejdmODhaclRkOTdwQmoybHJZM0pNLUI5ZnUxVnl1OThORlJtM2tjTmdfaGZtTXBz?oc=5\" target=\"_blank\" rel=\"nofollow noopener\">STS Puchar Polski. Motor Lublin obj\u0105\u0142 prowadzenie w meczu z Legi\u0105 Warszawa. \u015awietne wyko\u0144czenie Karola Czubaka [GOL]<\/a>&nbsp;&nbsp;sport.tvp.pl<\/li>\n<li><a href=\"https:\/\/news.google.com\/rss\/articles\/CBMi0wFBVV95cUxObTg1VkUtWnpTTE95aVZZNl90NnFTX1JJbE9Jb3Z4OTVfQkFGRGlTdUFYZVcySmpRTzNnRDc0LUhMSUpfZnRhRUFUX1FkMUNFOURDMkxSTEoyd1N6R0NSN3B6bmVxX2FaTHFsSEVjOXRiMVo2N1otOFdKWFR6UVNYVDRBaGxOWE5HNlhlX2JvV29yaXN4eXNJTnRaQzNvdE1HSk1YN2pHVVoyREFxWl9jYjNNQnZubWdxX0xDQ1pZX0NVMWlvUnh3OUZodHNnV2pGdU00?oc=5\" target=\"_blank\" rel=\"nofollow noopener\">Ndiaye dobi\u0142 &#8222;Wojskowych&#8221;, nokaut na Arenie. Motor Lublin &#8211; Legia Warszawa (zapis relacji na \u017cywo)<\/a>&nbsp;&nbsp;Dziennik Wschodni<\/li>\n<li><a href=\"https:\/\/news.google.com\/rss\/articles\/CBMi5AFBVV95cUxQS1lQOGpRQVVUNFlrLVU1SXdXM0V4WmF6MjEyWURpQzQ1Q3cwX0FHTGJTQW8xN0ZnNC1MMEM3N1Y3cW1OYkxDd050X2RtcWMzb2hBM3hGdEJycklwX05rVEQ5LXJzazlZS3ZfMTVJY1NicXlRb05kU1hyN196UGZNREpoa3NTYzJBVXhVOEY1d0RPZXZlc0NQNUNFSnhNQ0tGUmZxckp3TlQ5Z19pYnBFcDZWajRLVDV2Qi1JNzdxQkJORExJWm5KVS05eTk0MmExblk2SU5pYzFGRDkzc0xpTlMteFA?oc=5\" target=\"_blank\" rel=\"nofollow noopener\">Pierwsza runda, a Legia ju\u017c wyrzucona z Pucharu Polski<\/a>&nbsp;&nbsp;Eurosport Polska<\/li>\n<\/ol>\n","protected":false},"excerpt":{"rendered":"Legia Warszawa po\u017cegna\u0142a si\u0119 z Pucharem Polski. Bezradno\u015b\u0107 sto\u0142ecznego zespo\u0142u w Lublinie [WIDEO]&nbsp;&nbsp;sport.tvp.pl Program tv dla Pi\u0142ka no\u017cna:&hellip;\n","protected":false},"author":2,"featured_media":661201,"comment_status":"","ping_status":"","sticky":false,"template":"","format":"standard","meta":{"footnotes":"","_share_on_mastodon":"0"},"categories":[5],"tags":[32,33,19905,36,37,27,20220,34,35,713,3364,28,31,25,269,42,38,40,39,41,334,4637,29,30,26],"class_list":["post-661200","post","type-post","status-publish","format-standard","has-post-thumbnail","category-naglowki","tag-breaking-news","tag-breakingnews","tag-fabio-ronaldo","tag-featured-news","tag-featurednews","tag-headlines","tag-karol-czubak","tag-latest-news","tag-latestnews","tag-legia-warszawa","tag-motor-lublin","tag-naglowki","tag-najwazniejsze-artykuly","tag-news","tag-pilka-nozna","tag-pl","tag-poland","tag-polish","tag-polska","tag-polski","tag-sport-tvp-pl","tag-sts-puchar-polski","tag-top-stories","tag-topstories","tag-wiadomosci"],"share_on_mastodon":{"url":"https:\/\/pubeurope.com\/@pl\/117198622723692211","error":""},"_links":{"self":[{"href":"https:\/\/www.europesays.com\/pl\/wp-json\/wp\/v2\/posts\/661200","targetHints":{"allow":["GET"]}}],"collection":[{"href":"https:\/\/www.europesays.com\/pl\/wp-json\/wp\/v2\/posts"}],"about":[{"href":"https:\/\/www.europesays.com\/pl\/wp-json\/wp\/v2\/types\/post"}],"author":[{"embeddable":true,"href":"https:\/\/www.europesays.com\/pl\/wp-json\/wp\/v2\/users\/2"}],"replies":[{"embeddable":true,"href":"https:\/\/www.europesays.com\/pl\/wp-json\/wp\/v2\/comments?post=661200"}],"version-history":[{"count":0,"href":"https:\/\/www.europesays.com\/pl\/wp-json\/wp\/v2\/posts\/661200\/revisions"}],"wp:featuredmedia":[{"embeddable":true,"href":"https:\/\/www.europesays.com\/pl\/wp-json\/wp\/v2\/media\/661201"}],"wp:attachment":[{"href":"https:\/\/www.europesays.com\/pl\/wp-json\/wp\/v2\/media?parent=661200"}],"wp:term":[{"taxonomy":"category","embeddable":true,"href":"https:\/\/www.europesays.com\/pl\/wp-json\/wp\/v2\/categories?post=661200"},{"taxonomy":"post_tag","embeddable":true,"href":"https:\/\/www.europesays.com\/pl\/wp-json\/wp\/v2\/tags?post=661200"}],"curies":[{"name":"wp","href":"https:\/\/api.w.org\/{rel}","templated":true}]}}