{"id":661222,"date":"2026-09-02T00:44:44","date_gmt":"2026-09-02T00:44:44","guid":{"rendered":"https:\/\/www.europesays.com\/pl\/661222\/"},"modified":"2026-09-02T00:44:44","modified_gmt":"2026-09-02T00:44:44","slug":"milosc-i-polityka-spektakl-komediowy","status":"publish","type":"post","link":"https:\/\/www.europesays.com\/pl\/661222\/","title":{"rendered":"Mi\u0142o\u015b\u0107 i polityka spektakl komediowy"},"content":{"rendered":"<p>Premier Bertrand Gu\u00e9raud kocha ojczyzn\u0119 i \u017con\u0119, ale jeszcze bardziej rajcuj\u0105 go pieni\u0105dze. By dorobi\u0107 si\u0119 fortuny, prowadzi podejrzane interesy i notorycznie \u0142amie prawo.<\/p>\n<p>Przez lata p\u0142awi si\u0119 w luksusach i prowadzi \u017cycie jak z bajki. Nie spodziewa si\u0119, \u017ce w jednej sekundzie ca\u0142y jego \u015bwiat mo\u017ce lec w gruzach.<\/p>\n<p>A wszystko za spraw\u0105 teczki z kompromituj\u0105cymi go materia\u0142ami, kt\u00f3ra trafi\u0142a w niepowo\u0142ane r\u0119ce. Jak wysok\u0105 cen\u0119 b\u0119dzie w stanie zap\u0142aci\u0107, \u017ceby unikn\u0105\u0107 skandalu? Do czego posunie si\u0119, by prawda nie wysz\u0142a na jaw? Chyba nikt nie spodziewa si\u0119, jak zako\u0144czy si\u0119 ta pe\u0142na zwrot\u00f3w akcji historia.<\/p>\n<p>Znakomita komedia z plejad\u0105 polskich gwiazd takich jak Melania Grzesiewicz\/Marysia Wieczorek, Anna Oberc, \u0141ukasz Nowicki i Krystian Wieczorek\/Jacek Kr\u00f3l, Jacek Kopczy\u0144ski\/Mariusz Dr\u0119\u017cek ods\u0142ania prawd\u0119 o ludzkich nami\u0119tno\u015bciach i pokazuje, jak \u015bwiat polityki wygl\u0105da od kuchni. A przy tym \u2013 bawi do \u0142ez.<\/p>\n<p>Skandalem by\u0142oby jej nie zobaczy\u0107!<\/p>\n<p>Autor Pierre Sauvil<br \/>Przek\u0142ad Barbara Grzegorzewska<br \/>Re\u017cyseria Anna Oberc<br \/>Scenografia Witek Stefaniak<br \/>Kostiumy Marta Banaszek<br \/>Producent MediaQ Art<\/p>\n<p>\u00a0<\/p>\n<p>5.10.2026 godz. 19.00<\/p>\n<p>Sala Koncertowa Radia Wroc\u0142aw<\/p>\n<p>BILETY<\/p>\n<p><a href=\"https:\/\/www.kupbilecik.pl\/imprezy\/192060\/Wroc%C5%82aw\/Mi%C5%82o%C5%9B%C4%87+i+polityka\/\" target=\"_blank\" rel=\"nofollow noopener\">https:\/\/www.kupbilecik.pl\/imprezy\/192060\/Wroc%C5%82aw\/Mi%C5%82o%C5%9B%C4%87+i+polityka\/<\/a><\/p>\n","protected":false},"excerpt":{"rendered":"Premier Bertrand Gu\u00e9raud kocha ojczyzn\u0119 i \u017con\u0119, ale jeszcze bardziej rajcuj\u0105 go pieni\u0105dze. By dorobi\u0107 si\u0119 fortuny, prowadzi&hellip;\n","protected":false},"author":2,"featured_media":661223,"comment_status":"","ping_status":"","sticky":false,"template":"","format":"standard","meta":{"footnotes":"","_share_on_mastodon":"0"},"categories":[51607],"tags":[51726,128578,5077,42,38,40,907,39,41,2419,1853],"class_list":["post-661222","post","type-post","status-publish","format-standard","has-post-thumbnail","category-wroclaw","tag-i","tag-komediowy","tag-milosc","tag-pl","tag-poland","tag-polish","tag-polityka","tag-polska","tag-polski","tag-spektakl","tag-wroclaw"],"share_on_mastodon":{"url":"https:\/\/pubeurope.com\/@pl\/117198681941014864","error":""},"_links":{"self":[{"href":"https:\/\/www.europesays.com\/pl\/wp-json\/wp\/v2\/posts\/661222","targetHints":{"allow":["GET"]}}],"collection":[{"href":"https:\/\/www.europesays.com\/pl\/wp-json\/wp\/v2\/posts"}],"about":[{"href":"https:\/\/www.europesays.com\/pl\/wp-json\/wp\/v2\/types\/post"}],"author":[{"embeddable":true,"href":"https:\/\/www.europesays.com\/pl\/wp-json\/wp\/v2\/users\/2"}],"replies":[{"embeddable":true,"href":"https:\/\/www.europesays.com\/pl\/wp-json\/wp\/v2\/comments?post=661222"}],"version-history":[{"count":0,"href":"https:\/\/www.europesays.com\/pl\/wp-json\/wp\/v2\/posts\/661222\/revisions"}],"wp:featuredmedia":[{"embeddable":true,"href":"https:\/\/www.europesays.com\/pl\/wp-json\/wp\/v2\/media\/661223"}],"wp:attachment":[{"href":"https:\/\/www.europesays.com\/pl\/wp-json\/wp\/v2\/media?parent=661222"}],"wp:term":[{"taxonomy":"category","embeddable":true,"href":"https:\/\/www.europesays.com\/pl\/wp-json\/wp\/v2\/categories?post=661222"},{"taxonomy":"post_tag","embeddable":true,"href":"https:\/\/www.europesays.com\/pl\/wp-json\/wp\/v2\/tags?post=661222"}],"curies":[{"name":"wp","href":"https:\/\/api.w.org\/{rel}","templated":true}]}}