{"id":661246,"date":"2026-09-02T00:58:17","date_gmt":"2026-09-02T00:58:17","guid":{"rendered":"https:\/\/www.europesays.com\/pl\/661246\/"},"modified":"2026-09-02T00:58:17","modified_gmt":"2026-09-02T00:58:17","slug":"zostanie-wicepremierem-holownia-sklada-jasna-deklaracje","status":"publish","type":"post","link":"https:\/\/www.europesays.com\/pl\/661246\/","title":{"rendered":"Zostanie wicepremierem? Ho\u0142ownia sk\u0142ada jasn\u0105 deklaracj\u0119"},"content":{"rendered":"<p><a href=\"https:\/\/www.google.com\/preferences\/source?q=wiadomosci.wp.pl\" target=\"_blank\" rel=\"nofollow noopener\" class=\"preferred-source-banner\" id=\"preferred-source-banner\" data-vab-box=\"preferred_source_banner\"><\/p>\n<p class=\"preferred-source-banner-title\">Dodaj WP Wiadomo\u015bci jako preferowane \u017ar\u00f3d\u0142o w Google<\/p>\n<p class=\"preferred-source-banner-subtitle\">Nasze tre\u015bci b\u0119d\u0105 cz\u0119\u015bciej wy\u015bwietla\u0107 si\u0119 w Twoich wynikach Google<\/p>\n<p><\/a> <\/p>\n<p>Wicemarsza\u0142ek Sejmu rozpocz\u0105\u0142 rozmow\u0119 od w\u0105tku osobistego, zdradzaj\u0105c pow\u00f3d swojej wizyty w\u00a0studiu TVN24 po d\u0142ugiej nieobecno\u015bci: &#8211; W\u00a0tym tygodniu ko\u0144cz\u0119 50\u00a0lat, wi\u0119c postanowi\u0142em zrobi\u0107 sobie prezent i\u00a0przyj\u015b\u0107, spotka\u0107 si\u0119 &#8211; stwierdzi\u0142 Szymon Ho\u0142ownia.<\/p>\n<p>Prowadz\u0105ca &#8222;Kropk\u0119 nad i&#8221; Monika Olejnik podchwyci\u0142a temat i\u00a0przez moment kontynuowa\u0142a lu\u017any w\u0105tek. Zwr\u00f3ci\u0142a uwag\u0119 na zmian\u0119 wygl\u0105du polityka i\u00a0zauwa\u017cy\u0142a, \u017ce schud\u0142. Ho\u0142ownia przyzna\u0142, \u017ce &#8222;stara si\u0119 trzyma\u0107 wag\u0119 pod kontrol\u0105&#8221;, do czego przyczyni\u0142y si\u0119 m.in. \u0107wiczenia i\u00a0spadek poziomu stresu. <\/p>\n<p>Ho\u0142ownia wicepremierem? &#8222;Namalowa\u0142em ju\u017c sobie na drzwiach&#8221;<\/p>\n<p>G\u0142\u00f3wnym tematem rozmowy politycznej by\u0142y jednak  <a href=\"https:\/\/wiadomosci.wp.pl\/bedzie-przewrot-w-polsce-2050-i-zmiany-w-rzadzie-holownia-zabiera-glos-7321947957328000a?pvclid=01M1F4R7CEH2YRAP9Z7SF9ZW95\" rel=\"noopener noreferrer nofollow\" target=\"_blank\">spekulacje dotycz\u0105ce ewentualnej rekonstrukcji rz\u0105du i\u00a0obj\u0119cia przez Ho\u0142owni\u0119 funkcji wicepremiera.<\/a> Dziennikarka dopytywa\u0142a, czy wicemarsza\u0142ek &#8222;\u0107wiczy wej\u015bcie do rz\u0105du&#8221;.<\/p>\n<p> <img role=\"presentation\" class=\"absolute left-1\/2 top-1\/2 max-h-[80%] max-w-[100px] -translate-x-1\/2 -translate-y-1\/2\" src=\"https:\/\/v.wpimg.pl\/ZXJfd3AudTkrBBIAbg54LGhcRlAxHQUrPgJGH2MAeGJoSQ1eIBI_K2UHAEVuBTY5KQMMXC0RPyoVERQdMgM9ejc\" loading=\"lazy\" decoding=\"async\"\/> <\/p>\n<p>&#8211; Namalowa\u0142em ju\u017c sobie na drzwiach &#8222;wicepremier&#8221; i\u00a0codziennie \u0107wicz\u0119 przechodzenie, rozdawanie uk\u0142on\u00f3w. Oczywi\u015bcie, \u017cartuj\u0119. Nic takiego nie ma miejsca. Nie, nie \u0107wicz\u0119. Nie by\u0142o takiej propozycji, nie by\u0142o rozm\u00f3w o\u00a0tym. Jest du\u017co plotek, jest du\u017co pog\u0142osek -odpowiedzia\u0142 \u017cartobliwie lider Polski 2050.<\/p>\n<p> <a href=\"https:\/\/wiadomosci.wp.pl\/nie-damy-sie-zastraszyc-tusk-reaguje-po-atakach-w-niemczech-7324794756790432a\" class=\"teaser-inline\" rel=\"nofollow noopener\" target=\"_blank\">  <img decoding=\"async\" src=\"https:\/\/www.europesays.com\/pl\/wp-content\/uploads\/2026\/09\/1788310696_956_YWViZGM0djY3Cyx0Ykt7I3RTeC4kEnV1I0tgZWIBa29mEXUhJFw8JTMZNWkqQiwnNx4qaT1cdjYmAHUxfB89PiUZNiY0Hzw6NAw-.jpeg\" loading=\"lazy\" class=\"wp-media-image cropped\" alt=\"Tusk reaguje na wydarzenia w Niemczech. &quot;Nie damy si\u0119 zastraszy\u0107&quot;\"\/><\/p>\n<p>Tusk reaguje na wydarzenia w Niemczech. &#8222;Nie damy si\u0119 zastraszy\u0107&#8221;<\/p>\n<p><\/a> <\/p>\n<p>Jednocze\u015bnie zadeklarowa\u0142 swoj\u0105 otwarto\u015b\u0107 na ewentualne propozycje, je\u015bli taka b\u0119dzie wola partner\u00f3w z\u00a0koalicji rz\u0105dz\u0105cej.<\/p>\n<p> <img role=\"presentation\" class=\"absolute left-1\/2 top-1\/2 max-h-[80%] max-w-[100px] -translate-x-1\/2 -translate-y-1\/2\" src=\"https:\/\/v.wpimg.pl\/ZXJfd3AudTkrBBIAbg54LGhcRlAxHQUrPgJGH2MAeGJoSQ1eIBI_K2UHAEVuBTY5KQMMXC0RPyoVERQdMgM9ejc\" loading=\"lazy\" decoding=\"async\"\/> <\/p>\n<p>&#8211; M\u00f3wi\u0119 bardzo jasno i\u00a0wyra\u017anie. Nie zabiegam o\u00a0to, nie prosz\u0119 o\u00a0to, nie za\u0142atwiam sobie tego. Natomiast je\u017celi to si\u0119 zepnie w\u00a0projekt, w\u00a0ca\u0142o\u015b\u0107, to oczywi\u015bcie nie odm\u00f3wi\u0119 &#8211; zaznaczy\u0142.<\/p>\n<p> <a href=\"https:\/\/wiadomosci.wp.pl\/spiecie-czarnek-mentzen-poszlo-o-800-zl-na-wyprawke-szkolna-7324783558957216a\" class=\"teaser-inline\" rel=\"nofollow noopener\" target=\"_blank\">  <img decoding=\"async\" src=\"https:\/\/www.europesays.com\/pl\/wp-content\/uploads\/2026\/09\/N2M4NGRmYVMsVjh0fRZsRm8ObC47T2IQOBZ0ZX1cfAp9TGEhOwErQChEIWk1HztCLEM-aSIBYVM9XWExY0IqWz5EIiYrQitfL1Eq.jpeg\" loading=\"lazy\" class=\"wp-media-image cropped\" alt=\"Spi\u0119cie Czarnek-Mentzen. Posz\u0142o o 800 z\u0142 na wyprawk\u0119 szkoln\u0105\"\/><\/p>\n<p>Spi\u0119cie Czarnek-Mentzen. Posz\u0142o o 800 z\u0142 na wyprawk\u0119 szkoln\u0105<\/p>\n<p><\/a><\/p>\n<p>Rozmowy sonduj\u0105ce przed wyborami<\/p>\n<p>Zapytany, czy kto\u015b z\u00a0koalicji zabiega o\u00a0jego obecno\u015b\u0107 w\u00a0rz\u0105dzie, Ho\u0142ownia przyzna\u0142, \u017ce w\u00a0kuluarach tocz\u0105 si\u0119 wst\u0119pne dyskusje na ten temat.<\/p>\n<p> <img role=\"presentation\" class=\"absolute left-1\/2 top-1\/2 max-h-[80%] max-w-[100px] -translate-x-1\/2 -translate-y-1\/2\" src=\"https:\/\/v.wpimg.pl\/ZXJfd3AudTkrBBIAbg54LGhcRlAxHQUrPgJGH2MAeGJoSQ1eIBI_K2UHAEVuBTY5KQMMXC0RPyoVERQdMgM9ejc\" loading=\"lazy\" decoding=\"async\"\/> <\/p>\n<p>&#8211; By\u0142o du\u017co takich sonduj\u0105cych rozm\u00f3w, nie by\u0142o \u017cadnych rozm\u00f3w konkluzywnych. Natomiast by\u0142o du\u017co rozm\u00f3w sonduj\u0105cych ze wzgl\u0119du na to, \u017ce zbli\u017camy si\u0119 do wybor\u00f3w i\u00a0powr\u00f3t do tego formatu czterech lider\u00f3w, kt\u00f3rzy doprowadzili do zwyci\u0119stwa w\u00a02023\u00a0r., a\u00a0p\u00f3\u017aniej zacz\u0119li to budowa\u0107, jest jedn\u0105 z\u00a0narzucaj\u0105cych si\u0119 narracji &#8211; podsumowa\u0142 wicemarsza\u0142ek Sejmu.<\/p>\n","protected":false},"excerpt":{"rendered":"Dodaj WP Wiadomo\u015bci jako preferowane \u017ar\u00f3d\u0142o w Google Nasze tre\u015bci b\u0119d\u0105 cz\u0119\u015bciej wy\u015bwietla\u0107 si\u0119 w Twoich wynikach Google&hellip;\n","protected":false},"author":2,"featured_media":661247,"comment_status":"","ping_status":"","sticky":false,"template":"","format":"standard","meta":{"footnotes":"","_share_on_mastodon":"0"},"categories":[5],"tags":[32,33,36,37,27,34,35,28,31,25,42,38,40,39,41,29,30,26],"class_list":["post-661246","post","type-post","status-publish","format-standard","has-post-thumbnail","category-naglowki","tag-breaking-news","tag-breakingnews","tag-featured-news","tag-featurednews","tag-headlines","tag-latest-news","tag-latestnews","tag-naglowki","tag-najwazniejsze-artykuly","tag-news","tag-pl","tag-poland","tag-polish","tag-polska","tag-polski","tag-top-stories","tag-topstories","tag-wiadomosci"],"share_on_mastodon":{"url":"https:\/\/pubeurope.com\/@pl\/117198738741255241","error":""},"_links":{"self":[{"href":"https:\/\/www.europesays.com\/pl\/wp-json\/wp\/v2\/posts\/661246","targetHints":{"allow":["GET"]}}],"collection":[{"href":"https:\/\/www.europesays.com\/pl\/wp-json\/wp\/v2\/posts"}],"about":[{"href":"https:\/\/www.europesays.com\/pl\/wp-json\/wp\/v2\/types\/post"}],"author":[{"embeddable":true,"href":"https:\/\/www.europesays.com\/pl\/wp-json\/wp\/v2\/users\/2"}],"replies":[{"embeddable":true,"href":"https:\/\/www.europesays.com\/pl\/wp-json\/wp\/v2\/comments?post=661246"}],"version-history":[{"count":0,"href":"https:\/\/www.europesays.com\/pl\/wp-json\/wp\/v2\/posts\/661246\/revisions"}],"wp:featuredmedia":[{"embeddable":true,"href":"https:\/\/www.europesays.com\/pl\/wp-json\/wp\/v2\/media\/661247"}],"wp:attachment":[{"href":"https:\/\/www.europesays.com\/pl\/wp-json\/wp\/v2\/media?parent=661246"}],"wp:term":[{"taxonomy":"category","embeddable":true,"href":"https:\/\/www.europesays.com\/pl\/wp-json\/wp\/v2\/categories?post=661246"},{"taxonomy":"post_tag","embeddable":true,"href":"https:\/\/www.europesays.com\/pl\/wp-json\/wp\/v2\/tags?post=661246"}],"curies":[{"name":"wp","href":"https:\/\/api.w.org\/{rel}","templated":true}]}}