{"id":66125,"date":"2025-10-24T12:32:10","date_gmt":"2025-10-24T12:32:10","guid":{"rendered":"https:\/\/www.europesays.com\/pl\/66125\/"},"modified":"2025-10-24T12:32:10","modified_gmt":"2025-10-24T12:32:10","slug":"bez-wahania-obrazil-roberta-de-niro-smutny-zlamany-stary-czlowiek","status":"publish","type":"post","link":"https:\/\/www.europesays.com\/pl\/66125\/","title":{"rendered":"Bez wahania obrazi\u0142 Roberta De Niro. &#8222;Smutny, z\u0142amany, stary cz\u0142owiek&#8221;"},"content":{"rendered":"<p class=\"Paragraph_desktopParagraph__U31Gm\"><a href=\"https:\/\/plejada.pl\/robert-de-niro\" id=\"fdd035aa-8fbb-4e23-9d90-be10ca84f344\" rel=\"nofollow noopener\" target=\"_blank\">Robert De Niro<\/a> nale\u017cy do grona aktor\u00f3w, kt\u00f3rzy nie boj\u0105 si\u0119 zabiera\u0107 publicznie g\u0142osu na tematy niezwi\u0105zane z ich \u017cyciem zawodowym. Gwiazdor jest znany m.in. ze swoich antytrumpowskich pogl\u0105d\u00f3w, czemu da\u0142 wyraz po raz kolejny w niedzielnym wywiadzie dla stacji MMSNBC. 82-latek stwierdzi\u0142 m.in., \u017ce <a href=\"https:\/\/plejada.pl\/donald-trump-prezydent-usa\" id=\"80b52697-10f2-443d-972d-391678ffa6b0\" rel=\"nofollow noopener\" target=\"_blank\">Donald Trump<\/a> b\u0119dzie chcia\u0142 wbrew konstytucji zosta\u0107 przy w\u0142adzy na trzeci\u0105 kadencj\u0119.<\/p>\n<blockquote>\n<p class=\"Paragraph_desktopParagraph__U31Gm\">Pr\u00f3buje to przeprowadzi\u0107, jak si\u0119 zdaje, z Goebbelsem [swojego] gabinetu \u2014 Stephenem Millerem. [On jest] nazist\u0105! Tak, jest, a przecie\u017c jest \u017bydem. Powinien si\u0119 wstydzi\u0107<\/p>\n<\/blockquote>\n<p class=\"Paragraph_desktopParagraph__U31Gm\">\u2014 rzuci\u0142 bez ogr\u00f3dek Robert De Niro.<\/p>\n<p class=\"Paragraph_desktopParagraph__U31Gm\">Odpowied\u017a ze strony Stephena Millera nadesz\u0142a kilka dni p\u00f3\u017aniej, w czwartek 23 pa\u017adziernika. W trakcie programu &#8222;Hannity&#8221; emitowanego na Fox News wsp\u00f3\u0142pracownik Donalda Trumpa mocno odgryz\u0142 si\u0119 arty\u015bcie. W jego opinii Robert De Niro nie zrobi\u0142 dobrego filmu od przesz\u0142o 30 lat i jest dzi\u015b zaledwie &#8222;cieniem cz\u0142owieka&#8221;.<\/p>\n<ul class=\"OchatFollowUps_wrapper__1ry7X\">\n<li class=\"OchatFollowUps_item__Dhyly OchatFollowUps_itemDesktop__R6aBv\">Co powiedzia\u0142 Robert De Niro o Stephenie Millerze?<\/li>\n<li class=\"OchatFollowUps_item__Dhyly OchatFollowUps_itemDesktop__R6aBv\">Jak Stephen Miller skomentowa\u0142 Roberta De Niro?<\/li>\n<li class=\"OchatFollowUps_item__Dhyly OchatFollowUps_itemDesktop__R6aBv\">Jakie zarzuty De Niro postawi\u0142 Donaldowi Trumpowi?<\/li>\n<li class=\"OchatFollowUps_item__Dhyly OchatFollowUps_itemDesktop__R6aBv\">Dlaczego Stephen Miller uwa\u017ca De Niro za 'cienia cz\u0142owieka&#8217;?<\/li>\n<\/ul>\n<p class=\"Paragraph_desktopParagraph__U31Gm\">Stephen Miller nawet nie pr\u00f3bowa\u0142 udawa\u0107, \u017ce odczuwa jakikolwiek szacunek wobec jednej z legend Hollywoodu. &#8222;Robert De Niro to smutny, z\u0142amany, stary cz\u0142owiek, kt\u00f3ry jest przewa\u017cnie w\u015bciek\u0142y, bo od co najmniej 30 lat nie nakr\u0119ci\u0142 niczego godnego uwagi. [Zaliczy\u0142] prawdopodobnie najd\u0142u\u017cszy ci\u0105g klap, pora\u017cek i kompromitacji&#8221; \u2014 wypali\u0142 cz\u0142onek prezydenckiej administracji.<\/p>\n<p><img decoding=\"async\" class=\"Image_image__0tuHp\" height=\"587\" width=\"880\" src=\"https:\/\/www.europesays.com\/pl\/wp-content\/uploads\/2025\/10\/vQOk9kpTURBXy82MGUxMjg0ZWQ3OTQzY2RmYmQ3YmM5MGViZTQxNDg3Zi5qcGeSlQLNA6wAwsOVAgDNAkvCw94AA6EwAaExAaEzw.jpeg\" alt=\"Robert de Niro (2022 r.)\" loading=\"lazy\" \/>4.murat \/ Shutterstock<\/p>\n<p>Robert de Niro (2022 r.)<\/p>\n<p class=\"Paragraph_desktopParagraph__U31Gm\">Zast\u0119pca szefa sztabu ds. polityki pokusi\u0142 si\u0119 dodatkowo o refleksj\u0119 dotycz\u0105c\u0105 relacji Roberta De Niro z bliskimi mu osobami. &#8222;Ten cz\u0142owiek przez ca\u0142e moje doros\u0142e \u017cycie poni\u017ca\u0142 si\u0119 przed kamerami, kr\u0119c\u0105c jeden okropny film za drugim. Nikt nie traktuje go powa\u017cnie. Ani [jego] rodzina, ani przyjaciele, ani spo\u0142eczno\u015b\u0107. Jest cieniem cz\u0142owieka i wszyscy lekcewa\u017c\u0105 to, co m\u00f3wi&#8221; \u2014 podsumowa\u0142 De Niro wsp\u00f3\u0142pracownik prezydenta Trumpa.<\/p>\n<p class=\"Paragraph_desktopParagraph__U31Gm\">Dzi\u0119kujemy, \u017ce przeczyta\u0142a\u015b\/e\u015b nasz artyku\u0142 do ko\u0144ca. W serwisie Plejada.pl ka\u017cdego dnia piszemy o najwa\u017cniejszych wydarzeniach show-biznesowych. B\u0105d\u017a na bie\u017c\u0105co! <a rel=\"nofollow noopener\" href=\"https:\/\/news.google.com\/publications\/CAAiEF0PeAlb7W1llpV_mwV2rL4qFAgKIhBdD3gJW-1tZZaVf5sFdqy-?hl=pl&amp;gl=PL&amp;ceid=PL%3Apl\" id=\"91875af4-a54a-46e1-b5f6-cf2db5326010\" target=\"_blank\">Obserwuj<\/a> Plejad\u0119 w Wiadomo\u015bciach Google. Odwied\u017a nas tak\u017ce na <a rel=\"nofollow noopener\" href=\"https:\/\/www.facebook.com\/plejadapl\" id=\"3a168cb5-d22c-40bb-a8b1-88eafdf74b85\" target=\"_blank\">Facebooku<\/a>, <a rel=\"nofollow noopener\" href=\"https:\/\/www.instagram.com\/plejadapl\/\" id=\"c74b4de8-0e86-44f9-bd42-bbbedc127ec3\" target=\"_blank\">Instagramie<\/a>, <a rel=\"nofollow noopener\" href=\"https:\/\/www.youtube.com\/c\/plejada\" id=\"f4fcfa9a-2d41-4357-9f1b-4cb77488db53\" target=\"_blank\">YouTubie<\/a> oraz <a rel=\"nofollow noopener\" href=\"https:\/\/www.tiktok.com\/@plejada_pl\" id=\"0c32c399-62a5-4115-a51b-f806b7bf3bbf\" target=\"_blank\">TikToku<\/a>.<\/p>\n<p class=\"Paragraph_desktopParagraph__U31Gm\">Chcesz podzieli\u0107 si\u0119 ciekawym newsem lub zaproponowa\u0107 temat? Skontaktuj si\u0119 z nami, pisz\u0105c e-maila na adres: <a href=\"https:\/\/www.onet.pl\/styl-zycia\/plejada\/pracownik-donalda-trumpa-obrazil-roberta-de-niro-zlamany-stary-czlowiek\/mailto:plejada@redakcjaonet.pl\" id=\"55596d3b-d28f-45d6-a589-793e5bcb4865\" rel=\"nofollow noopener\" target=\"_blank\">plejada@redakcjaonet.pl<\/a>.<\/p>\n<p><script async src=\"\/\/www.instagram.com\/embed.js\"><\/script><script async src=\"\/\/www.tiktok.com\/embed.js\"><\/script><\/p>\n","protected":false},"excerpt":{"rendered":"Robert De Niro nale\u017cy do grona aktor\u00f3w, kt\u00f3rzy nie boj\u0105 si\u0119 zabiera\u0107 publicznie g\u0142osu na tematy niezwi\u0105zane z&hellip;\n","protected":false},"author":2,"featured_media":66126,"comment_status":"","ping_status":"","sticky":false,"template":"","format":"standard","meta":{"footnotes":""},"categories":[14],"tags":[32,33,58,27,67,34,35,28,31,53,25,52,68,51,55,40,41,12247,47,80,29,30,65,50,26,82,83,84],"class_list":{"0":"post-66125","1":"post","2":"type-post","3":"status-publish","4":"format-standard","5":"has-post-thumbnail","7":"category-swiat","8":"tag-breaking-news","9":"tag-breakingnews","10":"tag-donald_trump_prezydent_usa","11":"tag-headlines","12":"tag-intextvideo_splayer","13":"tag-latest-news","14":"tag-latestnews","15":"tag-naglowki","16":"tag-najwazniejsze-artykuly","17":"tag-new_header","18":"tag-news","19":"tag-onet3","20":"tag-onet3d","21":"tag-onet3d_2i","22":"tag-phx","23":"tag-polish","24":"tag-polski","25":"tag-robert_de_niro","26":"tag-screening_general","27":"tag-swiat","28":"tag-top-stories","29":"tag-topstories","30":"tag-update_me","31":"tag-v2021","32":"tag-wiadomosci","33":"tag-world","34":"tag-world-news","35":"tag-worldnews"},"share_on_mastodon":{"url":"https:\/\/pubeurope.com\/@pl\/115429162769026896","error":""},"_links":{"self":[{"href":"https:\/\/www.europesays.com\/pl\/wp-json\/wp\/v2\/posts\/66125","targetHints":{"allow":["GET"]}}],"collection":[{"href":"https:\/\/www.europesays.com\/pl\/wp-json\/wp\/v2\/posts"}],"about":[{"href":"https:\/\/www.europesays.com\/pl\/wp-json\/wp\/v2\/types\/post"}],"author":[{"embeddable":true,"href":"https:\/\/www.europesays.com\/pl\/wp-json\/wp\/v2\/users\/2"}],"replies":[{"embeddable":true,"href":"https:\/\/www.europesays.com\/pl\/wp-json\/wp\/v2\/comments?post=66125"}],"version-history":[{"count":0,"href":"https:\/\/www.europesays.com\/pl\/wp-json\/wp\/v2\/posts\/66125\/revisions"}],"wp:featuredmedia":[{"embeddable":true,"href":"https:\/\/www.europesays.com\/pl\/wp-json\/wp\/v2\/media\/66126"}],"wp:attachment":[{"href":"https:\/\/www.europesays.com\/pl\/wp-json\/wp\/v2\/media?parent=66125"}],"wp:term":[{"taxonomy":"category","embeddable":true,"href":"https:\/\/www.europesays.com\/pl\/wp-json\/wp\/v2\/categories?post=66125"},{"taxonomy":"post_tag","embeddable":true,"href":"https:\/\/www.europesays.com\/pl\/wp-json\/wp\/v2\/tags?post=66125"}],"curies":[{"name":"wp","href":"https:\/\/api.w.org\/{rel}","templated":true}]}}