{"id":661260,"date":"2026-09-02T01:11:46","date_gmt":"2026-09-02T01:11:46","guid":{"rendered":"https:\/\/www.europesays.com\/pl\/661260\/"},"modified":"2026-09-02T01:11:46","modified_gmt":"2026-09-02T01:11:46","slug":"chcial-zastraszyc-szczecinska-restauracje-a-zwiazany-byl-z-wlascicielka-innego-lokalu-prokuratura-stawia-zarzuty","status":"publish","type":"post","link":"https:\/\/www.europesays.com\/pl\/661260\/","title":{"rendered":"Chcia\u0142 zastraszy\u0107 szczeci\u0144sk\u0105 restauracj\u0119, a zwi\u0105zany by\u0142 z w\u0142a\u015bcicielk\u0105 innego lokalu? Prokuratura stawia zarzuty"},"content":{"rendered":"<p>\n                        Prokuratura Rejonowa w Szczecinie skierowa\u0142a akt oskar\u017cenia przeciwko Mike&#8217;owi P. M\u0119\u017cczyzna mia\u0142 w lipcu 2025 roku dostarczy\u0107 innej osobie substancj\u0119 chemiczn\u0105 i nast\u0119pnie zleci\u0107 jej rozlanie przed popularn\u0105 restauracj\u0105 Lili by Dutkiewicz przy Alei Wojska Polskiego w Szczecinie. Jak informuje prokuratura, celem Mike&#8217;a P. by\u0142o zastraszenie w\u0142a\u015bcicieli restauracji i doprowadzenie do zaniechania dzia\u0142alno\u015bci gospodarczej.\n                    <\/p>\n<p>Imi\u0119 i pierwsza litera nazwiska m\u0119\u017cczyzny, kt\u00f3ry us\u0142ysza\u0142 zarzuty, ju\u017c wcze\u015bniej pojawia\u0142y si\u0119 przy innej, g\u0142o\u015bnej na ca\u0142\u0105 Polsk\u0119 sprawie. Mowa o ataku na taks\u00f3wkarza na szczeci\u0144skim Podzamczu. 19 stycznia 2025 roku pewna znana w Szczecinie kobieta wjecha\u0142a pod pr\u0105d w ulic\u0119 Wielka Odrza\u0144ska. Taks\u00f3wkarz nie ust\u0105pi\u0142 jej mo\u017cliwo\u015bci przejazdu, co sko\u0144czy\u0142o si\u0119 gro\u017abami, awantur\u0105 i uszkodzeniem pojazdu. W zdarzeniu bra\u0142 udzia\u0142 Mike P.<\/p>\n<p>Sprawa lokalu Lili by Dutkiewicz jest o tyle interesuj\u0105ca, \u017ce Mike P. \u0142\u0105czony jest z w\u0142a\u015bcicielk\u0105 jednej ze szczeci\u0144skich restauracji. Atak na Lili mo\u017cna wi\u0119c zdefiniowa\u0107 jako ch\u0119\u0107 zastraszenia rosn\u0105cej w si\u0142\u0119 konkurencji.<\/p>\n<p>\u201eCzynem tym wyrz\u0105dzono szkod\u0119 w kwocie kilku tysi\u0119cy z\u0142otych. Swoim dzia\u0142aniem oskar\u017cony mia\u0142 na celu wzbudzenie poczucia zagro\u017cenia w pokrzywdzonym, aby zmusi\u0107 go do okre\u015blonego zachowania polegaj\u0105cego na zaprzestaniu dalszego prowadzenia dzia\u0142alno\u015bci gastronomicznej. Sprawca dopu\u015bci\u0142 si\u0119 zarzucanego czynu w ramach wyst\u0119pku o charakterze chuliga\u0144skim\u201d \u2013 informuje Prokuratura Rejonowa.<\/p>\n<p>Mike P. jest osob\u0105 karan\u0105. Podejrzany nie przyzna\u0142 si\u0119 do pope\u0142nienia zarzuconego czynu.<\/p>\n<p>Jak informuje prokuratura, przest\u0119pstwo zarzucone oskar\u017conemu zagro\u017cone jest kar\u0105 pozbawienia wolno\u015bci od 3 miesi\u0119cy do lat 5. \u201eS\u0105d skazuj\u0105c za wyst\u0119pek o charakterze chuliga\u0144skim, wymierza kar\u0119 przewidzian\u0105 za przypisane sprawcy przest\u0119pstwo w wysoko\u015bci nie ni\u017cszej od dolnej granicy ustawowego zagro\u017cenia zwi\u0119kszonego o po\u0142ow\u0119\u201d \u2013 czytamy w komunikacie.<\/p>\n","protected":false},"excerpt":{"rendered":"Prokuratura Rejonowa w Szczecinie skierowa\u0142a akt oskar\u017cenia przeciwko Mike&#8217;owi P. M\u0119\u017cczyzna mia\u0142 w lipcu 2025 roku dostarczy\u0107 innej&hellip;\n","protected":false},"author":2,"featured_media":661261,"comment_status":"","ping_status":"","sticky":false,"template":"","format":"standard","meta":{"footnotes":"","_share_on_mastodon":"0"},"categories":[51611],"tags":[291,1089,3839,3511,261,3840,42,38,40,907,39,41,123,2307,26,1092],"class_list":["post-661260","post","type-post","status-publish","format-standard","has-post-thumbnail","category-szczecin","tag-historia","tag-imprezy","tag-interwencje","tag-inwestycje","tag-kultura","tag-lokale","tag-pl","tag-poland","tag-polish","tag-polityka","tag-polska","tag-polski","tag-rozrywka","tag-szczecin","tag-wiadomosci","tag-wydarzenia"],"share_on_mastodon":{"url":"https:\/\/pubeurope.com\/@pl\/117198792209744171","error":""},"_links":{"self":[{"href":"https:\/\/www.europesays.com\/pl\/wp-json\/wp\/v2\/posts\/661260","targetHints":{"allow":["GET"]}}],"collection":[{"href":"https:\/\/www.europesays.com\/pl\/wp-json\/wp\/v2\/posts"}],"about":[{"href":"https:\/\/www.europesays.com\/pl\/wp-json\/wp\/v2\/types\/post"}],"author":[{"embeddable":true,"href":"https:\/\/www.europesays.com\/pl\/wp-json\/wp\/v2\/users\/2"}],"replies":[{"embeddable":true,"href":"https:\/\/www.europesays.com\/pl\/wp-json\/wp\/v2\/comments?post=661260"}],"version-history":[{"count":0,"href":"https:\/\/www.europesays.com\/pl\/wp-json\/wp\/v2\/posts\/661260\/revisions"}],"wp:featuredmedia":[{"embeddable":true,"href":"https:\/\/www.europesays.com\/pl\/wp-json\/wp\/v2\/media\/661261"}],"wp:attachment":[{"href":"https:\/\/www.europesays.com\/pl\/wp-json\/wp\/v2\/media?parent=661260"}],"wp:term":[{"taxonomy":"category","embeddable":true,"href":"https:\/\/www.europesays.com\/pl\/wp-json\/wp\/v2\/categories?post=661260"},{"taxonomy":"post_tag","embeddable":true,"href":"https:\/\/www.europesays.com\/pl\/wp-json\/wp\/v2\/tags?post=661260"}],"curies":[{"name":"wp","href":"https:\/\/api.w.org\/{rel}","templated":true}]}}