{"id":661278,"date":"2026-09-02T01:20:46","date_gmt":"2026-09-02T01:20:46","guid":{"rendered":"https:\/\/www.europesays.com\/pl\/661278\/"},"modified":"2026-09-02T01:20:46","modified_gmt":"2026-09-02T01:20:46","slug":"warszawa-artscena-rusza-w-trase-po-polsce-trzy-teatralne-hity-na-nowy-sezon","status":"publish","type":"post","link":"https:\/\/www.europesays.com\/pl\/661278\/","title":{"rendered":"Warszawa. ArtScena rusza w tras\u0119 po Polsce. Trzy teatralne hity na nowy sezon"},"content":{"rendered":"<p>Nowy sezon teatralny oznacza dla ArtSceny podr\u00f3\u017c przez Polsk\u0119. Ju\u017c tej jesieni publiczno\u015b\u0107 w wielu miastach b\u0119dzie mog\u0142a zobaczy\u0107 trzy r\u00f3\u017cnorodne spektakle: pe\u0142ne energii \u201eTygrysice\u201d, b\u0142yskotliw\u0105 komedi\u0119 \u201eMi\u0142o\u015b\u0107 i polityka\u201d oraz opowie\u015b\u0107 o uczuciach, relacjach i sekretach &#8211; \u201eTylko mi\u0142o\u015b\u0107\u201d. Na scenie pojawi\u0105 si\u0119 znani i lubiani aktorzy, m.in. Mariusz Dr\u0119\u017cek, Jakub Wieczorek, Miko\u0142aj Krawczyk, Magdalena Czerwi\u0144ska, Sylwia Juszczak, Anna Samusionek, Ma\u0142gorzata Kr\u00f3likowska, Ma\u0142gorzata Lewi\u0144ska, \u0141ukasz Nowicki i Jacek Kopczy\u0144ski.<\/p>\n<p>            <a data-lightbox=\"article-gallery\" href=\"https:\/\/e-teatr.pl\/files\/multimedias\/182540\/Tygrysice_plakat_pion-1.jpg\" rel=\"nofollow noopener\" target=\"_blank\">&#13;<br \/>\n        <img loading=\"lazy\" decoding=\"async\" src=\"https:\/\/www.europesays.com\/pl\/wp-content\/uploads\/2026\/09\/thumb_Tygrysice_plakat_pion-1.jpg\" alt=\"\" title=\"\" width=\"848\" height=\"1200\"\/>      <\/a><\/p>\n<p>fot. mat. teatru<\/p>\n<p>Teatr nie musi czeka\u0107 na widza w jednym miejscu. ArtScena w nowym sezonie teatralnym rusza w tras\u0119, by spotka\u0107 si\u0119 z publiczno\u015bci\u0105 w miastach w ca\u0142ej Polsce. Jesienny repertuar \u0142\u0105czy trzy tytu\u0142y, trzy r\u00f3\u017cne \u015bwiaty i jeden wsp\u00f3lny mianownik: historie, kt\u00f3re bawi\u0105, poruszaj\u0105 i pozwalaj\u0105 na chwil\u0119 spojrze\u0107 na w\u0142asne \u017cycie z zupe\u0142nie innej perspektywy.<\/p>\n<p>\u201eTygrysice\u201d &#8211; czas rozkwitn\u0105\u0107<\/p>\n<p>Bohaterkami spektaklu \u201eTygrysice\u201d s\u0105 trzy kobiety, kt\u00f3re przyja\u017ani\u0105 si\u0119 od lat i wydaje si\u0119, \u017ce wiedz\u0105 o sobie niemal wszystko. Kiedy jednak \u017cycie stawia przed nimi kolejne wyzwania, a up\u0142yw czasu zaczyna przypomina\u0107 o sobie coraz wyra\u017aniej, postanawiaj\u0105 nie czeka\u0107 i wzi\u0105\u0107 sprawy w swoje r\u0119ce.<\/p>\n<p>Zamiast przekwita\u0107 \u2013 chc\u0105 rozkwitn\u0105\u0107.<\/p>\n<p>\u201eTygrysice\u201d to pe\u0142na humoru, energii i kobiecej si\u0142y opowie\u015b\u0107 o przyja\u017ani, odwadze oraz o tym, \u017ce niezale\u017cnie od wieku zawsze mo\u017cna zacz\u0105\u0107 \u017cy\u0107 na w\u0142asnych zasadach.<\/p>\n<p>Obsada:<br \/>Ma\u0142gorzata Kr\u00f3likowska<br \/>Anna Samusionek<br \/>Ma\u0142gorzata Lewi\u0144ska\/ Agnieszka Wielgosz<br \/>Mateusz Mosiewicz\/ Kamil Piotrowski<\/p>\n<p>Autor: Fred Apke<br \/>Przek\u0142ad: Marta Klubowicz<br \/>Re\u017cyseria: Anna Oberc<\/p>\n<p>\u201eMi\u0142o\u015b\u0107 i polityka\u201d &#8211; gdy w\u0142adza miesza si\u0119 z uczuciami<\/p>\n<p>Czy mo\u017cna pogodzi\u0107 mi\u0142o\u015b\u0107 do ojczyzny, \u017cony i\u2026 pieni\u0119dzy? Minister Bertrand Gu\u00e9raud wydaje si\u0119 przekonany, \u017ce tak. Prowadzi wygodne \u017cycie, korzysta z przywilej\u00f3w i nie stroni od podejrzanych interes\u00f3w. Wszystko uk\u0142ada si\u0119 po jego my\u015bli &#8211; do czasu.<\/p>\n<p>Jedna chwila mo\u017ce wystarczy\u0107, by \u015bwiat zbudowany na pozorach zacz\u0105\u0142 si\u0119 rozpada\u0107.<\/p>\n<p>\u201eMi\u0142o\u015b\u0107 i polityka\u201d to b\u0142yskotliwa komedia pe\u0142na nieoczekiwanych zwrot\u00f3w akcji, intryg i humoru. Spektakl z lekko\u015bci\u0105 zagl\u0105da za kulisy \u015bwiata, w kt\u00f3rym ambicja, w\u0142adza, pieni\u0105dze i uczucia tworz\u0105 wyj\u0105tkowo wybuchow\u0105 mieszank\u0119.<\/p>\n<p>Obsada:<br \/>Melania Grzesiewicz \/ Marysia Wieczorek<br \/>Anna Oberc<br \/>\u0141ukasz Nowicki<br \/>Krystian Wieczorek \/ Jacek Kr\u00f3l<br \/>Jacek Kopczy\u0144ski \/ Mariusz Dr\u0119\u017cek<\/p>\n<p>Autor: Pierre Sauvil<br \/>Przek\u0142ad: Barbara Grzegorzewska<br \/>Re\u017cyseria: Anna Oberc<\/p>\n<p>\u201eTylko mi\u0142o\u015b\u0107\u201d &#8211; ale czy mi\u0142o\u015b\u0107 wystarczy?<\/p>\n<p>Dwa ma\u0142\u017ce\u0144stwa. Dwie historie. Dwie pary, kt\u00f3re &#8211; przynajmniej na pierwszy rzut oka &#8211; maj\u0105 wszystko.<\/p>\n<p>Danka i Tomasz s\u0105 w sobie zakochani. Joanna i Grzegorz nie wyobra\u017caj\u0105 sobie \u017cycia bez siebie. S\u0105 razem od lat, ufaj\u0105 sobie i wydaje im si\u0119, \u017ce o swoich relacjach wiedz\u0105 wszystko.<\/p>\n<p>Ale czy na pewno?<\/p>\n<p>\u201eTylko mi\u0142o\u015b\u0107\u201d to historia o uczuciach, blisko\u015bci i sekretach, kt\u00f3re czasem pojawiaj\u0105 si\u0119 tam, gdzie najmniej si\u0119 ich spodziewamy. To opowie\u015b\u0107 o relacjach, w kt\u00f3rych nic nie jest tak oczywiste, jak mog\u0142oby si\u0119 wydawa\u0107.<\/p>\n<p>Obsada:<br \/>Magdalena Czerwi\u0144ska\/ Anna Oberc<br \/>Sylwia Juszczak Krawczyk<br \/>Miko\u0142aj Cie\u015blak\/ Miko\u0142aj Krawczyk \/Marcin Sztabi\u0144ski<br \/>Mariusz Dr\u0119\u017cek\/ Dariusz Majchrzak\/ Jakub Wieczorek<\/p>\n<p>Autor: Ren\u00e9 Heinersdorff<br \/>T\u0142umaczenie: Jacek Kaduczak<br \/>Re\u017cyseria: Anna Oberc<\/p>\n<p>Wi\u0119cej informacji:<br \/><a href=\"http:\/\/www.artscena.pl\" rel=\"nofollow noopener\" target=\"_blank\">www.artscena.pl<\/a><\/p>\n","protected":false},"excerpt":{"rendered":"Nowy sezon teatralny oznacza dla ArtSceny podr\u00f3\u017c przez Polsk\u0119. Ju\u017c tej jesieni publiczno\u015b\u0107 w wielu miastach b\u0119dzie mog\u0142a&hellip;\n","protected":false},"author":2,"featured_media":661279,"comment_status":"","ping_status":"","sticky":false,"template":"","format":"standard","meta":{"footnotes":"","_share_on_mastodon":"0"},"categories":[51605],"tags":[2434,8588,6588,17490,16331,51630,42,38,40,39,41,649,650,11541,51629,8815,51631,8767,51628,800,8816,435],"class_list":["post-661278","post","type-post","status-publish","format-standard","has-post-thumbnail","category-warszawa","tag-aktor","tag-aktorzy","tag-festiwal","tag-festiwale","tag-kariera","tag-kariery","tag-pl","tag-poland","tag-polish","tag-polska","tag-polski","tag-premiera","tag-premiery","tag-realizacja","tag-realizacje","tag-repertuar","tag-ruch-teatralny","tag-sztuka","tag-sztuki","tag-teatr","tag-teatry","tag-warszawa"],"share_on_mastodon":{"url":"https:\/\/pubeurope.com\/@pl\/117198824590395506","error":""},"_links":{"self":[{"href":"https:\/\/www.europesays.com\/pl\/wp-json\/wp\/v2\/posts\/661278","targetHints":{"allow":["GET"]}}],"collection":[{"href":"https:\/\/www.europesays.com\/pl\/wp-json\/wp\/v2\/posts"}],"about":[{"href":"https:\/\/www.europesays.com\/pl\/wp-json\/wp\/v2\/types\/post"}],"author":[{"embeddable":true,"href":"https:\/\/www.europesays.com\/pl\/wp-json\/wp\/v2\/users\/2"}],"replies":[{"embeddable":true,"href":"https:\/\/www.europesays.com\/pl\/wp-json\/wp\/v2\/comments?post=661278"}],"version-history":[{"count":0,"href":"https:\/\/www.europesays.com\/pl\/wp-json\/wp\/v2\/posts\/661278\/revisions"}],"wp:featuredmedia":[{"embeddable":true,"href":"https:\/\/www.europesays.com\/pl\/wp-json\/wp\/v2\/media\/661279"}],"wp:attachment":[{"href":"https:\/\/www.europesays.com\/pl\/wp-json\/wp\/v2\/media?parent=661278"}],"wp:term":[{"taxonomy":"category","embeddable":true,"href":"https:\/\/www.europesays.com\/pl\/wp-json\/wp\/v2\/categories?post=661278"},{"taxonomy":"post_tag","embeddable":true,"href":"https:\/\/www.europesays.com\/pl\/wp-json\/wp\/v2\/tags?post=661278"}],"curies":[{"name":"wp","href":"https:\/\/api.w.org\/{rel}","templated":true}]}}