{"id":661280,"date":"2026-09-02T01:22:18","date_gmt":"2026-09-02T01:22:18","guid":{"rendered":"https:\/\/www.europesays.com\/pl\/661280\/"},"modified":"2026-09-02T01:22:18","modified_gmt":"2026-09-02T01:22:18","slug":"iva-jovic-magdalena-frech-i-magda-linette","status":"publish","type":"post","link":"https:\/\/www.europesays.com\/pl\/661280\/","title":{"rendered":"Iva Jovic &#8211; Magdalena Fr\u0119ch i Magda Linette"},"content":{"rendered":"<p>Fr\u0119ch przyst\u0119puje do spotkania ze \u015bwiadomo\u015bci\u0105, \u017ce nie b\u0119dzie faworytk\u0105, ale z pewno\u015bci\u0105 spr\u00f3buje wykorzysta\u0107 swoje do\u015bwiadczenie i cierpliwo\u015b\u0107 w d\u0142u\u017cszych wymianach. 17-latka z kolei b\u0119dzie chcia\u0142a narzuci\u0107 agresywne tempo i od pierwszych pi\u0142ek przej\u0105\u0107 inicjatyw\u0119. To zapowiada interesuj\u0105ce starcie dw\u00f3ch zupe\u0142nie r\u00f3\u017cnych styl\u00f3w.<\/p>\n<p>Dodatkowym atutem rywalki b\u0119dzie wsparcie miejscowej publiczno\u015bci, kt\u00f3re w Nowym Jorku cz\u0119sto potrafi mocno ponie\u015b\u0107 Amerykan\u00f3w.<\/p>\n<p><a href=\"https:\/\/przegladsportowy.onet.pl\/\" title=\"Strona g\u0142\u00f3wna serwisu\" aria-label=\"Strona g\u0142\u00f3wna serwisu\" data-astro-prefetch=\"tap\" class=\"ods-a-logo-main-desktop\" rel=\"nofollow noopener\" target=\"_blank\"><img src=\"https:\/\/cdn.przegladsportowy.onet.pl\/img\/Logo_desktop_Onet.svg\" class=\"ods-a-logo-main-desktop__image\" alt=\"Logo\" width=\"107\" height=\"60\" fetchpriority=\"high\" decoding=\"sync\" style=\"height:60px\"\/><\/a><\/p>\n<p class=\"ods-m-google-article__text\">Czytaj nas cz\u0119\u015bciej w Google<\/p>\n<p><a href=\"https:\/\/google.com\/preferences\/source?q=przegladsportowy.onet.pl\" target=\"_blank\" rel=\"noopener noreferrer nofollow\" aria-label=\"Dodaj w Google\" title=\"Dodaj w Google\" class=\"ods-a-button ods-a-button__primary ods-a-button__default ods-a-button-l\">Dodaj w Google<\/a><\/p>\n<p>Ciekawie zapowiada si\u0119 tak\u017ce spotkanie z udzia\u0142em innej z tenisistek znad Wis\u0142y. Linette zmierzy si\u0119 bowiem z Francesc\u0105 Jones. Nasza zawodniczka ostatnio prze\u017cywa gorszy okres, ale w rywalizacji z brytyjsk\u0105 kwalifikantk\u0105 jest uwa\u017cana za nieznaczn\u0105 faworytk\u0119.<\/p>\n<p>Mecze Magdalena Fr\u0119ch \u2014 Iva Jovic i Magda Linette \u2014 Francesca Jones odb\u0119d\u0105 si\u0119 w nocy z wtorku na \u015brod\u0119. Pocz\u0105tek zaplanowano ok. godz. 1.30 czasu polskiego. Wszystko mo\u017ce jednak zmieni\u0107 si\u0119 przez opady deszczu, kt\u00f3re nieustannie nawiedzaj\u0105 Nowy Jork.<\/p>\n<p>                        <a class=\"backButton\" onclick=\"window.history.back();\">&lt;Go back<\/a><\/p>\n<p>          <img decoding=\"async\" src=\"https:\/\/www.europesays.com\/pl\/wp-content\/uploads\/2026\/09\/kK2ktkpTURBXy84MmQ0MzQwODIzYmQwODMzYjVkZWU3YzhlNjZlOTk4OS5wbmeRkwXMZMxk.png\" alt=\"Iva Jovi\u0107\"\/><br \/>\n        Iva Jovi\u0107<\/p>\n<p>          <img decoding=\"async\" src=\"https:\/\/www.europesays.com\/pl\/wp-content\/uploads\/2026\/09\/T3PkrlkaXNrL2ZyZWNoLTE1Mjc2MjE4MjQucG5nkpUCZADCw5UCAGTCww.png\" alt=\"Magdalena Fr\u0119ch\"\/><br \/>\n        Magdalena Fr\u0119ch<\/p>\n<p>      <img decoding=\"async\" src=\"data:image\/gif;base64,R0lGODlhAQABAPABAP\/\/\/wAAACH5BAEKAAAALAAAAAABAAEAAAICRAEAOw%3D%3D\" alt=\"\"\/>Iva Jovic &#8211; Magdalena Fr\u0119ch [RELACJA NA \u017bYWO]<\/p>\n<p>Relacja na \u017cywo<\/p>\n<p>\n        0 &#8211; 0<br \/>\n          Jovi\u0107 &#8211; Fr\u0119ch (1. set)<\/p>\n<p>        0 &#8211; 0<br \/>\n          Jovi\u0107 &#8211; Fr\u0119ch (2. set)<\/p>\n<p>        0 &#8211; 0<br \/>\n          Linette &#8211; Jones (1. set)<\/p>\n<p>        0 &#8211; 0<br \/>\n          Linette &#8211; Jones (2. set) <\/p>\n","protected":false},"excerpt":{"rendered":"Fr\u0119ch przyst\u0119puje do spotkania ze \u015bwiadomo\u015bci\u0105, \u017ce nie b\u0119dzie faworytk\u0105, ale z pewno\u015bci\u0105 spr\u00f3buje wykorzysta\u0107 swoje do\u015bwiadczenie i&hellip;\n","protected":false},"author":2,"featured_media":661281,"comment_status":"","ping_status":"","sticky":false,"template":"","format":"standard","meta":{"footnotes":"","_share_on_mastodon":"0"},"categories":[24],"tags":[128177,61195,39433,4417,5369,48,46,42,38,40,39,41,128594,47,127,126,156,22568,130,128178],"class_list":["post-661280","post","type-post","status-publish","format-standard","has-post-thumbnail","category-sport","tag-adshield_tst2","tag-bottomfeed_styl","tag-iva_jovic","tag-magda_linette","tag-magdalena_frech","tag-nat_styl","tag-omp","tag-pl","tag-poland","tag-polish","tag-polska","tag-polski","tag-relacje_tekstowe_eurosport","tag-screening_general","tag-sport","tag-sports","tag-tenis","tag-us_open","tag-wiadomosci_sportowe","tag-wthl_off"],"share_on_mastodon":{"url":"https:\/\/pubeurope.com\/@pl\/117198832688196293","error":""},"_links":{"self":[{"href":"https:\/\/www.europesays.com\/pl\/wp-json\/wp\/v2\/posts\/661280","targetHints":{"allow":["GET"]}}],"collection":[{"href":"https:\/\/www.europesays.com\/pl\/wp-json\/wp\/v2\/posts"}],"about":[{"href":"https:\/\/www.europesays.com\/pl\/wp-json\/wp\/v2\/types\/post"}],"author":[{"embeddable":true,"href":"https:\/\/www.europesays.com\/pl\/wp-json\/wp\/v2\/users\/2"}],"replies":[{"embeddable":true,"href":"https:\/\/www.europesays.com\/pl\/wp-json\/wp\/v2\/comments?post=661280"}],"version-history":[{"count":0,"href":"https:\/\/www.europesays.com\/pl\/wp-json\/wp\/v2\/posts\/661280\/revisions"}],"wp:featuredmedia":[{"embeddable":true,"href":"https:\/\/www.europesays.com\/pl\/wp-json\/wp\/v2\/media\/661281"}],"wp:attachment":[{"href":"https:\/\/www.europesays.com\/pl\/wp-json\/wp\/v2\/media?parent=661280"}],"wp:term":[{"taxonomy":"category","embeddable":true,"href":"https:\/\/www.europesays.com\/pl\/wp-json\/wp\/v2\/categories?post=661280"},{"taxonomy":"post_tag","embeddable":true,"href":"https:\/\/www.europesays.com\/pl\/wp-json\/wp\/v2\/tags?post=661280"}],"curies":[{"name":"wp","href":"https:\/\/api.w.org\/{rel}","templated":true}]}}