{"id":661292,"date":"2026-09-02T01:28:19","date_gmt":"2026-09-02T01:28:19","guid":{"rendered":"https:\/\/www.europesays.com\/pl\/661292\/"},"modified":"2026-09-02T01:28:19","modified_gmt":"2026-09-02T01:28:19","slug":"tragiczny-wypadek-na-a1-cztery-osoby-nie-zyja-cztery-sa-w-stanie-ciezkim-tvp-katowice","status":"publish","type":"post","link":"https:\/\/www.europesays.com\/pl\/661292\/","title":{"rendered":"Tragiczny wypadek na A1. Cztery osoby nie \u017cyj\u0105, cztery s\u0105 w stanie ci\u0119\u017ckim &#8211; TVP Katowice"},"content":{"rendered":"<ol>\n<li><a href=\"https:\/\/news.google.com\/rss\/articles\/CBMiqAFBVV95cUxQNnQtMlBOakJxbzRHdnJXQ1B4UXNLbVJ2T05iOEhyMUU3MElxSzRMRUNHRERoRjREaDJiS2xwbEFFMDBicnRwQnNyUVNZYUt2LUVNNGNHQWdNWldEeVFMbnN6MzA4eThfRDZIQzdmakoxTG5HMnEwQTZ6UXNUYWRRdjM1cDVuTTExQmRpZGlBbGRoaEpMQWZNVDVBTjJHX0c1Z2E1QjJ2dkQ?oc=5\" target=\"_blank\" rel=\"nofollow noopener\">Tragiczny wypadek na A1. Cztery osoby nie \u017cyj\u0105, cztery s\u0105 w stanie ci\u0119\u017ckim<\/a>&nbsp;&nbsp;TVP Katowice<\/li>\n<li><a href=\"https:\/\/news.google.com\/rss\/articles\/CBMiswFBVV95cUxNX1ZkZ1JpUE55UlpUN0NjODBwSkMtY3ktS1B6azV0X0gwUTUtczlFay0wbEl5aGE1WjdzWGdYbFVhczBEaTZvWWd6ZEE1QXV3R1ZIR2NEM19zd3ktcVdHLTFuQzI4QU4wRHRxY2JmNVB4aDdPcldZQWI1YjJucEhCYlAxRGlERWJvbnVBdUF3eHJkbG9EbHJsWkNoa0JkblpMcDJNZkQwMlRXVTlxdDBadzFFcw?oc=5\" target=\"_blank\" rel=\"nofollow noopener\">Tragiczny wypadek na autostradzie A1 ko\u0142o Cz\u0119stochowy. Nie \u017cyj\u0105 co najmniej cztery osoby<\/a>&nbsp;&nbsp;Wiadomo\u015bci Onet<\/li>\n<li><a href=\"https:\/\/news.google.com\/rss\/articles\/CBMimgFBVV95cUxPX05WS3hGOGZPeXZScEUxVjhaWEhPdEZoNVNNWDYyMWhNYVVNMzdCWmpRR054Zktic3E0bWFKbDduY01ObnQxLXBpVHJqUE9kNXNNWHpaWkJVejFqYU5GYTMwbEFVV0RSdGRKNWkzRlgyaHlrU1Q1LW5lZGJacXg5NWNjSWQ2NFdLeVcwcmdNaFRPaGx1N0pZUkZR?oc=5\" target=\"_blank\" rel=\"nofollow noopener\">Karambol na A1. S\u0105 ofiary \u015bmiertelne. &#8222;Zdarzenie bardzo z\u0142o\u017cone&#8221;<\/a>&nbsp;&nbsp;Gazeta<\/li>\n<li><a href=\"https:\/\/news.google.com\/rss\/articles\/CBMi9gFBVV95cUxOUHFUWXF1RFdPZXZsd1dUQjdraHF6TGtLT2c2ZExScmZaNnhHOE1acXE0SlU2Qk1qRGhsalFoaE00ZzdjYTlFRGVNWlVVSTNlVHhuNWpOd01RWWRNYjV5RWtMVFRwREJuc2tSSFZpYW9KRHJYYTVFRU94YWx5YlpkRnZuZjlPcEF4WFRtVl9HZGJuT1RKUG05T0RUNEFDU0hZR1p3enBVb0VFWTB1d3BsOUJRMHh5b3pTTHplR2NrNUMway15dlZGYWdQMUh4aXJmQS0xNm15aFN3WFVPY3UtUTFBTU9ZRlE3bl93S3F6WF93cmdJNGc?oc=5\" target=\"_blank\" rel=\"nofollow noopener\">Tragiczny fina\u0142 prac drogowych na autostradzie A1. Ofiary wypadku to pracownicy firmy realizuj\u0105cej zlecenie dla GDDKiA<\/a>&nbsp;&nbsp;Dziennik Zachodni<\/li>\n<li><a href=\"https:\/\/news.google.com\/rss\/articles\/CBMirwFBVV95cUxQQ0lPcEc0Rmw5ekNxVW5tYzJXMktSMmt5WHFSemtGeUktTEhxajFtejhRdEJCOWt0Sjk2V3dOckpJbF9kVG1mdHB4VE0xaFhjb3RKT3NvbnE4Z2U3NmxoXzBqaGhrSFVjSDY0Ym51dXJoXzJkeUM4M2ZaWS1LeFpXd1FXRDZ3TVlUSWdMT0FQQkRDVS1GaDFOUGFCdnNOQXhYd0pPeno3QzJOOFpLaFY0?oc=5\" target=\"_blank\" rel=\"nofollow noopener\">Wypadek na A1. Ci\u0119\u017car\u00f3wka mia\u0142a logo jednej z firm, jest o\u015bwiadczenie<\/a>&nbsp;&nbsp;WP Wiadomo\u015bci<\/li>\n<\/ol>\n","protected":false},"excerpt":{"rendered":"Tragiczny wypadek na A1. Cztery osoby nie \u017cyj\u0105, cztery s\u0105 w stanie ci\u0119\u017ckim&nbsp;&nbsp;TVP Katowice Tragiczny wypadek na autostradzie&hellip;\n","protected":false},"author":2,"featured_media":661293,"comment_status":"","ping_status":"","sticky":false,"template":"","format":"standard","meta":{"footnotes":"","_share_on_mastodon":"0"},"categories":[5],"tags":[32,33,36,37,27,34,35,28,31,25,42,38,40,39,41,29,30,26],"class_list":["post-661292","post","type-post","status-publish","format-standard","has-post-thumbnail","category-naglowki","tag-breaking-news","tag-breakingnews","tag-featured-news","tag-featurednews","tag-headlines","tag-latest-news","tag-latestnews","tag-naglowki","tag-najwazniejsze-artykuly","tag-news","tag-pl","tag-poland","tag-polish","tag-polska","tag-polski","tag-top-stories","tag-topstories","tag-wiadomosci"],"share_on_mastodon":{"url":"https:\/\/pubeurope.com\/@pl\/117198854882633700","error":""},"_links":{"self":[{"href":"https:\/\/www.europesays.com\/pl\/wp-json\/wp\/v2\/posts\/661292","targetHints":{"allow":["GET"]}}],"collection":[{"href":"https:\/\/www.europesays.com\/pl\/wp-json\/wp\/v2\/posts"}],"about":[{"href":"https:\/\/www.europesays.com\/pl\/wp-json\/wp\/v2\/types\/post"}],"author":[{"embeddable":true,"href":"https:\/\/www.europesays.com\/pl\/wp-json\/wp\/v2\/users\/2"}],"replies":[{"embeddable":true,"href":"https:\/\/www.europesays.com\/pl\/wp-json\/wp\/v2\/comments?post=661292"}],"version-history":[{"count":0,"href":"https:\/\/www.europesays.com\/pl\/wp-json\/wp\/v2\/posts\/661292\/revisions"}],"wp:featuredmedia":[{"embeddable":true,"href":"https:\/\/www.europesays.com\/pl\/wp-json\/wp\/v2\/media\/661293"}],"wp:attachment":[{"href":"https:\/\/www.europesays.com\/pl\/wp-json\/wp\/v2\/media?parent=661292"}],"wp:term":[{"taxonomy":"category","embeddable":true,"href":"https:\/\/www.europesays.com\/pl\/wp-json\/wp\/v2\/categories?post=661292"},{"taxonomy":"post_tag","embeddable":true,"href":"https:\/\/www.europesays.com\/pl\/wp-json\/wp\/v2\/tags?post=661292"}],"curies":[{"name":"wp","href":"https:\/\/api.w.org\/{rel}","templated":true}]}}