{"id":661320,"date":"2026-09-02T01:48:35","date_gmt":"2026-09-02T01:48:35","guid":{"rendered":"https:\/\/www.europesays.com\/pl\/661320\/"},"modified":"2026-09-02T01:48:35","modified_gmt":"2026-09-02T01:48:35","slug":"polska-dostanie-miliony-za-pomoc-ukrainie-ciekawe-doniesienia","status":"publish","type":"post","link":"https:\/\/www.europesays.com\/pl\/661320\/","title":{"rendered":"Polska dostanie miliony za pomoc Ukrainie? Ciekawe doniesienia"},"content":{"rendered":"<p data-v-01d4021f=\"\">W przysz\u0142ym roku Polska mo\u017ce otrzyma\u0107 ogromny zastrzyk got\u00f3wki za pomoc Ukrainie. W gr\u0119 wchodz\u0105 miliony euro \u2013 ustali\u0142a brukselska korespondentka RMF FM Katarzyna Szyma\u0144ska-Borginon.<\/p>\n<p data-v-01d4021f=\"\">Brukselska korespondentka RMF FM ustali\u0142a, \u017ce Polska\u00a0ma zagwarantowane oko\u0142o 400 mln euro zwrotu\u00a0z unijnego Funduszu Pokojowego za bro\u0144 przekazan\u0105 Ukrainie. Pieni\u0105dze maj\u0105 trafi\u0107 do naszego kraju w 2027 roku. Chodzi o \u00a0\u015brodki, kt\u00f3re przez 3 lata blokowa\u0142y W\u0119gry rz\u0105dzone przez Viktora Orbana.<\/p>\n<p data-v-01d4021f=\"\">Informacje potwierdzi\u0142 po spotkaniu ministr\u00f3w obrony UE w Irlandii\u00a0wiceminister obrony Pawe\u0142 Zalewski.\u00a0<\/p>\n<p data-v-01d4021f=\"\">To b\u0119dzie spory zastrzyk pieni\u0119dzy, kt\u00f3re zasil\u0105 w przysz\u0142ym roku Fundusz Wsparcia Si\u0142 Zbrojnych\u00a0<\/p>\n<p data-v-01d4021f=\"\">\u2013 powiedzia\u0142 w rozmowie z Katarzyn\u0105 Szyma\u0144sk\u0105-Borginon.\u00a0<\/p>\n<p data-v-01d4021f=\"\">Polska jeszcze przed w\u0119giersk\u0105 blokad\u0105 zwrot\u00f3w z Funduszu Pokojowego otrzyma\u0142a z tego mechanizmu oko\u0142o 830 mln euro.\u00a0<\/p>\n<p>Zmiany w wydatkowaniu pieni\u0119dzy na pomoc Ukrainie<\/p>\n<p class=\"par6\" data-v-01d4021f=\"\">Jak jednak informuje wiceminister obrony Pawe\u0142 Zalewski, to ostatni raz, gdy dostajemy zwrot z Funduszu Pokojowego. Zamiast kolejnych refundacji dla pa\u0144stw cz\u0142onkowskich \u015brodki maj\u0105 by\u0107 coraz szerzej przekazywane bezpo\u015brednio na potrzeby Ukrainy.<\/p>\n<p class=\"par6\" data-v-01d4021f=\"\">W ramach nowego podzia\u0142u ministrowie obrony UE dali \u201ezielone \u015bwiat\u0142o\u201d, by 1 mld euro\u00a0 przeznaczy\u0107 na nowe zam\u00f3wienia uzbrojenia dla Ukrainy, a oko\u0142o 900 mln euro na unijn\u0105 misj\u0119 szkoleniow\u0105 dla ukrai\u0144skich \u017co\u0142nierzy (EUMAM), kt\u00f3ra odbywa si\u0119 mi\u0119dzy innymi w Polsce.<\/p>\n<p class=\"par8\" data-v-01d4021f=\"\">Je\u015bli uwzgl\u0119dni\u0107 oko\u0142o 830 mln euro, kt\u00f3re Polska ju\u017c otrzyma\u0142a, oraz kolejne 400 mln euro zagwarantowane na 2027 rok, \u0142\u0105czna kwota unijnego zwrotu za polsk\u0105 pomoc wojskow\u0105 dla Ukrainy wyniesie oko\u0142o\u00a01,2 mld euro.<\/p>\n<p class=\"par8\" data-v-01d4021f=\"\">kh\/\u0179r. wPolityce.pl za RMF24<\/p>\n","protected":false},"excerpt":{"rendered":"W przysz\u0142ym roku Polska mo\u017ce otrzyma\u0107 ogromny zastrzyk got\u00f3wki za pomoc Ukrainie. W gr\u0119 wchodz\u0105 miliony euro \u2013&hellip;\n","protected":false},"author":2,"featured_media":661321,"comment_status":"","ping_status":"","sticky":false,"template":"","format":"standard","meta":{"footnotes":"","_share_on_mastodon":"0"},"categories":[12],"tags":[121116,88380,127822,13347,72917,42,38,40,907,99789,4362,39,2462,41,1005,380,423,231,127821,123474,3654],"class_list":["post-661320","post","type-post","status-publish","format-standard","has-post-thumbnail","category-polska","tag-analizy-polityczne","tag-komentarze-polityczne","tag-kulisy-polityki","tag-opozycja","tag-partie-polityczne","tag-pl","tag-poland","tag-polish","tag-polityka","tag-polityka-krajowa","tag-polityka-zagraniczna","tag-polska","tag-polska-polityka","tag-polski","tag-prezydent","tag-rzad","tag-sejm","tag-sondaze","tag-wiadomosci-polityczne","tag-wpolityce-pl","tag-wybory"],"share_on_mastodon":{"url":"https:\/\/pubeurope.com\/@pl\/117198933461206898","error":""},"_links":{"self":[{"href":"https:\/\/www.europesays.com\/pl\/wp-json\/wp\/v2\/posts\/661320","targetHints":{"allow":["GET"]}}],"collection":[{"href":"https:\/\/www.europesays.com\/pl\/wp-json\/wp\/v2\/posts"}],"about":[{"href":"https:\/\/www.europesays.com\/pl\/wp-json\/wp\/v2\/types\/post"}],"author":[{"embeddable":true,"href":"https:\/\/www.europesays.com\/pl\/wp-json\/wp\/v2\/users\/2"}],"replies":[{"embeddable":true,"href":"https:\/\/www.europesays.com\/pl\/wp-json\/wp\/v2\/comments?post=661320"}],"version-history":[{"count":0,"href":"https:\/\/www.europesays.com\/pl\/wp-json\/wp\/v2\/posts\/661320\/revisions"}],"wp:featuredmedia":[{"embeddable":true,"href":"https:\/\/www.europesays.com\/pl\/wp-json\/wp\/v2\/media\/661321"}],"wp:attachment":[{"href":"https:\/\/www.europesays.com\/pl\/wp-json\/wp\/v2\/media?parent=661320"}],"wp:term":[{"taxonomy":"category","embeddable":true,"href":"https:\/\/www.europesays.com\/pl\/wp-json\/wp\/v2\/categories?post=661320"},{"taxonomy":"post_tag","embeddable":true,"href":"https:\/\/www.europesays.com\/pl\/wp-json\/wp\/v2\/tags?post=661320"}],"curies":[{"name":"wp","href":"https:\/\/api.w.org\/{rel}","templated":true}]}}