{"id":661364,"date":"2026-09-02T02:21:45","date_gmt":"2026-09-02T02:21:45","guid":{"rendered":"https:\/\/www.europesays.com\/pl\/661364\/"},"modified":"2026-09-02T02:21:45","modified_gmt":"2026-09-02T02:21:45","slug":"polska-dostanie-400-mln-euro-to-zwrot-za-bron-dla-ukrainy-2","status":"publish","type":"post","link":"https:\/\/www.europesays.com\/pl\/661364\/","title":{"rendered":"Polska dostanie 400 mln euro. To zwrot za bro\u0144 dla Ukrainy"},"content":{"rendered":"<p>Do prze\u0142omu w sprawie Instrumentu na rzecz Pokoju (EPF) dosz\u0142o podczas nieformalnego posiedzenia ministr\u00f3w obrony UE w miejscowo\u015bci Newtownmountkennedy w Irlandii, kt\u00f3ra sprawuje w tym p\u00f3\u0142roczu prezydencj\u0119 w UE. Z tego instrumentu finansowane by\u0142y zwroty za bro\u0144, kt\u00f3r\u0105 pa\u0144stwa cz\u0142onkowskie przekaza\u0142y Ukrainie z w\u0142asnych zasob\u00f3w. Mechanizm przez dwa lata by\u0142 blokowany przez poprzedni rz\u0105d W\u0119gier, ale po jego przegranej w kwietniowych wyborach parlamentarnych pozosta\u0142e stolice nie mog\u0142y si\u0119 porozumie\u0107 co do podzia\u0142u \u015brodk\u00f3w.<\/p>\n<p>Dalszy ci\u0105g artyku\u0142u pod materia\u0142em wideo<\/p>\n<p>Wiceszef MON uczestniczy\u0142 w rozmowach w Wicklow, na po\u0142udniu Irlandii, gdzie omawiano szczeg\u00f3\u0142y dotycz\u0105ce zwrotu \u015brodk\u00f3w za przekazane uzbrojenie. Zalewski podkre\u015bli\u0142, \u017ce Polska zgodzi\u0142a si\u0119 na kompromis w sprawie wysoko\u015bci rekompensaty, rezygnuj\u0105c z pierwotnych, wy\u017cszych oczekiwa\u0144.<\/p>\n<p><a href=\"https:\/\/www.onet.pl\/\" title=\"Strona G\u0142\u00f3wna\" aria-label=\"Strona G\u0142\u00f3wna\" data-astro-prefetch=\"tap\" class=\"ods-a-logo-main-desktop\" rel=\"nofollow noopener\" target=\"_blank\"><img src=\"https:\/\/cdn.wiadomosci.onet.pl\/img\/Logo_desktop_Onet.svg\" class=\"ods-a-logo-main-desktop__image\" alt=\"Logo\" width=\"107\" height=\"60\" fetchpriority=\"high\" decoding=\"sync\" style=\"height:60px\"\/><\/a><\/p>\n<p class=\"ods-m-google-article__text\">Czytaj nas cz\u0119\u015bciej w Google<\/p>\n<p><a href=\"https:\/\/google.com\/preferences\/source?q=onet.pl\" target=\"_blank\" rel=\"noopener noreferrer nofollow\" aria-label=\"Dodaj w Google\" title=\"Dodaj w Google\" class=\"ods-a-button ods-a-button__primary ods-a-button__default ods-a-button-l\">Dodaj w Google<\/a><\/p>\n<p>\u2014 Otrzymali\u015bmy ju\u017c zwrot w wysoko\u015bci 830 mln euro za bro\u0144 przekazan\u0105 Ukrainie i uzgodnienie jest teraz takie, \u017ce w przysz\u0142ym roku otrzymamy 400 mln euro \u2014 powiedzia\u0142 PAP wiceszef MON Pawe\u0142 Zalewski, kt\u00f3ry wzi\u0105\u0142 udzia\u0142 we wtorkowym posiedzeniu. \u2014 Komisja Europejska przygotowa\u0142a dwa warianty i w zale\u017cno\u015bci od tego, kt\u00f3ry zostanie wybrany, jeszcze z dodatkowej puli dostaniemy od 10 do 30 mln euro \u2014 powiedzia\u0142.<\/p>\n<p>\u2014 Uwa\u017camy, \u017ce z punktu widzenia powagi polityki europejskiej i zdolno\u015bci porozumienia si\u0119 i wsp\u00f3\u0142dzia\u0142ania kompromis powinien by\u0107 osi\u0105gni\u0119ty \u2014 doda\u0142 Zalewski.<\/p>\n<p>R\u00f3\u017cnice zda\u0144 w\u015br\u00f3d pa\u0144stw cz\u0142onkowskich<\/p>\n<p>Wed\u0142ug nieoficjalnych doniesie\u0144 Polskiego Radia, ostateczny kszta\u0142t porozumienia jest uzale\u017cniony od stanowiska Francji i Niemiec. To w\u0142a\u015bnie od tych kraj\u00f3w zale\u017cy, czy Polska otrzyma dodatkowe \u015brodki w wysoko\u015bci 10 mln euro lub 30 mln euro. Rozmowy w tej sprawie wci\u0105\u017c trwaj\u0105, a ich wynik b\u0119dzie mia\u0142 wp\u0142yw na ostateczn\u0105 kwot\u0119 wsparcia dla Polski.<\/p>\n<p>Prawdziwy pow\u00f3d wizyty dyrektora CIA w Moskwie. &#8222;Rosjanie testuj\u0105 nie Warszaw\u0119, ale Waszyngton&#8221; [KOMENTARZ]<img class=\"ods-a-photo ods-a-photo--background\" src=\"https:\/\/www.europesays.com\/pl\/wp-content\/uploads\/2026\/09\/pC-k9lGaHR0cHM6Ly9vY2RuLmV1L3B1bHNjbXMvTURBXy8xZTYxMTU2Mi03ZGQ3LTQ0NDQtYWU4Ni03YTBhZjBiZWM5MjIuanBlZ.jpeg\" height=\"304\" width=\"450\" alt=\"W\u0142adimir Putin\" loading=\"lazy\" fetchpriority=\"low\" decoding=\"async\"\/><\/p>\n","protected":false},"excerpt":{"rendered":"Do prze\u0142omu w sprawie Instrumentu na rzecz Pokoju (EPF) dosz\u0142o podczas nieformalnego posiedzenia ministr\u00f3w obrony UE w miejscowo\u015bci&hellip;\n","protected":false},"author":2,"featured_media":661365,"comment_status":"","ping_status":"","sticky":false,"template":"","format":"standard","meta":{"footnotes":"","_share_on_mastodon":"0"},"categories":[12],"tags":[61195,7943,49,48,46,55,42,38,40,39,41,47,415],"class_list":["post-661364","post","type-post","status-publish","format-standard","has-post-thumbnail","category-polska","tag-bottomfeed_styl","tag-euro","tag-kraj","tag-nat_styl","tag-omp","tag-phx","tag-pl","tag-poland","tag-polish","tag-polska","tag-polski","tag-screening_general","tag-ukraina"],"share_on_mastodon":{"url":"https:\/\/pubeurope.com\/@pl\/117199064187054302","error":""},"_links":{"self":[{"href":"https:\/\/www.europesays.com\/pl\/wp-json\/wp\/v2\/posts\/661364","targetHints":{"allow":["GET"]}}],"collection":[{"href":"https:\/\/www.europesays.com\/pl\/wp-json\/wp\/v2\/posts"}],"about":[{"href":"https:\/\/www.europesays.com\/pl\/wp-json\/wp\/v2\/types\/post"}],"author":[{"embeddable":true,"href":"https:\/\/www.europesays.com\/pl\/wp-json\/wp\/v2\/users\/2"}],"replies":[{"embeddable":true,"href":"https:\/\/www.europesays.com\/pl\/wp-json\/wp\/v2\/comments?post=661364"}],"version-history":[{"count":0,"href":"https:\/\/www.europesays.com\/pl\/wp-json\/wp\/v2\/posts\/661364\/revisions"}],"wp:featuredmedia":[{"embeddable":true,"href":"https:\/\/www.europesays.com\/pl\/wp-json\/wp\/v2\/media\/661365"}],"wp:attachment":[{"href":"https:\/\/www.europesays.com\/pl\/wp-json\/wp\/v2\/media?parent=661364"}],"wp:term":[{"taxonomy":"category","embeddable":true,"href":"https:\/\/www.europesays.com\/pl\/wp-json\/wp\/v2\/categories?post=661364"},{"taxonomy":"post_tag","embeddable":true,"href":"https:\/\/www.europesays.com\/pl\/wp-json\/wp\/v2\/tags?post=661364"}],"curies":[{"name":"wp","href":"https:\/\/api.w.org\/{rel}","templated":true}]}}