{"id":661372,"date":"2026-09-02T02:27:12","date_gmt":"2026-09-02T02:27:12","guid":{"rendered":"https:\/\/www.europesays.com\/pl\/661372\/"},"modified":"2026-09-02T02:27:12","modified_gmt":"2026-09-02T02:27:12","slug":"gigantyczna-sensacja-w-us-open","status":"publish","type":"post","link":"https:\/\/www.europesays.com\/pl\/661372\/","title":{"rendered":"Gigantyczna sensacja w US Open"},"content":{"rendered":"\n<p class=\"contentpart contentpart--default contentpart--text\" data-position=\"0\">Wtorek (1 wrze\u015bnia) by\u0142 trzecim dniem rywalizacji w wielkoszlemowym US Open. Do gry wkroczy\u0142a mi\u0119dzy innymi Belinda Benci\u0107, kt\u00f3ra po przerwie macierzy\u0144skiej by\u0142a w stanie dobi\u0107 do \u015bwiatowej czo\u0142\u00f3wki. W tym sezonie w Nowym Jorku zosta\u0142a rozstawiona z numerem 12.<\/p>\n<p class=\"contentpart contentpart--default contentpart--text\" data-position=\"1\">Ju\u017c teraz wiadomo jednak, \u017ce Szwajcarka nie zanotuje udanego wyst\u0119pu. Wszystko z uwagi na sensacyjn\u0105 pora\u017ck\u0119 ju\u017c w pierwszej rundzie. Lepsza od niej okaza\u0142a si\u0119 bowiem Julia Putincewa, kt\u00f3ra zwyci\u0119\u017cy\u0142a po trzysetowej potyczce 4:6, 7:5, 6:3.<\/p>\n<p>  <img decoding=\"async\" src=\"https:\/\/v.wpimg.pl\/X3dwLnN2d1IFFTpdYUl6R0ZNbgcnEHQREVV2TGEGbUtRT2MdOlZ2RBQUKABgQjQcDRotCStBd1IAAWMeIlM7VgwYIAorQAdEFFk_GCkQJQ\" alt=\"\" width=\"45\" height=\"58\" loading=\"lazy\"\/>  <\/p>\n<p class=\"contentpart contentpart--default contentpart--text\" data-position=\"2\">Wynik ten jest jeszcze bardziej zaskakuj\u0105cy z uwagi na to, \u017ce po premierowej ods\u0142onie Benci\u0107 by\u0142a jedn\u0105 nog\u0105 w drugiej rundzie. W II secie prowadzi\u0142a nawet z prze\u0142amaniem 2:0, ale reprezentantka Kazachstanu odrobi\u0142a strat\u0119 i \u015bwietnie zaprezentowa\u0142a si\u0119 w ko\u0144c\u00f3wce.<\/p>\n<p class=\"contentpart contentpart--default contentpart--text\" data-position=\"3\">84. rakieta \u015bwiata posz\u0142a za ciosem w decyduj\u0105cej partii. Od stanu 2:3, kiedy to zmarnowa\u0142a dwa break pointy, wygra\u0142a cztery gemy z rz\u0119du, w tym dwa przy serwisie rywalki. Dzi\u0119ki temu w \u015bwietnym stylu zameldowa\u0142a si\u0119 w kolejnej fazie kosztem gwiazdy.<\/p>\n<p class=\"contentpart contentpart--default contentpart--text\" data-position=\"4\">Tymczasem \u015bwietny start w Nowym Jorku zanotowa\u0142a Mirra Andriejewa. Tegoroczna mistrzyni Rolanda Garrosa odda\u0142a tylko cztery gemy Janice Tjen, zwyci\u0119\u017caj\u0105c 6:2, 6:2. Udany wyst\u0119p zanotowa\u0142a te\u017c Elise Mertens, pokonuj\u0105c Kaitlin Quevedo 6:4, 6:4.<\/p>\n<p class=\"contentpart contentpart--default contentpart--text\" data-position=\"5\"><a href=\"https:\/\/sportowefakty.wp.pl\/tenis\/us-open\" rel=\"nofollow noopener\" target=\"_blank\">US Open<\/a>:<\/p>\n<p class=\"contentpart contentpart--default contentpart--text\" data-position=\"6\">I runda gry pojedynczej:<\/p>\n<p class=\"contentpart contentpart--default contentpart--text\" data-position=\"7\"><a href=\"https:\/\/sportowefakty.wp.pl\/tenis\/julia-putnicewa\" rel=\"nofollow noopener\" target=\"_blank\">Julia Putincewa<\/a>\u00a0(Kazachstan) &#8211; <a href=\"https:\/\/sportowefakty.wp.pl\/tenis\/belinda-bencic\" rel=\"nofollow noopener\" target=\"_blank\">Belinda Benci\u0107<\/a>\u00a0(Szwajcaria, 12)\u00a04:6, 7:5, 6:3<br \/><a href=\"https:\/\/sportowefakty.wp.pl\/tenis\/mirra-andriejewa\" rel=\"nofollow noopener\" target=\"_blank\">Mirra Andriejewa<\/a>\u00a0(5) &#8211; <a href=\"https:\/\/sportowefakty.wp.pl\/tenis\/janice-tjen\" rel=\"nofollow noopener\" target=\"_blank\">Janice Tjen<\/a>\u00a0(Indonezja)\u00a06:2, 6:2<br \/><a href=\"https:\/\/sportowefakty.wp.pl\/tenis\/elise-mertens\" rel=\"nofollow noopener\" target=\"_blank\">Elise Mertens<\/a>\u00a0(Belgia, 23) &#8211; <a href=\"https:\/\/sportowefakty.wp.pl\/tenis\/kaitlin-quevedo\" rel=\"nofollow noopener\" target=\"_blank\">Kaitlin Quevedo<\/a>\u00a0(Hiszpania) 6:4, 6:4<\/p>\n<p>  <img decoding=\"async\" src=\"https:\/\/v.wpimg.pl\/X3dwLnN2d1IFFTpdYUl6R0ZNbgcnEHQREVV2TGEGbUtRT2MdOlZ2RBQUKABgQjQcDRotCStBd1IAAWMeIlM7VgwYIAorQAdEFFk_GCkQJQ\" alt=\"\" width=\"45\" height=\"58\" loading=\"lazy\"\/>  <\/p>\n<p class=\"contentpart contentpart--default contentpart--text\" data-position=\"8\">ZOBACZ WIDEO: Jeden obrazek z Maj\u0105 Chwali\u0144sk\u0105. &#8222;Ten widok \u0142amie serce&#8221;<\/p>\n","protected":false},"excerpt":{"rendered":"Wtorek (1 wrze\u015bnia) by\u0142 trzecim dniem rywalizacji w wielkoszlemowym US Open. Do gry wkroczy\u0142a mi\u0119dzy innymi Belinda Benci\u0107,&hellip;\n","protected":false},"author":2,"featured_media":661373,"comment_status":"","ping_status":"","sticky":false,"template":"","format":"standard","meta":{"footnotes":"","_share_on_mastodon":"0"},"categories":[24],"tags":[6074,6076,17370,41101,128610,3883,2384,42,38,40,39,41,127,126,156,102709,128609,71,37628,157],"class_list":["post-661372","post","type-post","status-publish","format-standard","has-post-thumbnail","category-sport","tag-belinda-bencic","tag-elise-mertens","tag-janice-tjen","tag-julia-putincewa","tag-kaitlin-quevedo","tag-mirra-andriejewa","tag-nowy-jork","tag-pl","tag-poland","tag-polish","tag-polska","tag-polski","tag-sport","tag-sports","tag-tenis","tag-us-open","tag-us-open-kobiety","tag-usa","tag-wielki-szlem","tag-wta"],"share_on_mastodon":{"url":"https:\/\/pubeurope.com\/@pl\/117199086930176287","error":""},"_links":{"self":[{"href":"https:\/\/www.europesays.com\/pl\/wp-json\/wp\/v2\/posts\/661372","targetHints":{"allow":["GET"]}}],"collection":[{"href":"https:\/\/www.europesays.com\/pl\/wp-json\/wp\/v2\/posts"}],"about":[{"href":"https:\/\/www.europesays.com\/pl\/wp-json\/wp\/v2\/types\/post"}],"author":[{"embeddable":true,"href":"https:\/\/www.europesays.com\/pl\/wp-json\/wp\/v2\/users\/2"}],"replies":[{"embeddable":true,"href":"https:\/\/www.europesays.com\/pl\/wp-json\/wp\/v2\/comments?post=661372"}],"version-history":[{"count":0,"href":"https:\/\/www.europesays.com\/pl\/wp-json\/wp\/v2\/posts\/661372\/revisions"}],"wp:featuredmedia":[{"embeddable":true,"href":"https:\/\/www.europesays.com\/pl\/wp-json\/wp\/v2\/media\/661373"}],"wp:attachment":[{"href":"https:\/\/www.europesays.com\/pl\/wp-json\/wp\/v2\/media?parent=661372"}],"wp:term":[{"taxonomy":"category","embeddable":true,"href":"https:\/\/www.europesays.com\/pl\/wp-json\/wp\/v2\/categories?post=661372"},{"taxonomy":"post_tag","embeddable":true,"href":"https:\/\/www.europesays.com\/pl\/wp-json\/wp\/v2\/tags?post=661372"}],"curies":[{"name":"wp","href":"https:\/\/api.w.org\/{rel}","templated":true}]}}