{"id":661384,"date":"2026-09-02T02:33:14","date_gmt":"2026-09-02T02:33:14","guid":{"rendered":"https:\/\/www.europesays.com\/pl\/661384\/"},"modified":"2026-09-02T02:33:14","modified_gmt":"2026-09-02T02:33:14","slug":"jablczynska-ujawnia-kulisy-rozmow-z-producentami-nigdy-w-zyciu-nigdy-na-to-nie-dostalam-odpowiedzi-plotek-pl","status":"publish","type":"post","link":"https:\/\/www.europesays.com\/pl\/661384\/","title":{"rendered":"Jab\u0142czy\u0144ska ujawnia kulisy rozm\u00f3w z producentami &#039;Nigdy w \u017cyciu&#039;. &#039;Nigdy na to nie dosta\u0142am odpowiedzi&#039; &#8211; Plotek.pl"},"content":{"rendered":"<ol>\n<li><a href=\"https:\/\/news.google.com\/rss\/articles\/CBMiwgFBVV95cUxQMXFpMkNfX3dRa2hhakJkcGF1VGlVakVtQmUtOHJqb1NqQ18wVXhhYVNXZHIzbWJHUHhZdFJ3MDlXbGM1X0h5aE5EZUw3V280UUpzYjdZcUFybWVOLTFkMnZKaHZLcnloZC1Bbm9IaDhBenRxNjJKenlCRXpBMmRnemtFOG1HV0ZKY2s1UmVwM1R1UV9PZHp2WnhjNjNBOGh6WWRFZDFJMUpQdmF6Y1lkNVgwUXZkODR3dXZFR2dfb1Y4Zw?oc=5\" target=\"_blank\" rel=\"nofollow noopener\">Jab\u0142czy\u0144ska ujawnia kulisy rozm\u00f3w z producentami 'Nigdy w \u017cyciu&#8217;. 'Nigdy na to nie dosta\u0142am odpowiedzi&#8217;<\/a>&nbsp;&nbsp;Plotek.pl<\/li>\n<li><a href=\"https:\/\/news.google.com\/rss\/articles\/CBMi1AFBVV95cUxQX3Z2dWFxeEpXUENLeE9JUHNVWUtCbGk0RWFLaHZub25GMzdrMUFGaEp4XzFPbGc5ajR2U1RUelc5VTN3UzZFTzBhRFRtWGNZUmVxOExUeGJ6NkRSRGFlZkhyTENoYVljREhnZTI2dnJXWGpyc20zU1V6dzYwejFSYkFTbU8wcVNHeTl0dUdEbURJQW03TWFKZko1Q2NTS0w1Z25TbHVNaVZ1SGNpbEl0WGpCV3lsblBaYkN0MHJfejV1N0laUmFEVFRCMXZWZ3dGS0pyeA?oc=5\" target=\"_blank\" rel=\"nofollow noopener\">Katarzyna Grochola usun\u0119\u0142a o\u015bwiadczenie. Joanna Jab\u0142czy\u0144ska apeluje do fan\u00f3w<\/a>&nbsp;&nbsp;Onet<\/li>\n<li><a href=\"https:\/\/news.google.com\/rss\/articles\/CBMivwFBVV95cUxOTi13THUtaVFyQzRRa0NvVkozTlR0bkhWdXNXbUFNb2xyRjR3MDN4RE9pNk9UQjlIbDlxNFByeGdTOVB6VnpubFlfeGJTQy1ya1k4M1UxTk9iWll4RmRJWVJSMHg2ZzhhMkdneWJTWUh5MlJ0NGF4SDljdjFnLVJKR0Rnd2xJWTl5UlFDZGFpRHQzbTlrTzVmUllDZHBUaGRXeUFKNTEtMFZVcER3UHMzTVRUbWVFZ2E1SEdSVVJxNA?oc=5\" target=\"_blank\" rel=\"nofollow noopener\">Przed laty te\u017c straci\u0142a rol\u0119 w serii &#8222;Nigdy w \u017cyciu&#8221;. &#8222;Mega bolesne&#8221;<\/a>&nbsp;&nbsp;Plotek.pl<\/li>\n<li><a href=\"https:\/\/news.google.com\/rss\/articles\/CBMipwFBVV95cUxNN21CS2FPaUVQdV9hd29tZjY4d0VNMjZSeHcwdkpjcGVqdDE3a0xDUGk0ZGlrcTFMMVhMY2d4TTZCa0o5NjhXSWtXVjh4LTBDS0sxWFpUMWEyWnNrZjFUdnN4a1ducEJqQktNVXZmLTNPSFV3Z2VyckxxWjFkZjBtWW05ZmdGekN4aVo1Y3hOZHExbkVnazN3Mnh0THlNTDlDTmJYVWU3WQ?oc=5\" target=\"_blank\" rel=\"nofollow noopener\">To nie koniec afery wok\u00f3\u0142 &#8222;Nigdy w \u017cyciu&#8221;. Joanna Jab\u0142czy\u0144ska wbija szpil\u0119<\/a>&nbsp;&nbsp;Plejada<\/li>\n<li><a href=\"https:\/\/news.google.com\/rss\/articles\/CBMirgFBVV95cUxOYXdNd0xvbVNSaXAweHJHSzZTM2RZZHVYQVVzQlliVEZSQXE5eEp3Mll5WGxJYXliVHB6THlkd1ExbGhWTXhkMjhZQmxxX0tseWVOUWRKaDJMNjJwaVlqYlhKYm50WXNieTJ1dTFkUld0VFBSc0YwOFJ2cTRDTldndUtuUi1XUVdQRGZ1WFE2NjJqNFIteFNuNC14ZXZIOFNfZk1RNUNyNHhfWEhiOXc?oc=5\" target=\"_blank\" rel=\"nofollow noopener\">Stanowcza reakcja Kaczorowskiej na afer\u0119 z Jab\u0142czy\u0144sk\u0105. Joanna nie pozostawi\u0142a tego bez odpowiedzi<\/a>&nbsp;&nbsp;Pomponik<\/li>\n<\/ol>\n","protected":false},"excerpt":{"rendered":"Jab\u0142czy\u0144ska ujawnia kulisy rozm\u00f3w z producentami 'Nigdy w \u017cyciu&#8217;. 'Nigdy na to nie dosta\u0142am odpowiedzi&#8217;&nbsp;&nbsp;Plotek.pl Katarzyna Grochola usun\u0119\u0142a&hellip;\n","protected":false},"author":2,"featured_media":661385,"comment_status":"","ping_status":"","sticky":false,"template":"","format":"standard","meta":{"footnotes":"","_share_on_mastodon":"0"},"categories":[5],"tags":[32,33,36,37,27,34,35,28,31,25,42,38,40,39,41,29,30,26],"class_list":["post-661384","post","type-post","status-publish","format-standard","has-post-thumbnail","category-naglowki","tag-breaking-news","tag-breakingnews","tag-featured-news","tag-featurednews","tag-headlines","tag-latest-news","tag-latestnews","tag-naglowki","tag-najwazniejsze-artykuly","tag-news","tag-pl","tag-poland","tag-polish","tag-polska","tag-polski","tag-top-stories","tag-topstories","tag-wiadomosci"],"share_on_mastodon":{"url":"https:\/\/pubeurope.com\/@pl\/117199110525033152","error":""},"_links":{"self":[{"href":"https:\/\/www.europesays.com\/pl\/wp-json\/wp\/v2\/posts\/661384","targetHints":{"allow":["GET"]}}],"collection":[{"href":"https:\/\/www.europesays.com\/pl\/wp-json\/wp\/v2\/posts"}],"about":[{"href":"https:\/\/www.europesays.com\/pl\/wp-json\/wp\/v2\/types\/post"}],"author":[{"embeddable":true,"href":"https:\/\/www.europesays.com\/pl\/wp-json\/wp\/v2\/users\/2"}],"replies":[{"embeddable":true,"href":"https:\/\/www.europesays.com\/pl\/wp-json\/wp\/v2\/comments?post=661384"}],"version-history":[{"count":0,"href":"https:\/\/www.europesays.com\/pl\/wp-json\/wp\/v2\/posts\/661384\/revisions"}],"wp:featuredmedia":[{"embeddable":true,"href":"https:\/\/www.europesays.com\/pl\/wp-json\/wp\/v2\/media\/661385"}],"wp:attachment":[{"href":"https:\/\/www.europesays.com\/pl\/wp-json\/wp\/v2\/media?parent=661384"}],"wp:term":[{"taxonomy":"category","embeddable":true,"href":"https:\/\/www.europesays.com\/pl\/wp-json\/wp\/v2\/categories?post=661384"},{"taxonomy":"post_tag","embeddable":true,"href":"https:\/\/www.europesays.com\/pl\/wp-json\/wp\/v2\/tags?post=661384"}],"curies":[{"name":"wp","href":"https:\/\/api.w.org\/{rel}","templated":true}]}}