{"id":661398,"date":"2026-09-02T02:44:48","date_gmt":"2026-09-02T02:44:48","guid":{"rendered":"https:\/\/www.europesays.com\/pl\/661398\/"},"modified":"2026-09-02T02:44:48","modified_gmt":"2026-09-02T02:44:48","slug":"12-strazakow-z-naszego-regionu-wrocilo-z-hiszpanii-wspierali-walke-z-poteznymi-pozarami","status":"publish","type":"post","link":"https:\/\/www.europesays.com\/pl\/661398\/","title":{"rendered":"12 stra\u017cak\u00f3w z naszego regionu wr\u00f3ci\u0142o z Hiszpanii. Wspierali walk\u0119 z pot\u0119\u017cnymi po\u017carami"},"content":{"rendered":"<p>Stra\u017cacy byli zaanga\u017cowani w dzia\u0142ania zwi\u0105zane z prepozycjonowaniem polskiego modu\u0142u GFFF Poland na terenie Hiszpanii. Ich zadaniem by\u0142o pozostawanie w gotowo\u015bci do szybkiego podj\u0119cia dzia\u0142a\u0144 w przypadku wyst\u0105pienia rozleg\u0142ych po\u017car\u00f3w las\u00f3w i teren\u00f3w zielonych.<\/p>\n<p>W sk\u0142ad polskiego modu\u0142u weszli stra\u017cacy z r\u00f3\u017cnych cz\u0119\u015bci kraju. W\u015br\u00f3d nich by\u0142o 12 funkcjonariuszy z naszego regionu, tworz\u0105cych grup\u0119 GFFF Lublin.<\/p>\n<p>Ich udzia\u0142 w zagranicznej misji by\u0142 nie tylko okazj\u0105 do niesienia pomocy, ale r\u00f3wnie\u017c do zdobywania do\u015bwiadcze\u0144, doskonalenia umiej\u0119tno\u015bci oraz wymiany wiedzy z zagranicznymi s\u0142u\u017cbami.<\/p>\n<p>Po zako\u0144czeniu s\u0142u\u017cby ostatnia zmiana polskich stra\u017cak\u00f3w wr\u00f3ci\u0142a do kraju. Na lotnisku w Krakowie funkcjonariuszy powita\u0142 zast\u0119pca komendanta g\u0142\u00f3wnego PSP nadbryg. S\u0142awomir Sierpatowski. Podzi\u0119kowa\u0142 im za profesjonalizm, zaanga\u017cowanie oraz godne reprezentowanie Polski i Pa\u0144stwowej Stra\u017cy Po\u017carnej podczas mi\u0119dzynarodowych dzia\u0142a\u0144.<\/p>\n<p>Po powitaniu stra\u017cacy udali si\u0119 do swoich macierzystych jednostek.<\/p>\n<p>Polscy stra\u017cacy gotowi do walki z \u017cywio\u0142em<\/p>\n<p>Modu\u0142y GFFF, czyli Ground Forest Fire Fighting, to wyspecjalizowane zespo\u0142y Pa\u0144stwowej Stra\u017cy Po\u017carnej przygotowane do prowadzenia dzia\u0142a\u0144 podczas wielkopowierzchniowych po\u017car\u00f3w las\u00f3w i teren\u00f3w zielonych.<\/p>\n<p>Stra\u017cacy wyposa\u017ceni s\u0105 w specjalistyczny sprz\u0119t umo\u017cliwiaj\u0105cy prowadzenie dzia\u0142a\u0144 w wymagaj\u0105cym terenie. Ich zadania mog\u0105 obejmowa\u0107 bezpo\u015bredni\u0105 walk\u0119 z ogniem, zabezpieczanie zagro\u017conych obszar\u00f3w oraz ograniczanie mo\u017cliwo\u015bci dalszego rozprzestrzeniania si\u0119 po\u017caru.<\/p>\n<p>Do\u015bwiadczenie zdobywane podczas zagranicznych misji ma znaczenie r\u00f3wnie\u017c dla bezpiecze\u0144stwa w Polsce. Po\u017cary wielkopowierzchniowe stanowi\u0105 powa\u017cne zagro\u017cenie, a ich skuteczne opanowanie wymaga odpowiedniego przygotowania, sprz\u0119tu i wsp\u00f3\u0142pracy wielu s\u0142u\u017cb.<\/p>\n<p>Do\u015bwiadczenie, kt\u00f3re zostanie w Polsce<\/p>\n<p>Udzia\u0142 modu\u0142u GFFF Poland w dzia\u0142aniach na terenie Hiszpanii by\u0142 tak\u017ce wa\u017cnym elementem wymiany do\u015bwiadcze\u0144 mi\u0119dzy europejskimi s\u0142u\u017cbami ratowniczymi.<\/p>\n<p>Stra\u017cacy mieli mo\u017cliwo\u015b\u0107 poznania sposobu organizacji dzia\u0142a\u0144, stosowanych rozwi\u0105za\u0144 oraz wsp\u00f3\u0142pracy z funkcjonariuszami z innych pa\u0144stw. Zdobyta wiedza i umiej\u0119tno\u015bci mog\u0105 w przysz\u0142o\u015bci zosta\u0107 wykorzystane podczas dzia\u0142a\u0144 prowadzonych w Polsce.<\/p>\n<p>To w\u0142a\u015bnie jeden z najwa\u017cniejszych efekt\u00f3w mi\u0119dzynarodowych misji. Pomoc udzielana innym pa\u0144stwom jednocze\u015bnie pozwala polskim stra\u017cakom podnosi\u0107 swoje kwalifikacje i jeszcze lepiej przygotowywa\u0107 si\u0119 do reagowania na zagro\u017cenia.<\/p>\n<p>Hiszpania walczy z po\u017carami<\/p>\n<p>Hiszpania od kilku dni zmaga si\u0119 z rozleg\u0142ymi po\u017carami las\u00f3w i teren\u00f3w zielonych. W dzia\u0142aniach uczestnicz\u0105 miejscowe s\u0142u\u017cby, a tak\u017ce stra\u017cacy z innych europejskich pa\u0144stw.<\/p>\n<p>Polskie modu\u0142y GFFF s\u0105 wykorzystywane w ramach mi\u0119dzynarodowej wsp\u00f3\u0142pracy ratowniczej. Mog\u0105 zosta\u0107 skierowane tam, gdzie skala zagro\u017cenia wymaga dodatkowych si\u0142 oraz specjalistycznych mo\u017cliwo\u015bci.<\/p>\n<p>    Galeria zdj\u0119\u0107<\/p>\n<p>                                    <img decoding=\"async\" class=\"gallery-item\" src=\"https:\/\/www.europesays.com\/pl\/wp-content\/uploads\/2026\/09\/medium-144c59.jpg\" loading=\"lazy\" width=\"1600\" height=\"900\"\/><\/p>\n<p>            Zdj\u0119cie 1 z 19<\/p>\n<p>                                    <img decoding=\"async\" class=\"gallery-item\" src=\"https:\/\/www.europesays.com\/pl\/wp-content\/uploads\/2026\/09\/medium-144c64.jpg\" loading=\"lazy\" width=\"1600\" height=\"1066\"\/><\/p>\n<p>            Zdj\u0119cie 2 z 19<\/p>\n<p>                                    <img decoding=\"async\" class=\"gallery-item\" src=\"https:\/\/www.europesays.com\/pl\/wp-content\/uploads\/2026\/09\/medium-144c65.jpg\" loading=\"lazy\" width=\"1600\" height=\"1066\"\/><\/p>\n<p>            Zdj\u0119cie 3 z 19<\/p>\n<p>                                    <img decoding=\"async\" class=\"gallery-item\" src=\"https:\/\/www.europesays.com\/pl\/wp-content\/uploads\/2026\/09\/medium-144c62.jpg\" loading=\"lazy\" width=\"1600\" height=\"1066\"\/><\/p>\n<p>            Zdj\u0119cie 4 z 19<\/p>\n<p>                                    <img decoding=\"async\" class=\"gallery-item\" src=\"https:\/\/www.europesays.com\/pl\/wp-content\/uploads\/2026\/09\/medium-144c61.jpg\" loading=\"lazy\" width=\"2048\" height=\"1366\"\/><\/p>\n<p>            Zdj\u0119cie 5 z 19<\/p>\n<p>\n                                    <a href=\"https:\/\/www.google.com\/preferences\/source?q=lublin112.pl\" target=\"_blank\" rel=\"noopener noreferrer nofollow\" onclick=\"if (!window.__cfRLUnblockHandlers) return false; gtag(&#039;event&#039;, &#039;google_preferred_source_click&#039;, {&#010;                                           &#039;link_url&#039;: this.href,&#010;                                           &#039;link_text&#039;: &#039;Ustaw lublin112.pl jako preferowane \u017ar\u00f3d\u0142o&#039;&#010;                                       });\" style=\"text-align:center;display:block;\" data-cf-modified-f9bb5d0e9ddd9c421a19f504-=\"\"><br \/>\n                                        <img decoding=\"async\" src=\"https:\/\/www.europesays.com\/pl\/wp-content\/uploads\/2026\/09\/1788317088_688_lublin112-google-source.webp\" alt=\"Ustaw lublin112.pl jako preferowane \u017ar\u00f3d\u0142o w Google\" style=\"max-width: 70%;\"\/><br \/>\n                                    <\/a><br \/>\n                                    <\/p>\n","protected":false},"excerpt":{"rendered":"Stra\u017cacy byli zaanga\u017cowani w dzia\u0142ania zwi\u0105zane z prepozycjonowaniem polskiego modu\u0142u GFFF Poland na terenie Hiszpanii. Ich zadaniem by\u0142o&hellip;\n","protected":false},"author":2,"featured_media":661399,"comment_status":"","ping_status":"","sticky":false,"template":"","format":"standard","meta":{"footnotes":"","_share_on_mastodon":"0"},"categories":[51612],"tags":[93984,267,1081,128613,28018,42,38,40,39,41,46980,114114,17671,7891,75779],"class_list":["post-661398","post","type-post","status-publish","format-standard","has-post-thumbnail","category-lublin","tag-gfff-lublin","tag-hiszpania","tag-lublin","tag-miedzynarodowa-misja","tag-panstwowa-straz-pozarna","tag-pl","tag-poland","tag-polish","tag-polska","tag-polski","tag-pozary","tag-pozary-lasow","tag-psp","tag-straz-pozarna","tag-strazacy"],"share_on_mastodon":{"url":"https:\/\/pubeurope.com\/@pl\/117199158750397385","error":""},"_links":{"self":[{"href":"https:\/\/www.europesays.com\/pl\/wp-json\/wp\/v2\/posts\/661398","targetHints":{"allow":["GET"]}}],"collection":[{"href":"https:\/\/www.europesays.com\/pl\/wp-json\/wp\/v2\/posts"}],"about":[{"href":"https:\/\/www.europesays.com\/pl\/wp-json\/wp\/v2\/types\/post"}],"author":[{"embeddable":true,"href":"https:\/\/www.europesays.com\/pl\/wp-json\/wp\/v2\/users\/2"}],"replies":[{"embeddable":true,"href":"https:\/\/www.europesays.com\/pl\/wp-json\/wp\/v2\/comments?post=661398"}],"version-history":[{"count":0,"href":"https:\/\/www.europesays.com\/pl\/wp-json\/wp\/v2\/posts\/661398\/revisions"}],"wp:featuredmedia":[{"embeddable":true,"href":"https:\/\/www.europesays.com\/pl\/wp-json\/wp\/v2\/media\/661399"}],"wp:attachment":[{"href":"https:\/\/www.europesays.com\/pl\/wp-json\/wp\/v2\/media?parent=661398"}],"wp:term":[{"taxonomy":"category","embeddable":true,"href":"https:\/\/www.europesays.com\/pl\/wp-json\/wp\/v2\/categories?post=661398"},{"taxonomy":"post_tag","embeddable":true,"href":"https:\/\/www.europesays.com\/pl\/wp-json\/wp\/v2\/tags?post=661398"}],"curies":[{"name":"wp","href":"https:\/\/api.w.org\/{rel}","templated":true}]}}