{"id":661406,"date":"2026-09-02T02:49:27","date_gmt":"2026-09-02T02:49:27","guid":{"rendered":"https:\/\/www.europesays.com\/pl\/661406\/"},"modified":"2026-09-02T02:49:27","modified_gmt":"2026-09-02T02:49:27","slug":"miejsca-na-wycieczki-rowerowe-w-okolicy-lodzi-poznaj-ciekawe-sciezki","status":"publish","type":"post","link":"https:\/\/www.europesays.com\/pl\/661406\/","title":{"rendered":"Miejsca na wycieczki rowerowe w okolicy \u0141odzi. Poznaj ciekawe \u015bcie\u017cki"},"content":{"rendered":"<p><img decoding=\"async\" loading=\"eager\" fetchpriority=\"high\" class=\"atomsArticleGalleryImage__mainImg\" src=\"https:\/\/www.europesays.com\/pl\/wp-content\/uploads\/2026\/09\/1788317367_815_il20260320_959849059_medium.jpg\" alt=\"Wiesz, &#x17C;e w odleg&#x142;o&#x15B;ci 6.0 km od &#x141;odzi jest mn&#xF3;stwo ciekawych tras rowerowych?\" width=\"1600\" height=\"1032\"\/><\/p>\n<p>\n        Wiesz, \u017ce w odleg\u0142o\u015bci 6.0 km od \u0141odzi jest mn\u00f3stwo ciekawych tras rowerowych?<\/p>\n<p>          fot. lzf\/Getty Images\n        <\/p>\n<p>Rozwa\u017casz tras\u0119 rowerow\u0105 w okolicy \u0141odzi? Podpowiadamy, gdzie warto si\u0119 wybra\u0107. Wybrali\u015bmy 5 ciekawych propozycji tras. Maj\u0105 r\u00f3\u017cne stopnie trudno\u015bci czy odleg\u0142o\u015bci, dzi\u0119ki temu ka\u017cdy powinien znale\u017a\u0107 co\u015b dla siebie. Wsp\u00f3lnie z Traseo proponujemy Wam 5 tras na wypraw\u0119 rowerow\u0105 w odleg\u0142o\u015bci do 6.0 km od \u0141odzi. Co tydzie\u0144 wybieramy inny zestaw. Zobacz, jakie trasy rowerowe w pobli\u017cu \u0141odzi proponujemy na weekend.<\/p>\n","protected":false},"excerpt":{"rendered":"Wiesz, \u017ce w odleg\u0142o\u015bci 6.0 km od \u0141odzi jest mn\u00f3stwo ciekawych tras rowerowych? fot. lzf\/Getty Images Rozwa\u017casz tras\u0119&hellip;\n","protected":false},"author":2,"featured_media":661407,"comment_status":"","ping_status":"","sticky":false,"template":"","format":"standard","meta":{"footnotes":"","_share_on_mastodon":"0"},"categories":[51608],"tags":[3652,42,38,40,39,41,23859,101816],"class_list":["post-661406","post","type-post","status-publish","format-standard","has-post-thumbnail","category-lodz","tag-lodz","tag-pl","tag-poland","tag-polish","tag-polska","tag-polski","tag-rower","tag-trasy-turystyczne"],"share_on_mastodon":{"url":"https:\/\/pubeurope.com\/@pl\/117199174371819455","error":""},"_links":{"self":[{"href":"https:\/\/www.europesays.com\/pl\/wp-json\/wp\/v2\/posts\/661406","targetHints":{"allow":["GET"]}}],"collection":[{"href":"https:\/\/www.europesays.com\/pl\/wp-json\/wp\/v2\/posts"}],"about":[{"href":"https:\/\/www.europesays.com\/pl\/wp-json\/wp\/v2\/types\/post"}],"author":[{"embeddable":true,"href":"https:\/\/www.europesays.com\/pl\/wp-json\/wp\/v2\/users\/2"}],"replies":[{"embeddable":true,"href":"https:\/\/www.europesays.com\/pl\/wp-json\/wp\/v2\/comments?post=661406"}],"version-history":[{"count":0,"href":"https:\/\/www.europesays.com\/pl\/wp-json\/wp\/v2\/posts\/661406\/revisions"}],"wp:featuredmedia":[{"embeddable":true,"href":"https:\/\/www.europesays.com\/pl\/wp-json\/wp\/v2\/media\/661407"}],"wp:attachment":[{"href":"https:\/\/www.europesays.com\/pl\/wp-json\/wp\/v2\/media?parent=661406"}],"wp:term":[{"taxonomy":"category","embeddable":true,"href":"https:\/\/www.europesays.com\/pl\/wp-json\/wp\/v2\/categories?post=661406"},{"taxonomy":"post_tag","embeddable":true,"href":"https:\/\/www.europesays.com\/pl\/wp-json\/wp\/v2\/tags?post=661406"}],"curies":[{"name":"wp","href":"https:\/\/api.w.org\/{rel}","templated":true}]}}