{"id":661410,"date":"2026-09-02T02:51:31","date_gmt":"2026-09-02T02:51:31","guid":{"rendered":"https:\/\/www.europesays.com\/pl\/661410\/"},"modified":"2026-09-02T02:51:31","modified_gmt":"2026-09-02T02:51:31","slug":"odra-opole-wisla-krakow-relacja-na-zywo","status":"publish","type":"post","link":"https:\/\/www.europesays.com\/pl\/661410\/","title":{"rendered":"Odra Opole &#8211; Wis\u0142a Krak\u00f3w [RELACJA NA \u017bYWO]"},"content":{"rendered":"<p><a href=\"https:\/\/przegladsportowy.onet.pl\/\" title=\"Strona g\u0142\u00f3wna serwisu\" aria-label=\"Strona g\u0142\u00f3wna serwisu\" data-astro-prefetch=\"tap\" class=\"ods-a-logo-main\" rel=\"nofollow noopener\" target=\"_blank\"><img src=\"https:\/\/cdn.przegladsportowy.onet.pl\/img\/Logo_desktop_Onet.svg\" class=\"ods-a-logo-main__image\" alt=\"Logo\" width=\"107\" height=\"60\" fetchpriority=\"high\" decoding=\"sync\" style=\"height:60px\"\/><\/a><a href=\"https:\/\/przegladsportowy.onet.pl\/\" title=\"Strona g\u0142\u00f3wna serwisu\" aria-label=\"Strona g\u0142\u00f3wna serwisu\" class=\"ods-a-logo-brand\" rel=\"nofollow noopener\" target=\"_blank\"><img src=\"https:\/\/cdn.przegladsportowy.onet.pl\/img\/Logo_desktop_Przeglad-Sportowy.svg\" class=\"ods-a-logo-brand__image\" alt=\"Logo serwisu\" width=\"96\" height=\"62\" fetchpriority=\"high\" decoding=\"sync\"\/><\/a><a href=\"https:\/\/przegladsportowy.onet.pl\/\" class=\"ods-a-link--breadcrumb ods-a-link--breadcrumb--light\" rel=\"nofollow noopener\" target=\"_blank\"><\/a><a href=\"https:\/\/przegladsportowy.onet.pl\/pilka-nozna\" class=\"ods-a-link--breadcrumb ods-a-link--breadcrumb--light\" rel=\"nofollow noopener\" target=\"_blank\">Pi\u0142ka no\u017cna<\/a>Odra Opole &#8211; Wis\u0142a Krak\u00f3w [RELACJA NA \u017bYWO]<\/p>\n<p class=\"ods-a-lead-text\">To b\u0119dzie wielka bitwa mi\u0119dzy wieloletnim pierwszoligowcem, a beniaminkiem PKO Ekstraklasy. W meczu Odry Opole z Wis\u0142\u0105 Krak\u00f3w faworyt jest jeden.<\/p>\n<p><img class=\"ods-a-photo ods-a-photo--background\" src=\"https:\/\/www.europesays.com\/pl\/wp-content\/uploads\/2026\/09\/EZ7k9lGaHR0cHM6Ly9vY2RuLmV1L3B1bHNjbXMvTURBXy80M2NiNWE3ZS04YzY3LTQ2OWYtYjczZi01MTFmNzEzYzU5ZTQuanBlZ.jpeg\"   height=\"489\" width=\"870\" alt=\"26829525 - PI\u0141KA NO\u017bNA EKSTRAKLASA WIS\u0141A KRAK\u00d3W WIECZYSTA KRAK\u00d3W (James Igbekeme Jordi Sanchez Marko Bozic)\" fetchpriority=\"high\" decoding=\"auto\" url=\"https:\/\/ocdn.eu\/pulscms\/MDA_\/43cb5a7e-8c67-469f-b73f-511f713c59e4.jpeg\" description=\"26829525 - PI\u0141KA NO\u017bNA EKSTRAKLASA WIS\u0141A KRAK\u00d3W WIECZYSTA KRAK\u00d3W (James Igbekeme Jordi Sanchez Marko Bozic)\" author=\"PAP\/\u0141ukasz G\u0105gulski\" source=\"\"\/><\/p>\n<p>PAP\/\u0141ukasz G\u0105gulski<\/p>\n<p>26829525 &#8211; PI\u0141KA NO\u017bNA EKSTRAKLASA WIS\u0141A KRAK\u00d3W WIECZYSTA KRAK\u00d3W (James Igbekeme Jordi Sanchez Marko Bozic)<\/p>\n<p>Wis\u0142a po powrocie do Ekstraklasy gra w kratk\u0119. W sze\u015bciu kolejkach trzykrotnie cieszy\u0142a si\u0119 z trzech punkt\u00f3w &#8211; w spotkaniach z GKS-em Katowice, Wis\u0142\u0105 P\u0142ock i Wieczyst\u0105 Krak\u00f3w. Jest w tej chwili trzecia w tabeli, cho\u0107 dru\u017cyny za jej plecami rozegra\u0142y mniej spotka\u0144.<\/p>\n<p>Odra na razie tak\u017ce nie mo\u017ce odnale\u017a\u0107 dobrego rytmu i przeplata dobre mecze s\u0142abszymi. To jednak Wis\u0142a b\u0119dzie zdecydowanym faworytem starcia w Pucharze Polski. <\/p>\n<p><a href=\"https:\/\/przegladsportowy.onet.pl\/\" title=\"Strona g\u0142\u00f3wna serwisu\" aria-label=\"Strona g\u0142\u00f3wna serwisu\" data-astro-prefetch=\"tap\" class=\"ods-a-logo-main-desktop\" rel=\"nofollow noopener\" target=\"_blank\"><img src=\"https:\/\/cdn.przegladsportowy.onet.pl\/img\/Logo_desktop_Onet.svg\" class=\"ods-a-logo-main-desktop__image\" alt=\"Logo\" width=\"107\" height=\"60\" fetchpriority=\"high\" decoding=\"sync\" style=\"height:60px\"\/><\/a><\/p>\n<p class=\"ods-m-google-article__text\">Czytaj nas cz\u0119\u015bciej w Google<\/p>\n<p><a href=\"https:\/\/google.com\/preferences\/source?q=przegladsportowy.onet.pl\" target=\"_blank\" rel=\"noopener noreferrer nofollow\" aria-label=\"Dodaj w Google\" title=\"Dodaj w Google\" class=\"ods-a-button ods-a-button__primary ods-a-button__default ods-a-button-l\">Dodaj w Google<\/a><\/p>\n<p>Pocz\u0105tek we wtorek, 1 wrze\u015bnia o godzinie 17:30.<\/p>\n<p>Data utworzenia:1 wrze\u015bnia 2026, 17:30<\/p>\n<p><img loading=\"lazy\" class=\"ods-a-photo ods-a-author-avatar__single__img\" src=\"https:\/\/www.europesays.com\/pl\/wp-content\/uploads\/2026\/09\/1788317490_937_MT4k9k_aHR0cHM6Ly9jZG4ucHJ6ZWdsYWRzcG9ydG93eS5vbmV0LnBsL2ltZy9hdmF0YXJfcGxhY2Vob2xkZXIucG5nkZMFzLTMt.jpeg\" height=\"90\" width=\"90\" alt=\"Autor Micha\u0142 Stomp\u00f3r\" fetchpriority=\"auto\" decoding=\"auto\"\/>Materia\u0142 promocyjny<a href=\"\" class=\"ods-o-card__link ods-o-card__link--media\" data-lps-url=\"true\" data-uuid-ui=\"\" data-astro-prefetch=\"tap\"><img class=\"ods-a-photo ods-a-photo--background\" height=\"170\" width=\"300\" loading=\"lazy\" fetchpriority=\"auto\" decoding=\"async\"\/><\/a><\/p>\n<p class=\"ods-c-modal-premium__title\">To jest materia\u0142Premium<\/p>\n<p class=\"ods-c-modal-premium__subtitle\">Do\u0142\u0105cz\u00a0do\u00a0Premium i\u00a0odblokuj\u00a0wszystkie\u00a0funkcje dla\u00a0materia\u0142\u00f3w\u00a0Premium:<\/p>\n<p class=\"ods-c-modal-premium__subtitle\">\u2713czytaj\u2713s\u0142uchaj\u2713skracaj<\/p>\n<p><a href=\"#\" class=\"ods-c-modal-premium__button\">Do\u0142\u0105cz do premium<\/a><\/p>\n<p>Odpowied\u017a na pytanie przygotowana przez Onet Czat z AI:<\/p>\n<p>Co\u015b posz\u0142o nie tak.Spr\u00f3buj ponownie p\u00f3\u017aniej.<\/p>\n<p>Wyczerpa\u0142e\u015b dzienny limit konwersacji z Onet Czatem z AI.Spr\u00f3buj ponownie jutro. Pami\u0119taj, \u017ce wci\u0105\u017c mo\u017cesz korzysta\u0107 z tre\u015bci na Onecie!<\/p>\n<p><img class=\"ods-a-photo ods-a-photo--background\" src=\"https:\/\/cdn.przegladsportowy.onet.pl\/1\/hoJk9lBaHR0cHM6Ly9vY2RuLmV1L3B1bHNjbXMvTURBXy9kNWI2ZDk3NmI3MWM4YWNlNTQ3ZDM3M2QyNDI5MmE3My5wbmeRkwUCAt4AAqEwB6ExBA\" height=\"1\" width=\"1\" alt=\"-\" loading=\"lazy\" fetchpriority=\"low\" decoding=\"auto\" url=\"https:\/\/ocdn.eu\/pulscms\/MDA_\/d5b6d976b71c8ace547d373d24292a73.png\" description=\"\" author=\"-\" source=\"-\"\/><\/p>\n<p>&#8211; \/ &#8211;<\/p>\n<p><img class=\"ods-a-photo ods-a-author-avatar__double__img\" height=\"24\" width=\"24\" alt=\"Autor 1, Autor 2\" fetchpriority=\"auto\" decoding=\"auto\"\/><img class=\"ods-a-photo ods-a-author-avatar__double__img\" height=\"24\" width=\"24\" alt=\"Autor 1, Autor 2\" fetchpriority=\"auto\" decoding=\"auto\"\/>Zesp\u00f3\u0142 dziennikarzy<\/p>\n","protected":false},"excerpt":{"rendered":"Pi\u0142ka no\u017cnaOdra Opole &#8211; Wis\u0142a Krak\u00f3w [RELACJA NA \u017bYWO] To b\u0119dzie wielka bitwa mi\u0119dzy wieloletnim pierwszoligowcem, a beniaminkiem&hellip;\n","protected":false},"author":2,"featured_media":661411,"comment_status":"","ping_status":"","sticky":false,"template":"","format":"standard","meta":{"footnotes":"","_share_on_mastodon":"0"},"categories":[51606],"tags":[128289,61195,1304,48,25047,46,948,42,38,40,39,41,4773,47,2354],"class_list":["post-661410","post","type-post","status-publish","format-standard","has-post-thumbnail","category-krakow","tag-adshield_tst0","tag-bottomfeed_styl","tag-krakow","tag-nat_styl","tag-odra_opole","tag-omp","tag-pilka_nozna","tag-pl","tag-poland","tag-polish","tag-polska","tag-polski","tag-puchar_polski","tag-screening_general","tag-wisla_krakow"],"share_on_mastodon":{"url":"https:\/\/pubeurope.com\/@pl\/117199182274782021","error":""},"_links":{"self":[{"href":"https:\/\/www.europesays.com\/pl\/wp-json\/wp\/v2\/posts\/661410","targetHints":{"allow":["GET"]}}],"collection":[{"href":"https:\/\/www.europesays.com\/pl\/wp-json\/wp\/v2\/posts"}],"about":[{"href":"https:\/\/www.europesays.com\/pl\/wp-json\/wp\/v2\/types\/post"}],"author":[{"embeddable":true,"href":"https:\/\/www.europesays.com\/pl\/wp-json\/wp\/v2\/users\/2"}],"replies":[{"embeddable":true,"href":"https:\/\/www.europesays.com\/pl\/wp-json\/wp\/v2\/comments?post=661410"}],"version-history":[{"count":0,"href":"https:\/\/www.europesays.com\/pl\/wp-json\/wp\/v2\/posts\/661410\/revisions"}],"wp:featuredmedia":[{"embeddable":true,"href":"https:\/\/www.europesays.com\/pl\/wp-json\/wp\/v2\/media\/661411"}],"wp:attachment":[{"href":"https:\/\/www.europesays.com\/pl\/wp-json\/wp\/v2\/media?parent=661410"}],"wp:term":[{"taxonomy":"category","embeddable":true,"href":"https:\/\/www.europesays.com\/pl\/wp-json\/wp\/v2\/categories?post=661410"},{"taxonomy":"post_tag","embeddable":true,"href":"https:\/\/www.europesays.com\/pl\/wp-json\/wp\/v2\/tags?post=661410"}],"curies":[{"name":"wp","href":"https:\/\/api.w.org\/{rel}","templated":true}]}}