{"id":661432,"date":"2026-09-02T03:03:16","date_gmt":"2026-09-02T03:03:16","guid":{"rendered":"https:\/\/www.europesays.com\/pl\/661432\/"},"modified":"2026-09-02T03:03:16","modified_gmt":"2026-09-02T03:03:16","slug":"lekcje-od-710-dla-szostoklasistki-rodzice-oburzeni-i-pytaja-o-obietnice-men","status":"publish","type":"post","link":"https:\/\/www.europesays.com\/pl\/661432\/","title":{"rendered":"Lekcje od 7:10 dla sz\u00f3stoklasistki. Rodzice oburzeni i pytaj\u0105 o obietnice MEN"},"content":{"rendered":"<p class=\"article-p\" data-section=\"detail-body\">Jak podkre\u015bla, taki uk\u0142ad zaj\u0119\u0107 jest ca\u0142kowicie niedostosowany do potrzeb dzieci wkraczaj\u0105cych w okres dojrzewania. \u2014 Czy cztery dni w tygodniu na 7:10 rano dla sz\u00f3stoklasisty to naprawd\u0119 dobry i higieniczny plan lekcji? To, \u017ce czego\u015b prawo wprost nie zabrania, nie oznacza jeszcze, \u017ce jest to dobre dla dziecka \u2014 zauwa\u017ca Agata Jagodzi\u0144ska.<\/p>\n<p class=\"article-p\" data-section=\"detail-body\">Czytaj te\u017c: <a href=\"https:\/\/www.fakt.pl\/pieniadze\/donald-tusk-byl-cukiernikiem-premier-zdradzil-czym-zajmowal-sie-w-mlodosci\/gc1ztyh\" id=\"91a21926-b7ae-4b43-bcec-0b1e030980e9\" rel=\"nofollow noopener\" target=\"_blank\">Tusk zaskoczy\u0142 uczni\u00f3w. Ma\u0142o kto wiedzia\u0142, czym kiedy\u015b si\u0119 zajmowa\u0142<\/a><\/p>\n<p>        Dalszy ci\u0105g artyku\u0142u pod materia\u0142em wideo <\/p>\n<p>        Za ma\u0142o sal w szkole, dzieci musz\u0105 wstawa\u0107 wcze\u015bniej<\/p>\n<p class=\"article-p\" data-section=\"detail-body\">W zesz\u0142ym roku szkolnym sytuacja wygl\u0105da\u0142a inaczej. \u2014 Tylko jednego dnia c\u00f3rka mia\u0142a zaj\u0119cia na 7:10. Ju\u017c wtedy mieli\u015bmy z tym problemy \u2014 na pierwszej lekcji by\u0142 WF, a na kolejnych m.in. matematyka. Je\u015bli by\u0142y wtedy kartk\u00f3wki, zwykle dostawa\u0142a s\u0142absze oceny \u2014 wspomina nasza rozm\u00f3wczyni.<\/p>\n<p class=\"article-p\" data-section=\"detail-body\">Agata Jagodzi\u0144ska wyja\u015bnia, \u017ce do szko\u0142y doje\u017cd\u017caj\u0105 10\u201315 minut. Jednak inni maj\u0105 dalej. \u2013 Wypada\u0142oby, by przed wyj\u015bciem do szko\u0142y dziecko zjad\u0142a \u015bniadanie. Przy tak wczesnym rozpocz\u0119ciu lekcji b\u0119d\u0105 wstawia\u0107 o godz. 5:30, by zd\u0105\u017cy\u0107 na lekcje? \u2013 dopytuje.<\/p>\n<p class=\"article-p\" data-section=\"detail-body\">Sprawa zbulwersowa\u0142a nie tylko j\u0105, ale te\u017c innych rodzic\u00f3w. Kiedy chcieli dowiedzie\u0107 si\u0119, sk\u0105d taki grafik, us\u0142yszeli od wychowawcy, \u017ce w plac\u00f3wce brakuje sal, by wszystkie dzieci mog\u0142y zaczyna\u0107 nauk\u0119 o p\u00f3\u017aniejszych godzinach.<\/p>\n<p class=\"article-p\" data-section=\"detail-body\">Czytaj te\u017c: <a href=\"https:\/\/www.fakt.pl\/pieniadze\/tyle-chca-zarabiac-nauczyciele-problemem-nie-tylko-pensja-to-jest-cyrk\/ygyv1q6\" id=\"174c9e3a-6a73-4d99-a8c9-65b08bb3d649\" rel=\"nofollow noopener\" target=\"_blank\">Tyle chc\u0105 zarabia\u0107 nauczyciele. Problemem s\u0105 nie tylko pensje. &#8222;To jest cyrk&#8221;<\/a><\/p>\n<p>        Ministerstwo obiecywa\u0142o odci\u0105\u017cenie uczni\u00f3w. Jak to wysz\u0142o?<\/p>\n<p class=\"article-p\" data-section=\"detail-body\">Jagodzi\u0144ska w rozmowie z &#8222;Faktem&#8221; wraca do przedwyborczych obietnic polityk\u00f3w. Przypomina zapowiedzi m.in. minister Barbary Nowackiej o odci\u0105\u017ceniu uczni\u00f3w. \u2014 I co zrobiono? Zlikwidowano prace domowe. To zreszt\u0105 zaszkodzi\u0142o dzieciom, bo nie maj\u0105 nawyku, by przegl\u0105da\u0107 podr\u0119czniki, przeczyta\u0107 co\u015b, pouczy\u0107 si\u0119. Ale ustalanie takich grafik\u00f3w na pewno trudno nazwa\u0107 ulg\u0105 \u2014 ocenia.<\/p>\n<p class=\"article-p\" data-section=\"detail-body\">O swoim problemie napisa\u0142a w mediach spo\u0142eczno\u015bciowych, a pod wpisem natychmiast rozp\u0119ta\u0142a si\u0119 dyskusja.<\/p>\n<p class=\"article-p\" data-section=\"detail-body\">&#8222;Poroniony pomys\u0142. Teraz wyobra\u017amy sobie \u015brodek zimy&#8230; Problemy organizacyjne mog\u0105 by\u0107, ale nikt nie ma prawa oczekiwa\u0107, \u017ce dziecko zapami\u0119ta cokolwiek z pierwszych lekcji, kiedy musi si\u0119 przebudzi\u0107 przed sz\u00f3st\u0105. Kto\u015b z\u0142o\u015bliwy m\u00f3g\u0142by powiedzie\u0107, \u017ce to brutalna symulacja tego, jak to jest by\u0107 doros\u0142ym&#8230;&#8221; \u2014 pisze jeden z internaut\u00f3w.<\/p>\n<p class=\"article-p\" data-section=\"detail-body\">Inni zwracaj\u0105 uwag\u0119 na drug\u0105 stron\u0119 medalu:<\/p>\n<p class=\"article-p\" data-section=\"detail-body\">&#8222;7:30 to raczej norma. Ja zaczynam prac\u0119 o 7:15, wi\u0119c ta 7:00 mnie nie szokuje. Plus jest taki, \u017ce wcze\u015bniej sko\u0144czy. Mo\u017cna wyregulowa\u0107 sen i zasypia\u0107 o 21:00\u201421:30&#8221; \u2014 wskazuje inna komentuj\u0105ca.<\/p>\n<p class=\"article-p\" data-section=\"detail-body\"><a href=\"https:\/\/www.fakt.pl\/pieniadze\/pieniadze-na-ucznia-oprocz-300-plus-te-swiadczenia-przysluguja-w-tym-roku\/rhp67g8\" id=\"a1bb112b-6ac8-48a3-8e3b-6b8897ae51e8\" rel=\"nofollow noopener\" target=\"_blank\">300 plus to za ma\u0142o? Sprawd\u017a, sk\u0105d jeszcze wzi\u0105\u0107 pieni\u0105dze na szko\u0142\u0119<\/a><\/p>\n<p class=\"article-p\" data-section=\"detail-body\"><a href=\"https:\/\/www.fakt.pl\/pieniadze\/nauczycielka-liczyla-ze-w-swietlicy-bedzie-krocej-pracowac-taka-jest-prawda\/nsqx9n9\" id=\"508347f4-00ee-45f3-8f62-7342c83368df\" rel=\"nofollow noopener\" target=\"_blank\">Nauczyciele ujawniaj\u0105 prawd\u0119. &#8222;Niekt\u00f3rzy zostawiliby dzieci na noc&#8221;<\/a><\/p>\n<p class=\"article-p\" data-section=\"detail-body\"><a href=\"https:\/\/www.fakt.pl\/pieniadze\/braki-kadrowe-w-polskich-szkolach-pensje-nauczycieli-znacznie-nizsze-niz-w-europie\/8c7mrrm\" id=\"8c00cbf0-5791-4be0-886b-fa2d08f0d901\" rel=\"nofollow noopener\" target=\"_blank\">Pocz\u0105tkuj\u0105cy nauczyciel zarabia 6,7 tys. z\u0142 brutto. W Niemczech zarabia trzy razy tyle.<\/a><\/p>\n","protected":false},"excerpt":{"rendered":"Jak podkre\u015bla, taki uk\u0142ad zaj\u0119\u0107 jest ca\u0142kowicie niedostosowany do potrzeb dzieci wkraczaj\u0105cych w okres dojrzewania. \u2014 Czy cztery&hellip;\n","protected":false},"author":2,"featured_media":661433,"comment_status":"","ping_status":"","sticky":false,"template":"","format":"standard","meta":{"footnotes":"","_share_on_mastodon":"0"},"categories":[5],"tags":[32,33,36,37,27,34,35,28,31,25,42,38,40,39,41,29,30,26],"class_list":["post-661432","post","type-post","status-publish","format-standard","has-post-thumbnail","category-naglowki","tag-breaking-news","tag-breakingnews","tag-featured-news","tag-featurednews","tag-headlines","tag-latest-news","tag-latestnews","tag-naglowki","tag-najwazniejsze-artykuly","tag-news","tag-pl","tag-poland","tag-polish","tag-polska","tag-polski","tag-top-stories","tag-topstories","tag-wiadomosci"],"share_on_mastodon":{"url":"https:\/\/pubeurope.com\/@pl\/117199228235637012","error":""},"_links":{"self":[{"href":"https:\/\/www.europesays.com\/pl\/wp-json\/wp\/v2\/posts\/661432","targetHints":{"allow":["GET"]}}],"collection":[{"href":"https:\/\/www.europesays.com\/pl\/wp-json\/wp\/v2\/posts"}],"about":[{"href":"https:\/\/www.europesays.com\/pl\/wp-json\/wp\/v2\/types\/post"}],"author":[{"embeddable":true,"href":"https:\/\/www.europesays.com\/pl\/wp-json\/wp\/v2\/users\/2"}],"replies":[{"embeddable":true,"href":"https:\/\/www.europesays.com\/pl\/wp-json\/wp\/v2\/comments?post=661432"}],"version-history":[{"count":0,"href":"https:\/\/www.europesays.com\/pl\/wp-json\/wp\/v2\/posts\/661432\/revisions"}],"wp:featuredmedia":[{"embeddable":true,"href":"https:\/\/www.europesays.com\/pl\/wp-json\/wp\/v2\/media\/661433"}],"wp:attachment":[{"href":"https:\/\/www.europesays.com\/pl\/wp-json\/wp\/v2\/media?parent=661432"}],"wp:term":[{"taxonomy":"category","embeddable":true,"href":"https:\/\/www.europesays.com\/pl\/wp-json\/wp\/v2\/categories?post=661432"},{"taxonomy":"post_tag","embeddable":true,"href":"https:\/\/www.europesays.com\/pl\/wp-json\/wp\/v2\/tags?post=661432"}],"curies":[{"name":"wp","href":"https:\/\/api.w.org\/{rel}","templated":true}]}}