{"id":661436,"date":"2026-09-02T03:06:30","date_gmt":"2026-09-02T03:06:30","guid":{"rendered":"https:\/\/www.europesays.com\/pl\/661436\/"},"modified":"2026-09-02T03:06:30","modified_gmt":"2026-09-02T03:06:30","slug":"cba-zbada-sprawe-weta-nawrockiego-do-edziennika-lubnauer-komentuje","status":"publish","type":"post","link":"https:\/\/www.europesays.com\/pl\/661436\/","title":{"rendered":"CBA zbada spraw\u0119 weta Nawrockiego do eDziennika. Lubnauer komentuje"},"content":{"rendered":"<p>Redakcja polecaCBA ma zbada\u0107 spraw\u0119 weta do eDziennika<\/p>\n<p class=\"font-primary mb-8 text-lg leading-[1.55] [&amp;_a]:text-[#23437D] [&amp;_a]:underline [&amp;_a]:font-bold\">Prezydent Karol Nawrocki w pi\u0105tek <a href=\"https:\/\/polskieradio24.pl\/polityka\/nowe-decyzje-nawrockiego-trzy-weta-i-cztery-podpisane-ustawy\" rel=\"nofollow noopener\" target=\"_blank\">zawetowa\u0142 nowelizacj\u0119<br \/>\nustaw Prawo o\u015bwiatowe oraz o systemie informacji o\u015bwiatowej<\/a>. Przepisy mia\u0142y<br \/>\notworzy\u0107 drog\u0119 do pilota\u017cu pa\u0144stwowego eDziennika w szko\u0142ach podstawowych i<br \/>\nponadpodstawowych ju\u017c w roku szkolnym 2026\/2027.\u00a0Bezp\u0142atne narz\u0119dzie, zintegrowane z Systemem Informacji<br \/>\nO\u015bwiatowej (SIO), od kolejnego roku szkolnego, czyli 2027\/2028, mia\u0142o sta\u0107 si\u0119<br \/>\nalternatyw\u0105 dla dost\u0119pnych obecnie na rynku komercyjnych dziennik\u00f3w<br \/>\nelektronicznych.<\/p>\n<p>Redakcja poleca<\/p>\n<p class=\"font-primary mb-8 text-lg leading-[1.55] [&amp;_a]:text-[#23437D] [&amp;_a]:underline [&amp;_a]:font-bold\">Po decyzji prezydenta ministra edukacji Barbara Nowacka<br \/>\nzapowiedzia\u0142a w niedziel\u0119, \u017ce zwr\u00f3ci si\u0119 do s\u0142u\u017cb o sprawdzenie, czy weto do<br \/>\nustawy dotycz\u0105cej eDziennika nie by\u0142o efektem &#8222;dzia\u0142a\u0144 lobbingowych&#8221;. Informacj\u0119<br \/>\nt\u0119 potwierdzi\u0142a <a href=\"https:\/\/jedynka.polskieradio.pl\/publicystyka\/bez-telefonow-od-1-wrzesnia-lubnauer-ponad-polowa-szkol-miala-takie-zakazy\" rel=\"nofollow noopener\" target=\"_blank\">na antenie radiowej Jedynki wiceministra edukacji Katarzyna<br \/>\nLubnauer<\/a>.<\/p>\n<p class=\"text-dark text-center text-lg leading-[1.35] font-semibold italic md:!text-2xl\">Rzeczywi\u015bcie prosimy Centralne Biuro Antykorupcyjne, by zbada\u0142o spraw\u0119. Argumenty, kt\u00f3rych u\u017cy\u0142 prezydent, to nie s\u0105 argumenty, kt\u00f3re wynikaj\u0105 z akt\u00f3w prawnych. Nie wynikaj\u0105 z tego, co jest w uzasadnieniu ani do ustawy, ani w ocenie skutk\u00f3w regulacji. Tylko s\u0105 tymi argumentami, kt\u00f3re podnosi\u0142y stowarzyszenia podmiot\u00f3w prywatnych<\/p>\n<p>Katarzyna Lubnauer<\/p>\n<p class=\"font-primary mb-8 text-lg leading-[1.55] [&amp;_a]:text-[#23437D] [&amp;_a]:underline [&amp;_a]:font-bold\">Uzasadniaj\u0105c swoj\u0105 decyzj\u0119, Nawrocki przekonywa\u0142, \u017ce nie<br \/>\nsprzeciwia si\u0119 samemu pomys\u0142owi pa\u0144stwowego eDziennika, ale oczekuje lepszego<br \/>\nprzygotowania projektu. Lubnauer stwierdzi\u0142a, gdyby ministerstwo mia\u0142o<br \/>\nprzygotowa\u0107 kolejny dokument, najpewniej wygl\u0105da\u0142by on dok\u0142adnie tak samo.<br \/>\nW praktyce oznacza\u0142oby to wi\u0119c powr\u00f3t do punktu wyj\u015bcia i, jak oceni\u0142a<br \/>\nwiceministra, prawdopodobnie kolejne prezydenckie weto.<\/p>\n<p>Redakcja poleca216 mln z\u0142 za eDziennik? Lubnauer t\u0142umaczy, co obejmuje ta kwota<\/p>\n<p class=\"font-primary mb-8 text-lg leading-[1.55] [&amp;_a]:text-[#23437D] [&amp;_a]:underline [&amp;_a]:font-bold\">Odnosz\u0105c si\u0119 do zarzutu dotycz\u0105cego wysokich koszt\u00f3w<br \/>\nprzedsi\u0119wzi\u0119cia, Katarzyna Lubnauer wyja\u015bni\u0142a na antenie radiowej Jedynki, \u017ce wskazywane 216 mln z\u0142 nie<br \/>\njest kosztem samego stworzenia pa\u0144stwowego eDziennika. Kwota obejmuje<br \/>\nzar\u00f3wno jego budow\u0119, jak i utrzymanie przez 10 lat. Oznacza to wydatek<br \/>\nrz\u0119du oko\u0142o 20 mln z\u0142 rocznie w pierwszej dekadzie funkcjonowania systemu.\u00a0Wiceministra zaznaczy\u0142a przy tym, \u017ce z czasem koszty powinny<br \/>\nby\u0107 ni\u017csze, poniewa\u017c po zbudowaniu systemu pozostaj\u0105 ju\u017c przede wszystkim<br \/>\nwydatki zwi\u0105zane z jego utrzymaniem.<\/p>\n<p>Redakcja poleca<\/p>\n<p class=\"font-primary mb-8 text-lg leading-[1.55] [&amp;_a]:text-[#23437D] [&amp;_a]:underline [&amp;_a]:font-bold\">Lubnauer zestawi\u0142a te kwoty z pieni\u0119dzmi, kt\u00f3re obecnie<br \/>\ntrafiaj\u0105 na komercyjne dzienniki elektroniczne. Jak wskaza\u0142a, samorz\u0105dy<br \/>\nwydaj\u0105 na nie oko\u0142o 40 mln z\u0142 rocznie, a rodzice za dodatkowe us\u0142ugi w<br \/>\naplikacjach, zapewniaj\u0105ce ich pe\u0142n\u0105 funkcjonalno\u015b\u0107, mog\u0105 p\u0142aci\u0107 oko\u0142o 100 mln<br \/>\nz\u0142 rocznie. Zastrzeg\u0142a jednak, \u017ce w przypadku wydatk\u00f3w ponoszonych przez<br \/>\nrodzic\u00f3w ministerstwo nie dysponuje dok\u0142adnymi danymi.<\/p>\n<p class=\"text-dark text-center text-lg leading-[1.35] font-semibold italic md:!text-2xl\">Narz\u0119dzie, kt\u00f3re proponowali\u015bmy mia\u0142o mie\u0107 aplikacj\u0119, kt\u00f3ra by\u0142aby ca\u0142kowicie bezp\u0142atna dla rodzic\u00f3w. W tej chwili dane dzieciak\u00f3w s\u0105 na serwerach prywatnych firm, kt\u00f3re komercyjnie \u015bwiadcz\u0105 us\u0142ugi dotycz\u0105ce dziennika elektronicznego. R\u00f3wnocze\u015bnie my mamy dane uczni\u00f3w, bo to wynika z systemu informacji o\u015bwiatowej<\/p>\n<p>Katarzyna LubnauerLubnauer zarzuca Nawrockiemu powtarzanie argument\u00f3w przedsi\u0119biorc\u00f3w<\/p>\n<p class=\"font-primary mb-8 text-lg leading-[1.55] [&amp;_a]:text-[#23437D] [&amp;_a]:underline [&amp;_a]:font-bold\">Wiceministra nie szcz\u0119dzi\u0142a przy tym krytyki pod adresem<br \/>\nKarola Nawrockiego. Zarzuci\u0142a prezydentowi, \u017ce zamiast dok\u0142adnie zapozna\u0107<br \/>\nsi\u0119 z dokumentami, rzeczywistymi kosztami przedsi\u0119wzi\u0119cia oraz informacjami<br \/>\ndotycz\u0105cymi bezpiecze\u0144stwa systemu, w uzasadnieniu weta powt\u00f3rzy\u0142 argumenty<br \/>\npodnoszone przez przedsi\u0119biorc\u00f3w.<\/p>\n<p>Redakcja poleca<\/p>\n<p class=\"font-primary mb-8 text-lg leading-[1.55] [&amp;_a]:text-[#23437D] [&amp;_a]:underline [&amp;_a]:font-bold\">Lubnauer zwr\u00f3ci\u0142a uwag\u0119, \u017ce pa\u0144stwowy eDziennik mia\u0142 by\u0107<br \/>\noparty na mObywatelu, czyli systemie wykorzystywanym na co dzie\u0144 m.in. do<br \/>\nobs\u0142ugi mDowodu, co &#8211; jak podkre\u015bli\u0142a &#8211; mia\u0142o zapewni\u0107 wysoki poziom<br \/>\nbezpiecze\u0144stwa.\u00a0Jej zdaniem argumenty przytoczone przez Nawrockiego s\u0105<br \/>\nzbie\u017cne ze stanowiskiem przedsi\u0119biorc\u00f3w, w kt\u00f3rych interesie jest to, &#8222;by<br \/>\nnie powsta\u0142 publiczny, bezp\u0142atny i bezpieczny dziennik elektroniczny, jaki<br \/>\nchcia\u0142o stworzy\u0107 ministerstwo&#8221;.<\/p>\n<p class=\"text-dark text-center text-lg leading-[1.35] font-semibold italic md:!text-2xl\">Wiem, \u017ce stowarzyszenia, kt\u00f3re s\u0105 zwi\u0105zane z tymi przedsi\u0119biorcami, s\u0105 elementem rad technologii, kt\u00f3re doradzaj\u0105 prezydentowi. Dla mnie jest to do\u015b\u0107 oczywiste, \u017ce to co powinno w pierwszej kolejno\u015bci by\u0107 elementem analiz biura prawnego prezydenta, to dokumenty, w kt\u00f3rych jest ocena skutk\u00f3w regulacji i inne dokumenty pa\u0144stwowe, a nie opinie firm, kt\u00f3re s\u0105 zainteresowane tym, \u017ceby nie powsta\u0142 elektroniczny dziennik pa\u0144stwowy<\/p>\n<p>Katarzyna Lubnauer<\/p>\n<p class=\"font-primary mb-8 text-lg leading-[1.55] [&amp;_a]:text-[#23437D] [&amp;_a]:underline [&amp;_a]:font-bold\">Zastrzeg\u0142a jednocze\u015bnie, \u017ce w\u0105tpliwo\u015bci ministerstwa nie<br \/>\ndotycz\u0105 ewentualnej korupcji, lecz mo\u017cliwych dzia\u0142a\u0144 lobbingowych. &#8211; Jak<br \/>\nrodzice b\u0119d\u0105 w tym roku p\u0142aci\u0107 za te aplikacje, to proponuj\u0119, \u017ceby rachunki<br \/>\nwysy\u0142ali do prezydenta, bo my chcieli\u015bmy, \u017ceby w przysz\u0142ym roku dla ka\u017cdej<br \/>\nszko\u0142y dost\u0119pne by\u0142o takie narz\u0119dzie, kt\u00f3re by\u0142oby bezp\u0142atne dla rodzic\u00f3w &#8211; kontynuowa\u0142a.<\/p>\n<p class=\"font-primary mb-8 text-lg leading-[1.55] [&amp;_a]:text-[#23437D] [&amp;_a]:underline [&amp;_a]:font-bold\">Pytana, czy w tej sytuacji ministerstwo ponownie przedstawi<br \/>\nprezydentowi ten sam projekt, Lubnauer oceni\u0142a, \u017ce Karol Nawrocki, wetuj\u0105c<br \/>\nustaw\u0119 i pos\u0142uguj\u0105c si\u0119 &#8211; jak stwierdzi\u0142a &#8211; argumentami przedsi\u0119biorc\u00f3w, w<br \/>\npraktyce zamkn\u0105\u0142 na razie drog\u0119 do uruchomienia pa\u0144stwowego eDziennika.\u00a0Wiceministra zaznaczy\u0142a, \u017ce resort zapewne w przysz\u0142o\u015bci<br \/>\nwr\u00f3ci do tego pomys\u0142u. Przypomnia\u0142a jednak, \u017ce jeszcze w tym roku szkolnym<br \/>\nmia\u0142 ruszy\u0107 pilota\u017c rozwi\u0105zania obejmuj\u0105cy kilkadziesi\u0105t szk\u00f3\u0142.<\/p>\n<p>Redakcja poleca<\/p>\n","protected":false},"excerpt":{"rendered":"Redakcja polecaCBA ma zbada\u0107 spraw\u0119 weta do eDziennika Prezydent Karol Nawrocki w pi\u0105tek zawetowa\u0142 nowelizacj\u0119 ustaw Prawo o\u015bwiatowe&hellip;\n","protected":false},"author":2,"featured_media":661437,"comment_status":"","ping_status":"","sticky":false,"template":"","format":"standard","meta":{"footnotes":"","_share_on_mastodon":"0"},"categories":[62712],"tags":[690,64373,2462,88176,6158],"class_list":["post-661436","post","type-post","status-publish","format-standard","has-post-thumbnail","category-karol-nawrocki","tag-karol-nawrocki","tag-ministerstwo-edukacji-narodowej","tag-polska-polityka","tag-polskie-radio-24","tag-ustawa"],"share_on_mastodon":{"url":"https:\/\/pubeurope.com\/@pl\/117199240138460736","error":""},"_links":{"self":[{"href":"https:\/\/www.europesays.com\/pl\/wp-json\/wp\/v2\/posts\/661436","targetHints":{"allow":["GET"]}}],"collection":[{"href":"https:\/\/www.europesays.com\/pl\/wp-json\/wp\/v2\/posts"}],"about":[{"href":"https:\/\/www.europesays.com\/pl\/wp-json\/wp\/v2\/types\/post"}],"author":[{"embeddable":true,"href":"https:\/\/www.europesays.com\/pl\/wp-json\/wp\/v2\/users\/2"}],"replies":[{"embeddable":true,"href":"https:\/\/www.europesays.com\/pl\/wp-json\/wp\/v2\/comments?post=661436"}],"version-history":[{"count":0,"href":"https:\/\/www.europesays.com\/pl\/wp-json\/wp\/v2\/posts\/661436\/revisions"}],"wp:featuredmedia":[{"embeddable":true,"href":"https:\/\/www.europesays.com\/pl\/wp-json\/wp\/v2\/media\/661437"}],"wp:attachment":[{"href":"https:\/\/www.europesays.com\/pl\/wp-json\/wp\/v2\/media?parent=661436"}],"wp:term":[{"taxonomy":"category","embeddable":true,"href":"https:\/\/www.europesays.com\/pl\/wp-json\/wp\/v2\/categories?post=661436"},{"taxonomy":"post_tag","embeddable":true,"href":"https:\/\/www.europesays.com\/pl\/wp-json\/wp\/v2\/tags?post=661436"}],"curies":[{"name":"wp","href":"https:\/\/api.w.org\/{rel}","templated":true}]}}