{"id":661480,"date":"2026-09-02T03:40:13","date_gmt":"2026-09-02T03:40:13","guid":{"rendered":"https:\/\/www.europesays.com\/pl\/661480\/"},"modified":"2026-09-02T03:40:13","modified_gmt":"2026-09-02T03:40:13","slug":"radoslaw-piesiewicz-w-areszcie-prawnik-wyjasnia-co-moze-zrobic-obrona","status":"publish","type":"post","link":"https:\/\/www.europesays.com\/pl\/661480\/","title":{"rendered":"Rados\u0142aw Piesiewicz w areszcie. Prawnik wyja\u015bnia, co mo\u017ce zrobi\u0107 obrona"},"content":{"rendered":"<p class=\"article-p\" data-section=\"detail-body\">W poniedzia\u0142ek (31 sierpnia) obro\u0144ca szefa PKOl przekaza\u0142, \u017ce S\u0105d Rejonowy Katowice-Wsch\u00f3d, kt\u00f3ry zdecydowa\u0142 o aresztowaniu Rados\u0142awa Piesiewicza, odroczy\u0142 sporz\u0105dzenie uzasadnienia swej decyzji o siedem dni. \u2014 Od strony technicznej jeste\u015bmy w tej chwili nieco zablokowani \u2014 powiedzia\u0142 mec. J\u0119drzej Kupczy\u0144ski.<\/p>\n<p class=\"article-p\" data-section=\"detail-body\"><a href=\"https:\/\/www.fakt.pl\/polityka\/afera-zondacrypto-moskal-i-kral-spotkali-sie-na-ibizie-bartus-komentuje\/67y3l3x\" id=\"7dd9b85d-2ac3-4459-b60d-f33e602c68eb\" rel=\"nofollow noopener\" target=\"_blank\">Pos\u0142anka PiS spekuluje na temat wsp\u00f3\u0142pracy Krala. &#8222;Nikt wtedy nie wiedzia\u0142&#8221;<\/a><\/p>\n<p>        Dalszy ci\u0105g artyku\u0142u pod materia\u0142em wideo <\/p>\n<p class=\"article-p\" data-section=\"detail-body\">&#8222;Fakt&#8221; zapyta\u0142 mec. Arkadiusza Szyma\u0144skiego o to, czy rzeczywi\u015bcie obrona Rados\u0142awa Piesiewicza musi teraz czeka\u0107. \u2014 Termin na za\u017calenie biegnie ju\u017c od momentu, w kt\u00f3rym na posiedzeniu og\u0142oszono podejrzanemu postanowienie o zastosowaniu tymczasowego aresztowania. W tym siedmiodniowym terminie mo\u017cna z\u0142o\u017cy\u0107 za\u017calenie \u2014 m\u00f3wi nam adwokat.<\/p>\n<p class=\"article-p\" data-section=\"detail-body\">\u2014 Sam fakt niesporz\u0105dzenia uzasadnienia przez s\u0105d z perspektywy obrony utrudnia prac\u0119, bo obro\u0144ca faktycznie nie wie, jakie s\u0105 motywy s\u0105du. Natomiast w sentencji postanowienia o zastosowaniu tymczasowego aresztowania s\u0105d wskazuje konkretne przepisy, na podstawie kt\u00f3rych t\u0119 decyzj\u0119 wydaje. Co wi\u0119cej, s\u0105d, og\u0142aszaj\u0105c postanowienie, m\u00f3g\u0142 jakie\u015b motywy zdradzi\u0107. Ju\u017c na tej podstawie obrona mo\u017ce wyci\u0105gn\u0105\u0107 wnioski i z\u0142o\u017cy\u0107 za\u017calenie, a gdy dostanie uzasadnienie postanowienia, uzupe\u0142ni je \u2014 podkre\u015bla.<\/p>\n<p>        Sprawa Piesiewicza. To teraz mo\u017ce zrobi\u0107 obrona<\/p>\n<p class=\"article-p\" data-section=\"detail-body\">Zast\u0119pca rzecznika dyscyplinarnego Izby Adwokackiej w Warszawie zwraca uwag\u0119 na fakt, \u017ce za\u017calenie na postanowienie o \u015brodku zapobiegawczym s\u0105d rozpoznaje niezw\u0142ocznie. \u2014 Przy za\u017caleniu na postanowienie o tymczasowym aresztowaniu nast\u0119puje to nie p\u00f3\u017aniej ni\u017c w terminie siedmiu dni od przekazania s\u0105dowi za\u017calenia wraz z niezb\u0119dnymi aktami. Z praktyki wynika, \u017ce zazwyczaj jest to okres od miesi\u0105ca do p\u00f3\u0142tora miesi\u0105ca od zastosowania \u015brodka zapobiegawczego \u2014 wyja\u015bnia mec. Arkadiusz Szyma\u0144ski.<\/p>\n<p class=\"article-p\" data-section=\"detail-body\">\u2014 Czyli obrona mo\u017ce teraz z\u0142o\u017cy\u0107 za\u017calenie, ale tak\u017ce wnioskowa\u0107 do prokuratora o zmian\u0119 \u015brodk\u00f3w zapobiegawczych. Prokurator mo\u017ce je zmieni\u0107 na ka\u017cdym etapie. Mo\u017ce wyda\u0107 postanowienie o zastosowaniu \u015brodk\u00f3w wolno\u015bciowych. Ale w\u0105tpi\u0119, \u017ceby prokurator na to przysta\u0142, skoro skierowa\u0142 wniosek o zastosowanie tymczasowego aresztowania i otrzyma\u0142 postanowienie, kt\u00f3re ten wniosek uwzgl\u0119dni\u0142o \u2014 dodaje prawnik.<\/p>\n<p class=\"article-p\" data-section=\"detail-body\"><a href=\"https:\/\/www.fakt.pl\/polityka\/radoslaw-piesiewicz-zatrzymany-sad-w-katowicach-przekazal-nowe-informacje\/35xwyq8\" id=\"7a0b63be-899f-4eb0-8e95-d285526f3056\" rel=\"nofollow noopener\" target=\"_blank\">Sprawa Piesiewicza. Mamy nowe informacje. S\u0105d poda\u0142 termin<\/a><\/p>\n<p class=\"article-p\" data-section=\"detail-body\"><a href=\"https:\/\/www.fakt.pl\/polityka\/bydgoszcz-dyrektor-muzeum-z-zarzutem-mon-zlozyl-rezygnacje\/64t87v1\" id=\"42a6602e-26b4-48b9-acb7-46b45ec41842\" rel=\"nofollow noopener\" target=\"_blank\">Skandal z dyrektorem muzeum, kt\u00f3re podlega MON. Us\u0142ysza\u0142 powa\u017cny zarzut<\/a><\/p>\n<p class=\"article-p\" data-section=\"detail-body\"><a href=\"https:\/\/www.fakt.pl\/polityka\/donald-tusk-mowil-o-oddaniu-wladzy-leszek-miller-komentuje\/rjff0y3\" id=\"42e8b370-3193-46e5-bad5-dbc905f06f76\" rel=\"nofollow noopener\" target=\"_blank\">Miller w ostrych s\u0142owach o Tusku. &#8222;Trzeba wiedzie\u0107, kiedy ze sceny zej\u015b\u0107&#8221;<\/a><\/p>\n","protected":false},"excerpt":{"rendered":"W poniedzia\u0142ek (31 sierpnia) obro\u0144ca szefa PKOl przekaza\u0142, \u017ce S\u0105d Rejonowy Katowice-Wsch\u00f3d, kt\u00f3ry zdecydowa\u0142 o aresztowaniu Rados\u0142awa Piesiewicza,&hellip;\n","protected":false},"author":2,"featured_media":661481,"comment_status":"","ping_status":"","sticky":false,"template":"","format":"standard","meta":{"footnotes":"","_share_on_mastodon":"0"},"categories":[5],"tags":[32,33,36,37,27,34,35,28,31,25,42,38,40,39,41,29,30,26],"class_list":["post-661480","post","type-post","status-publish","format-standard","has-post-thumbnail","category-naglowki","tag-breaking-news","tag-breakingnews","tag-featured-news","tag-featurednews","tag-headlines","tag-latest-news","tag-latestnews","tag-naglowki","tag-najwazniejsze-artykuly","tag-news","tag-pl","tag-poland","tag-polish","tag-polska","tag-polski","tag-top-stories","tag-topstories","tag-wiadomosci"],"share_on_mastodon":{"url":"https:\/\/pubeurope.com\/@pl\/117199373945863374","error":""},"_links":{"self":[{"href":"https:\/\/www.europesays.com\/pl\/wp-json\/wp\/v2\/posts\/661480","targetHints":{"allow":["GET"]}}],"collection":[{"href":"https:\/\/www.europesays.com\/pl\/wp-json\/wp\/v2\/posts"}],"about":[{"href":"https:\/\/www.europesays.com\/pl\/wp-json\/wp\/v2\/types\/post"}],"author":[{"embeddable":true,"href":"https:\/\/www.europesays.com\/pl\/wp-json\/wp\/v2\/users\/2"}],"replies":[{"embeddable":true,"href":"https:\/\/www.europesays.com\/pl\/wp-json\/wp\/v2\/comments?post=661480"}],"version-history":[{"count":0,"href":"https:\/\/www.europesays.com\/pl\/wp-json\/wp\/v2\/posts\/661480\/revisions"}],"wp:featuredmedia":[{"embeddable":true,"href":"https:\/\/www.europesays.com\/pl\/wp-json\/wp\/v2\/media\/661481"}],"wp:attachment":[{"href":"https:\/\/www.europesays.com\/pl\/wp-json\/wp\/v2\/media?parent=661480"}],"wp:term":[{"taxonomy":"category","embeddable":true,"href":"https:\/\/www.europesays.com\/pl\/wp-json\/wp\/v2\/categories?post=661480"},{"taxonomy":"post_tag","embeddable":true,"href":"https:\/\/www.europesays.com\/pl\/wp-json\/wp\/v2\/tags?post=661480"}],"curies":[{"name":"wp","href":"https:\/\/api.w.org\/{rel}","templated":true}]}}