{"id":661518,"date":"2026-09-02T04:05:23","date_gmt":"2026-09-02T04:05:23","guid":{"rendered":"https:\/\/www.europesays.com\/pl\/661518\/"},"modified":"2026-09-02T04:05:23","modified_gmt":"2026-09-02T04:05:23","slug":"rtv-euro-agd-jak-lysy-grzywka-o-kant-stolu-kuriozalna-wystawa-w-sklepie","status":"publish","type":"post","link":"https:\/\/www.europesays.com\/pl\/661518\/","title":{"rendered":"RTV Euro AGD jak \u0142ysy grzywk\u0105 o kant sto\u0142u. Kuriozalna wystawa w sklepie"},"content":{"rendered":"<p>O niecodziennej sytuacji poinformowa\u0142 u\u017cytkownik @jimm3k na platformie X (dawny Twitter). Na dow\u00f3d opublikowa\u0142 wideo, na kt\u00f3rym wida\u0107, \u017ce na ekranach w sklepie wy\u015bwietlana jest reklama gry GTA 6.<\/p>\n<p>Problem w tym, \u017ce wygl\u0105da ona na fa\u0142szyw\u0105. Niemal na pewno nie s\u0105 to oficjalne materia\u0142y z gry. Nie pasuje ani styl graficzny, ani wygl\u0105d postaci. Materia\u0142 prezentuje si\u0119, jakby zosta\u0142 wygenerowany przez sztuczn\u0105 inteligencj\u0119.<\/p>\n<p>To oznacza, \u017ce sklep Euro RTV AGD mo\u017ce wy\u015bwietla\u0107 reklamy, kt\u00f3re nie prezentuj\u0105 rzeczywistego wygl\u0105du gry. Wys\u0142ali\u015bmy w tej sprawie pytania do sieci. Jak tylko otrzymamy odpowiedzi, to zaktualizujemy tekst.<\/p>\n","protected":false},"excerpt":{"rendered":"O niecodziennej sytuacji poinformowa\u0142 u\u017cytkownik @jimm3k na platformie X (dawny Twitter). Na dow\u00f3d opublikowa\u0142 wideo, na kt\u00f3rym wida\u0107,&hellip;\n","protected":false},"author":2,"featured_media":661519,"comment_status":"","ping_status":"","sticky":false,"template":"","format":"standard","meta":{"footnotes":"","_share_on_mastodon":"0"},"categories":[20],"tags":[128628,2074,20932,128629,128630,120,118,119,42,38,40,39,41,20854,116,114,115,121,117],"class_list":["post-661518","post","type-post","status-publish","format-standard","has-post-thumbnail","category-nauka-i-technika","tag-euro-rtv-agd","tag-gry","tag-gta-6","tag-gta-6-przedsprzedaz","tag-gta-6-reklama","tag-nauka","tag-nauka-i-technika","tag-naukatechnika","tag-pl","tag-poland","tag-polish","tag-polska","tag-polski","tag-rtv-euro-agd","tag-science","tag-science-and-technology","tag-sciencetechnology","tag-technika","tag-technology"],"share_on_mastodon":{"url":"https:\/\/pubeurope.com\/@pl\/117199472287609864","error":""},"_links":{"self":[{"href":"https:\/\/www.europesays.com\/pl\/wp-json\/wp\/v2\/posts\/661518","targetHints":{"allow":["GET"]}}],"collection":[{"href":"https:\/\/www.europesays.com\/pl\/wp-json\/wp\/v2\/posts"}],"about":[{"href":"https:\/\/www.europesays.com\/pl\/wp-json\/wp\/v2\/types\/post"}],"author":[{"embeddable":true,"href":"https:\/\/www.europesays.com\/pl\/wp-json\/wp\/v2\/users\/2"}],"replies":[{"embeddable":true,"href":"https:\/\/www.europesays.com\/pl\/wp-json\/wp\/v2\/comments?post=661518"}],"version-history":[{"count":0,"href":"https:\/\/www.europesays.com\/pl\/wp-json\/wp\/v2\/posts\/661518\/revisions"}],"wp:featuredmedia":[{"embeddable":true,"href":"https:\/\/www.europesays.com\/pl\/wp-json\/wp\/v2\/media\/661519"}],"wp:attachment":[{"href":"https:\/\/www.europesays.com\/pl\/wp-json\/wp\/v2\/media?parent=661518"}],"wp:term":[{"taxonomy":"category","embeddable":true,"href":"https:\/\/www.europesays.com\/pl\/wp-json\/wp\/v2\/categories?post=661518"},{"taxonomy":"post_tag","embeddable":true,"href":"https:\/\/www.europesays.com\/pl\/wp-json\/wp\/v2\/tags?post=661518"}],"curies":[{"name":"wp","href":"https:\/\/api.w.org\/{rel}","templated":true}]}}