{"id":661536,"date":"2026-09-02T04:20:13","date_gmt":"2026-09-02T04:20:13","guid":{"rendered":"https:\/\/www.europesays.com\/pl\/661536\/"},"modified":"2026-09-02T04:20:13","modified_gmt":"2026-09-02T04:20:13","slug":"jakie-sa-najnowsze-dane-dotyczace-powietrza-w-bialymstoku-zobacz-odczyty-z-2-09-2026","status":"publish","type":"post","link":"https:\/\/www.europesays.com\/pl\/661536\/","title":{"rendered":"Jakie s\u0105 najnowsze dane dotycz\u0105ce powietrza w Bia\u0142ymstoku? Zobacz odczyty z 2.09.2026"},"content":{"rendered":"<p><img decoding=\"async\" loading=\"eager\" fetchpriority=\"high\" class=\"atomsArticleGalleryImage__mainImg\" src=\"https:\/\/www.europesays.com\/pl\/wp-content\/uploads\/2026\/09\/il20251203_951545501_medium.jpg\" alt=\"Przekonaj si&#x119;, czy jako&#x15B;&#x107; powietrza w Bia&#x142;ymstoku jest dobra\" width=\"1600\" height=\"1022\"\/><\/p>\n<p>\n        Przekonaj si\u0119, czy jako\u015b\u0107 powietrza w Bia\u0142ymstoku jest dobra<\/p>\n<p>          fot. Janusz W\u00f3jtowicz\n        <\/p>\n<p>Smog Bia\u0142ystok: 2.09.2026. Aktualny stan zanieczyszczenia powietrza PM10 i PM2.5. Sprawd\u017a, czy przebywanie na zewn\u0105trz w \u015brod\u0119 jest zdrowe. Zobacz, jak w ostatnich dniach zmienia\u0142 si\u0119 stan powietrza w Bia\u0142ymstoku. Pami\u0119taj, \u017ce zbyt d\u0142ugie wdychanie zanieczyszczonego powietrza mo\u017ce powodowa\u0107 zawroty g\u0142owy.<\/p>\n","protected":false},"excerpt":{"rendered":"Przekonaj si\u0119, czy jako\u015b\u0107 powietrza w Bia\u0142ymstoku jest dobra fot. Janusz W\u00f3jtowicz Smog Bia\u0142ystok: 2.09.2026. Aktualny stan zanieczyszczenia&hellip;\n","protected":false},"author":2,"featured_media":661537,"comment_status":"","ping_status":"","sticky":false,"template":"","format":"standard","meta":{"footnotes":"","_share_on_mastodon":"0"},"categories":[51614],"tags":[2151,42,78,38,40,39,41,101834,43824],"class_list":["post-661536","post","type-post","status-publish","format-standard","has-post-thumbnail","category-bialystok","tag-bialystok","tag-pl","tag-pogoda","tag-poland","tag-polish","tag-polska","tag-polski","tag-smog-bialystok","tag-zanieczyszczenie-powietrza"],"share_on_mastodon":{"url":"https:\/\/pubeurope.com\/@pl\/117199531983654007","error":""},"_links":{"self":[{"href":"https:\/\/www.europesays.com\/pl\/wp-json\/wp\/v2\/posts\/661536","targetHints":{"allow":["GET"]}}],"collection":[{"href":"https:\/\/www.europesays.com\/pl\/wp-json\/wp\/v2\/posts"}],"about":[{"href":"https:\/\/www.europesays.com\/pl\/wp-json\/wp\/v2\/types\/post"}],"author":[{"embeddable":true,"href":"https:\/\/www.europesays.com\/pl\/wp-json\/wp\/v2\/users\/2"}],"replies":[{"embeddable":true,"href":"https:\/\/www.europesays.com\/pl\/wp-json\/wp\/v2\/comments?post=661536"}],"version-history":[{"count":0,"href":"https:\/\/www.europesays.com\/pl\/wp-json\/wp\/v2\/posts\/661536\/revisions"}],"wp:featuredmedia":[{"embeddable":true,"href":"https:\/\/www.europesays.com\/pl\/wp-json\/wp\/v2\/media\/661537"}],"wp:attachment":[{"href":"https:\/\/www.europesays.com\/pl\/wp-json\/wp\/v2\/media?parent=661536"}],"wp:term":[{"taxonomy":"category","embeddable":true,"href":"https:\/\/www.europesays.com\/pl\/wp-json\/wp\/v2\/categories?post=661536"},{"taxonomy":"post_tag","embeddable":true,"href":"https:\/\/www.europesays.com\/pl\/wp-json\/wp\/v2\/tags?post=661536"}],"curies":[{"name":"wp","href":"https:\/\/api.w.org\/{rel}","templated":true}]}}